{"id":503704,"date":"2025-11-01T04:00:19","date_gmt":"2025-11-01T04:00:19","guid":{"rendered":"https:\/\/www.europesays.com\/fr\/503704\/"},"modified":"2025-11-01T04:00:19","modified_gmt":"2025-11-01T04:00:19","slug":"voici-ce-quil-sera-interdit-de-faire-pendant-la-soiree-la-plus-effrayante-de-lannee","status":"publish","type":"post","link":"https:\/\/www.europesays.com\/fr\/503704\/","title":{"rendered":"voici ce qu&rsquo;il sera interdit de faire pendant la soir\u00e9e la plus effrayante de l&rsquo;ann\u00e9e"},"content":{"rendered":"<p>            Par<br \/>\n        <strong><br \/>\n            <a href=\"https:\/\/actu.fr\/auteur\/hugo-hancewicz\" title=\"Consulter tous les articles de Hugo Hancewicz\" target=\"_blank\" rel=\"noopener\">Hugo Hancewicz<\/a><br \/>\n        <\/strong><\/p>\n<p>        Publi\u00e9 le<\/p>\n<p>            31 oct. 2025 \u00e0 16h30        <\/p>\n<p>\u00c0 <a href=\"https:\/\/actu.fr\/toulouse\/\" target=\"_blank\" rel=\"noopener\">Toulouse<\/a>, les citrouilles s\u2019allument et les d\u00e9guisements se pr\u00e9parent, mais la f\u00eate d\u2019<a href=\"https:\/\/actu.fr\/tag\/halloween\" target=\"_blank\" rel=\"noopener\">Halloween<\/a>, ce<strong> vendredi 31\u00a0octobre 2025<\/strong>, ne se fera pas sans vigilance. Cette ann\u00e9e encore, la pr\u00e9fecture de <a href=\"https:\/\/actu.fr\/occitanie\/haute-garonne_31\" target=\"_blank\" rel=\"noopener\">Haute-Garonne<\/a> redoute quelques d\u00e9bordements et a d\u00e9cid\u00e9 de sortir l\u2019artillerie r\u00e9glementaire pour \u00e9viter que la nuit la plus effrayante de l\u2019ann\u00e9e ne tourne \u00e0 la panique. Le pr\u00e9fet a sign\u00e9 un arr\u00eat\u00e9 <strong>renfor\u00e7ant<\/strong> les mesures de s\u00e9curit\u00e9. Voici ce qui sera interdit durant cette soir\u00e9e de f\u00eate.<\/p>\n<p>Plusieurs interdictions en vigueur<\/p>\n<p class=\" wall-content\">Concr\u00e8tement, de vendredi\u00a08 heures \u00e0 samedi\u00a020 heures, plusieurs <strong>interdictions<\/strong> s\u2019appliqueront sur tout le territoire haut-garonnais. Il sera notamment prohib\u00e9 de porter ou de transporter, sans motif l\u00e9gitime, <strong>toute arme<\/strong>, munitions ou objet pouvant servir \u00e0 blesser.<\/p>\n<p class=\" wall-content\">L\u2019utilisation, la vente ou le transport de produits <strong>dangereux<\/strong>, inflammables, explosifs ou d\u2019artifices, qu\u2019il s\u2019agisse de feux d\u2019artifice, fumig\u00e8nes ou p\u00e9tards, seront \u00e9galement bannis, sauf usage professionnel d\u00fbment justifi\u00e9.<\/p>\n<p class=\" wall-content\">M\u00eame prudence du c\u00f4t\u00e9 des <strong>carburants<\/strong>. Il sera impossible d\u2019en acheter ou d\u2019en transporter dans des bidons, jerricans ou tout autre r\u00e9cipient, hormis pour alimenter un appareil de chauffage individuel.<\/p>\n<p>Vid\u00e9os : en ce moment sur Actu\u00c9viter les d\u00e9bordements<\/p>\n<p class=\" wall-content\">Ces restrictions ne concerneront toutefois pas les <strong>spectacles<\/strong> <strong>pyrotechniques<\/strong> d\u00e9clar\u00e9s dans les d\u00e9lais r\u00e9glementaires et tir\u00e9s par des artificiers certifi\u00e9s.<\/p>\n<p class=\" wall-content\">Des contr\u00f4les al\u00e9atoires seront men\u00e9s tout au long de cette p\u00e9riode par la police et la gendarmerie. Pour les autorit\u00e9s, l\u2019objectif est de permettre \u00e0 tous de <strong>profiter<\/strong> de la f\u00eate dans une ambiance sereine, sans que la peur ne quitte le registre du d\u00e9guisement.<\/p>\n<p>Votre r\u00e9gion, votre actu !<\/p>\n<p>Recevez chaque jour les infos qui comptent pour vous.<\/p>\n<p>\t<a href=\"https:\/\/actu.fr\/newsletter\" class=\"ac-btn ac-btn--corner ac-btn--medium ac-btn--blue800\" target=\"_blank\" rel=\"noopener\">S&rsquo;incrire<\/a><\/p>\n<p class=\" wall-content\">Ces derni\u00e8res ann\u00e9es, les festivit\u00e9s d\u2019Halloween ont parfois <strong>d\u00e9g\u00e9n\u00e9r\u00e9<\/strong> dans le d\u00e9partement avec des tirs de mortier sur les forces de l\u2019ordre, des feux de poubelles ou encore des v\u00e9hicules incendi\u00e9s.<\/p>\n<p class=\" wall-content\">Personnalisez votre actualit\u00e9 en ajoutant vos villes et m\u00e9dias en favori avec <a href=\"https:\/\/moncompte.actu.fr\" title=\"D\u00e9couvez Mon Actu\" rel=\"nofollow noopener\" data-trk=\"{&quot;cta&quot;:{&quot;action&quot;:&quot;https:\\\/\\\/moncompte.actu.fr&quot;,&quot;category&quot;:&quot;mon compte&quot;,&quot;from&quot;:&quot;article footer&quot;,&quot;name&quot;:&quot;Mon actu&quot;,&quot;type&quot;:&quot;cta&quot;}}\" target=\"_blank\">Mon Actu<\/a>.<\/p>\n","protected":false},"excerpt":{"rendered":"Par Hugo Hancewicz Publi\u00e9 le 31 oct. 2025 \u00e0 16h30 \u00c0 Toulouse, les citrouilles s\u2019allument et les d\u00e9guisements&hellip;\n","protected":false},"author":2,"featured_media":503705,"comment_status":"","ping_status":"","sticky":false,"template":"","format":"standard","meta":{"footnotes":""},"categories":[2816],"tags":[1111,11,1777,674,1011,27,20815,12,2680,1072,25,104,2312],"class_list":{"0":"post-503704","1":"post","2":"type-post","3":"status-publish","4":"format-standard","5":"has-post-thumbnail","7":"category-toulouse","8":"tag-actu","9":"tag-actualites","10":"tag-eu","11":"tag-europe","12":"tag-fr","13":"tag-france","14":"tag-halloween","15":"tag-news","16":"tag-occitanie","17":"tag-police","18":"tag-republique-francaise","19":"tag-societe","20":"tag-toulouse"},"share_on_mastodon":{"url":"https:\/\/pubeurope.com\/@fr\/115472447886208633","error":""},"_links":{"self":[{"href":"https:\/\/www.europesays.com\/fr\/wp-json\/wp\/v2\/posts\/503704","targetHints":{"allow":["GET"]}}],"collection":[{"href":"https:\/\/www.europesays.com\/fr\/wp-json\/wp\/v2\/posts"}],"about":[{"href":"https:\/\/www.europesays.com\/fr\/wp-json\/wp\/v2\/types\/post"}],"author":[{"embeddable":true,"href":"https:\/\/www.europesays.com\/fr\/wp-json\/wp\/v2\/users\/2"}],"replies":[{"embeddable":true,"href":"https:\/\/www.europesays.com\/fr\/wp-json\/wp\/v2\/comments?post=503704"}],"version-history":[{"count":0,"href":"https:\/\/www.europesays.com\/fr\/wp-json\/wp\/v2\/posts\/503704\/revisions"}],"wp:featuredmedia":[{"embeddable":true,"href":"https:\/\/www.europesays.com\/fr\/wp-json\/wp\/v2\/media\/503705"}],"wp:attachment":[{"href":"https:\/\/www.europesays.com\/fr\/wp-json\/wp\/v2\/media?parent=503704"}],"wp:term":[{"taxonomy":"category","embeddable":true,"href":"https:\/\/www.europesays.com\/fr\/wp-json\/wp\/v2\/categories?post=503704"},{"taxonomy":"post_tag","embeddable":true,"href":"https:\/\/www.europesays.com\/fr\/wp-json\/wp\/v2\/tags?post=503704"}],"curies":[{"name":"wp","href":"https:\/\/api.w.org\/{rel}","templated":true}]}}