{"id":503714,"date":"2025-11-01T04:06:11","date_gmt":"2025-11-01T04:06:11","guid":{"rendered":"https:\/\/www.europesays.com\/fr\/503714\/"},"modified":"2025-11-01T04:06:11","modified_gmt":"2025-11-01T04:06:11","slug":"ces-communes-pres-de-lyon-ou-les-pneus-hiver-ou-les-chaines-sont-desormais-obligatoires","status":"publish","type":"post","link":"https:\/\/www.europesays.com\/fr\/503714\/","title":{"rendered":"ces communes pr\u00e8s de Lyon o\u00f9 les pneus hiver ou les cha\u00eenes sont d\u00e9sormais obligatoires"},"content":{"rendered":"<p itemprop=\"description\"><strong>\u00c0 compter de ce samedi 1er novembre et jusqu\u2019au 31 mars 2026, l\u2019\u00e9quipement hivernal devient obligatoire dans 96 communes du d\u00e9partement du Rh\u00f4ne, conform\u00e9ment \u00e0 la Loi Montagne II.<\/strong><\/p>\n<p>Les conducteurs doivent soit monter des pneus hiver (ou 4 saisons homologu\u00e9s 3PMSF), soit d\u00e9tenir dans leur v\u00e9hicule des cha\u00eenes \u00e0 neige ou chaussettes textiles \u00e0 installer sur au moins deux roues motrices.<\/p>\n<p>Cette r\u00e9glementation concerne \u00ab\u00a0tous les v\u00e9hicules \u00e0 quatre roues et plus\u00a0\u00bb (v\u00e9hicules l\u00e9gers, utilitaires, camping-cars, autocars, bus et poids lourds), dans les zones montagneuses ou \u00e0 risque. \u00a0<\/p>\n<p>Dans le Rh\u00f4ne, la mesure s\u2019applique aux communes situ\u00e9es en partie dans le massif, d\u00e8s qu\u2019un panneau sp\u00e9cifique \u00ab\u00a0Entr\u00e9e d\u2019une zone d\u2019obligation d\u2019\u00e9quipements en p\u00e9riode hivernale\u00a0\u00bb est positionn\u00e9. Le non-respect de cette obligation peut exposer l\u2019automobiliste \u00e0 une contravention de 135 euros, voire \u00e0 une immobilisation du v\u00e9hicule en cas de danger av\u00e9r\u00e9. \u00a0<\/p>\n<p>Les automobilistes sont donc invit\u00e9s \u00e0 v\u00e9rifier d\u00e8s maintenant l\u2019\u00e9quipement de leurs v\u00e9hicules avant d\u2019emprunter les routes concern\u00e9es. Cette d\u00e9marche entend am\u00e9liorer la s\u00e9curit\u00e9 des usagers dans les p\u00e9riodes hivernales, particuli\u00e8rement dans les secteurs de plaine comme de montagne.<\/p>\n<p><strong>La liste des communes du Rh\u00f4ne concern\u00e9es d\u00e8s ce 1er novembre :<\/strong><\/p>\n<p>Affoux<br \/>Aigueperse<br \/>Amplepuis<br \/>Ancy<br \/>Aveize<br \/>Azolette<br \/>Beaujeu<br \/>Bessenay<br \/>Bibost<br \/>Brullioles<br \/>Brussieu<br \/>Cenves<br \/>Chabaniere<br \/>Chambost-Allieres<br \/>Chambost-Longessaigne<br \/>Chamelet<br \/>Chaussan<br \/>Chenelette<br \/>Chevinay<br \/>Chiroubles<br \/>Claveisolles<br \/>Coise<br \/>Cours<br \/>Courzieu<br \/>Cublize<br \/>Deux-Grosnes<br \/>Dieme<br \/>Duerne<br \/>Grandris<br \/>Grezieu-Le-Marche<br \/>Haute-Rivoire<br \/>Joux<br \/>Jullie<br \/>La Chapelle-Sur-Coise<br \/>Lamure-Sur-Azergues<br \/>Larajasse<br \/>Les Ardillats<br \/>Les Halles<br \/>Les Sauvages<br \/>Letra<br \/>Longes<br \/>Longessaigne<br \/>Marchampt<br \/>Meaux-La-Montagne<br \/>Meys<br \/>Montromant<br \/>Montrottier<br \/>Pollionnay<br \/>Pomeys<br \/>Poule-Les-Echarmeaux<br \/>Propieres<br \/>Ranchal<br \/>Riverie<br \/>Rivolet<br \/>Ronno<br \/>Rontalon<br \/>Saint-Andre-La-Cote<br \/>Saint-Appolinaire<br \/>Saint-Bonnet-Des-Bruyeres<br \/>Saint-Bonnet-Le-Troncy<br \/>Saint-Clement-De-Vers<br \/>Saint-Clement-Les-Places<br \/>Saint-Clement-Sur-Valsonne<br \/>Saint-Cyr-Le-Chatoux<br \/>Saint-Didier-Sur-Beaujeu<br \/>Sainte-Catherine<br \/>Sainte-Foy-L&rsquo;Argentiere<br \/>Sainte-Paule<br \/>Saint-Forgeux<br \/>Saint-Genis-L&rsquo;Argentiere<br \/>Saint-Igny-De-Vers<br \/>Saint-Jean-La-Bussiere<br \/>Saint-Julien-Sur-Bibost<br \/>Saint-Just-D&rsquo;Avray<br \/>Saint-Laurent-De-Chamousset<br \/>Saint-Marcel-L&rsquo;Eclaire<br \/>Saint-Martin-En-Haut<br \/>Saint-Nizier-D&rsquo;Azergues<br \/>Saint-Pierre-La-Palud<br \/>Saint-Romain-De-Popey<br \/>Saint-Symphorien-Sur-Coise<br \/>Saint-Vincent-De-Reins<br \/>Savigny<br \/>Sourcieux-Les-Mines<br \/>Souzy<br \/>Tarare<br \/>Thizy-Les-Bourgs<br \/>Thurins<br \/>Valsonne<br \/>Vaugneray<br \/>Vauxrenard<br \/>Vernay<br \/>Villecheneve<br \/>Villie-Morgon<br \/>Vindry-Sur-Turdine<br \/>Yzeron<\/p>\n","protected":false},"excerpt":{"rendered":"\u00c0 compter de ce samedi 1er novembre et jusqu\u2019au 31 mars 2026, l\u2019\u00e9quipement hivernal devient obligatoire dans 96&hellip;\n","protected":false},"author":2,"featured_media":503715,"comment_status":"","ping_status":"","sticky":false,"template":"","format":"standard","meta":{"footnotes":""},"categories":[1889],"tags":[1111,11,2813,2190,2430,1109,251,1112,2811,1777,674,118,1011,27,1922,1110,1114,2428,2810,12,241,316,25,2812,517,800],"class_list":{"0":"post-503714","1":"post","2":"type-post","3":"status-publish","4":"format-standard","5":"has-post-thumbnail","7":"category-lyon","8":"tag-actu","9":"tag-actualites","10":"tag-article","11":"tag-asvel","12":"tag-auvergne-rhone-alpes","13":"tag-breves","14":"tag-culture","15":"tag-depeches","16":"tag-economique","17":"tag-eu","18":"tag-europe","19":"tag-faits-divers","20":"tag-fr","21":"tag-france","22":"tag-info","23":"tag-informations","24":"tag-infos","25":"tag-lyon","26":"tag-lyonmag","27":"tag-news","28":"tag-ol","29":"tag-politique","30":"tag-republique-francaise","31":"tag-sociale","32":"tag-sport","33":"tag-transports"},"share_on_mastodon":{"url":"https:\/\/pubeurope.com\/@fr\/115472471348868214","error":""},"_links":{"self":[{"href":"https:\/\/www.europesays.com\/fr\/wp-json\/wp\/v2\/posts\/503714","targetHints":{"allow":["GET"]}}],"collection":[{"href":"https:\/\/www.europesays.com\/fr\/wp-json\/wp\/v2\/posts"}],"about":[{"href":"https:\/\/www.europesays.com\/fr\/wp-json\/wp\/v2\/types\/post"}],"author":[{"embeddable":true,"href":"https:\/\/www.europesays.com\/fr\/wp-json\/wp\/v2\/users\/2"}],"replies":[{"embeddable":true,"href":"https:\/\/www.europesays.com\/fr\/wp-json\/wp\/v2\/comments?post=503714"}],"version-history":[{"count":0,"href":"https:\/\/www.europesays.com\/fr\/wp-json\/wp\/v2\/posts\/503714\/revisions"}],"wp:featuredmedia":[{"embeddable":true,"href":"https:\/\/www.europesays.com\/fr\/wp-json\/wp\/v2\/media\/503715"}],"wp:attachment":[{"href":"https:\/\/www.europesays.com\/fr\/wp-json\/wp\/v2\/media?parent=503714"}],"wp:term":[{"taxonomy":"category","embeddable":true,"href":"https:\/\/www.europesays.com\/fr\/wp-json\/wp\/v2\/categories?post=503714"},{"taxonomy":"post_tag","embeddable":true,"href":"https:\/\/www.europesays.com\/fr\/wp-json\/wp\/v2\/tags?post=503714"}],"curies":[{"name":"wp","href":"https:\/\/api.w.org\/{rel}","templated":true}]}}