{"id":503722,"date":"2025-11-01T04:11:17","date_gmt":"2025-11-01T04:11:17","guid":{"rendered":"https:\/\/www.europesays.com\/fr\/503722\/"},"modified":"2025-11-01T04:11:17","modified_gmt":"2025-11-01T04:11:17","slug":"previsions-du-samedi-1er-novembre-2025-6","status":"publish","type":"post","link":"https:\/\/www.europesays.com\/fr\/503722\/","title":{"rendered":"pr\u00e9visions du samedi 1er novembre 2025"},"content":{"rendered":"<p>Paris, o\u00f9 des nuages subsisteront aujourd&rsquo;hui, continuera d&rsquo;attendre le soleil. Il fera environ 15\u00b0C. Un vent de sud-ouest est pr\u00e9vu : il soufflera \u00e0 20 km\/h. La grisaille ne se disperse toujours pas, il y aura encore des nuages le matin. Des pluies \u00e9parses sont attendues. Les temp\u00e9ratures seront de 15\u00b0C au plus bas et de 17\u00b0C au maximum. L&rsquo;apr\u00e8s-midi, le beau temps va peu \u00e0 peu se substituer aux nuages. Les valeurs seront comprises entre 13 et 15\u00b0C. Les temp\u00e9ratures afficheront entre 12 et 13\u00b0C le soir. Entre samedi et dimanche, la nuit sera claire.<\/p>\n<p>Toujours de la grisaille demain. Les nuages vont s&rsquo;attarder sur Paris. Les temp\u00e9ratures vont baisser de quelques degr\u00e9s. Le thermom\u00e8tre affichera 13\u00b0C en moyenne. Un vent de sud-ouest rafra\u00eechira l\u00e9g\u00e8rement l&rsquo;atmosph\u00e8re. Le temps sera instable dans la matin\u00e9e avec de l\u00e9g\u00e8res averses. Les valeurs s&rsquo;\u00e9chelonneront entre 10 et 14\u00b0C. Demain apr\u00e8s-midi, le soleil sera dissimul\u00e9 derri\u00e8re des nuages. Il faudra pr\u00e9voir son parapluie pour s&rsquo;abriter des pluies \u00e9parses. Les maximales pourront atteindre 15\u00b0C et les minimales seront de 13\u00b0C. On pr\u00e9voit une embellie pour cette soir\u00e9e. Les temp\u00e9ratures seront de 13\u00b0C.<\/p>\n<p>Une d\u00e9gradation est annonc\u00e9e mardi, tandis que la journ\u00e9e de lundi aura \u00e9t\u00e9 ensoleill\u00e9e.<\/p>\n<p><\/p>\n","protected":false},"excerpt":{"rendered":"Paris, o\u00f9 des nuages subsisteront aujourd&rsquo;hui, continuera d&rsquo;attendre le soleil. Il fera environ 15\u00b0C. Un vent de sud-ouest&hellip;\n","protected":false},"author":2,"featured_media":503723,"comment_status":"","ping_status":"","sticky":false,"template":"","format":"standard","meta":{"footnotes":""},"categories":[1888],"tags":[1111,1928,11,1927,1777,674,1011,27,12,1926,626,1925,2119,25],"class_list":{"0":"post-503722","1":"post","2":"type-post","3":"status-publish","4":"format-standard","5":"has-post-thumbnail","7":"category-paris","8":"tag-actu","9":"tag-actu-paris","10":"tag-actualites","11":"tag-actualites-paris","12":"tag-eu","13":"tag-europe","14":"tag-fr","15":"tag-france","16":"tag-news","17":"tag-news-paris","18":"tag-paris","19":"tag-paris-news","20":"tag-previsions-meteo","21":"tag-republique-francaise"},"share_on_mastodon":{"url":"https:\/\/pubeurope.com\/@fr\/115472491080541312","error":""},"_links":{"self":[{"href":"https:\/\/www.europesays.com\/fr\/wp-json\/wp\/v2\/posts\/503722","targetHints":{"allow":["GET"]}}],"collection":[{"href":"https:\/\/www.europesays.com\/fr\/wp-json\/wp\/v2\/posts"}],"about":[{"href":"https:\/\/www.europesays.com\/fr\/wp-json\/wp\/v2\/types\/post"}],"author":[{"embeddable":true,"href":"https:\/\/www.europesays.com\/fr\/wp-json\/wp\/v2\/users\/2"}],"replies":[{"embeddable":true,"href":"https:\/\/www.europesays.com\/fr\/wp-json\/wp\/v2\/comments?post=503722"}],"version-history":[{"count":0,"href":"https:\/\/www.europesays.com\/fr\/wp-json\/wp\/v2\/posts\/503722\/revisions"}],"wp:featuredmedia":[{"embeddable":true,"href":"https:\/\/www.europesays.com\/fr\/wp-json\/wp\/v2\/media\/503723"}],"wp:attachment":[{"href":"https:\/\/www.europesays.com\/fr\/wp-json\/wp\/v2\/media?parent=503722"}],"wp:term":[{"taxonomy":"category","embeddable":true,"href":"https:\/\/www.europesays.com\/fr\/wp-json\/wp\/v2\/categories?post=503722"},{"taxonomy":"post_tag","embeddable":true,"href":"https:\/\/www.europesays.com\/fr\/wp-json\/wp\/v2\/tags?post=503722"}],"curies":[{"name":"wp","href":"https:\/\/api.w.org\/{rel}","templated":true}]}}