{"id":50373,"date":"2025-04-24T23:34:15","date_gmt":"2025-04-24T23:34:15","guid":{"rendered":"https:\/\/www.europesays.com\/fr\/50373\/"},"modified":"2025-04-24T23:34:15","modified_gmt":"2025-04-24T23:34:15","slug":"derby-les-supporters-de-saint-etienne-rebaptisent-une-ville-de-la-region-lyonnaise-ligue-1-j30-saint-etienne-lyon-2-1","status":"publish","type":"post","link":"https:\/\/www.europesays.com\/fr\/50373\/","title":{"rendered":"Derby : les supporters de Saint-\u00c9tienne rebaptisent une ville de la r\u00e9gion lyonnaise &#8211; Ligue 1 &#8211; J30 &#8211; Saint-\u00c9tienne-Lyon (2-1)"},"content":{"rendered":"<p>Ils sont entr\u00e9s en territoire ennemi.<\/p>\n<p>Dans la r\u00e9gion Rh\u00f4ne-Alpes, remporter le derby vous fait gagner en s\u00e9r\u00e9nit\u00e9 pour (au moins) six mois. Chez certains supporters, les trois points offrent surtout un courage qui leur permet de chambrer leurs rivaux pendant une p\u00e9riode encore plus longue. La vengeance est bien meilleure quand elle se mange froide et c\u2019est sans doute ce qui a pouss\u00e9 certains St\u00e9phanois \u00e0 <strong>attendre ce jeudi pour narguer les Lyonnais<\/strong>, quatre jours apr\u00e8s avoir vu <a target=\"_blank\" href=\"https:\/\/www.sofoot.com\/articles\/ligue-1-vainquer-de-lyon-saint-etienne-soffre-le-derby-le-plus-long\" rel=\"noopener nofollow\">leur \u00e9quipe l\u2019emporter (2-1) dans une soir\u00e9e m\u00e9morable<\/a>.<\/p>\n<p>Le vert se propage<\/p>\n<p>La ville de Tassin-la-Demi-Lune, situ\u00e9e \u00e0 moins de 10 kilom\u00e8tres \u00e0 l\u2019ouest de Lyon, a fait les frais de ces querelles. <strong>Heureusement, pas de d\u00e9g\u00e2ts, mais uniquement du second degr\u00e9<\/strong>. D\u2019apr\u00e8s <a target=\"_blank\" href=\"https:\/\/www.leprogres.fr\/sport\/2025\/04\/24\/chambrage-post-derby-pres-de-lyon-la-ville-de-tassin-rebaptisee-stassin-par-des-verts-moqueurs\" rel=\"noopener nofollow\">Le Progr\u00e8s<\/a>, les supporters de l\u2019ASSE ont os\u00e9 venir sur des terres o\u00f9 ils ne sont pas les bienvenus et ont tagu\u00e9 le panneau de la commune \u2013 en vert, \u00e9videmment \u2013 pour la renommer \u00ab\u00a0Stassin\u00a0\u00bb, au nom du double buteur du match, <a target=\"_blank\" href=\"https:\/\/www.sofoot.com\/articles\/saint-etienne-stassin-les-rend-afou\" rel=\"noopener nofollow\">devenu h\u00e9ros d\u2019une ville en une soir\u00e9e<\/a>.<\/p>\n<p>Apr\u00e8s avoir d\u00fb encaisser le douloureux revers \u00e0 Geoffroy-Guichard, les supporters lyonnais ne pouvaient pas cautionner une telle humiliation. Pour marquer, de nouveau, leur territoire, <strong>des membres du virage Sud du Groupama Stadium sont venus coller leurs stickers sur le \u00ab\u00a0S\u00a0\u00bb<\/strong>, sans pour autant pouvoir enlever cette fichue couleur verte.<\/p>\n<p>C\u2019est quand m\u00eame plus agr\u00e9able quand les bagarres de supporters se d\u00e9roulent comme \u00e7a.<\/p>\n<p>\t\t\t\t\t\t\t\t\t\t<a class=\"lien-connexe\" href=\"https:\/\/www.sofoot.com\/breves\/le-syndicat-des-arbitres-porte-plainte-apres-les-incidents-lors-de-saint-etienne-lyon\" rel=\"nofollow noopener\" target=\"_blank\">Le syndicat des arbitres porte plainte apr\u00e8s les incidents lors de Saint-\u00c9tienne-Lyon<\/a>\t\t\t\t\t<\/p>\n","protected":false},"excerpt":{"rendered":"Ils sont entr\u00e9s en territoire ennemi. Dans la r\u00e9gion Rh\u00f4ne-Alpes, remporter le derby vous fait gagner en s\u00e9r\u00e9nit\u00e9&hellip;\n","protected":false},"author":2,"featured_media":50374,"comment_status":"","ping_status":"","sticky":false,"template":"","format":"standard","meta":{"footnotes":""},"categories":[9653],"tags":[1111,47,11,61,2430,69,65,64,1777,674,63,1011,27,68,66,12,62,70,25,4001,67],"class_list":{"0":"post-50373","1":"post","2":"type-post","3":"status-publish","4":"format-standard","5":"has-post-thumbnail","7":"category-saint-etienne","8":"tag-actu","9":"tag-actualite","10":"tag-actualites","11":"tag-actus-football","12":"tag-auvergne-rhone-alpes","13":"tag-bundesliga","14":"tag-championnats-europeens","15":"tag-equipe-de-france","16":"tag-eu","17":"tag-europe","18":"tag-football","19":"tag-fr","20":"tag-france","21":"tag-ligua","22":"tag-ligue-1","23":"tag-news","24":"tag-news-foot","25":"tag-premier-league","26":"tag-republique-francaise","27":"tag-saint-etienne","28":"tag-serie-a"},"share_on_mastodon":{"url":"https:\/\/pubeurope.com\/@fr\/114395562895964915","error":""},"_links":{"self":[{"href":"https:\/\/www.europesays.com\/fr\/wp-json\/wp\/v2\/posts\/50373","targetHints":{"allow":["GET"]}}],"collection":[{"href":"https:\/\/www.europesays.com\/fr\/wp-json\/wp\/v2\/posts"}],"about":[{"href":"https:\/\/www.europesays.com\/fr\/wp-json\/wp\/v2\/types\/post"}],"author":[{"embeddable":true,"href":"https:\/\/www.europesays.com\/fr\/wp-json\/wp\/v2\/users\/2"}],"replies":[{"embeddable":true,"href":"https:\/\/www.europesays.com\/fr\/wp-json\/wp\/v2\/comments?post=50373"}],"version-history":[{"count":0,"href":"https:\/\/www.europesays.com\/fr\/wp-json\/wp\/v2\/posts\/50373\/revisions"}],"wp:featuredmedia":[{"embeddable":true,"href":"https:\/\/www.europesays.com\/fr\/wp-json\/wp\/v2\/media\/50374"}],"wp:attachment":[{"href":"https:\/\/www.europesays.com\/fr\/wp-json\/wp\/v2\/media?parent=50373"}],"wp:term":[{"taxonomy":"category","embeddable":true,"href":"https:\/\/www.europesays.com\/fr\/wp-json\/wp\/v2\/categories?post=50373"},{"taxonomy":"post_tag","embeddable":true,"href":"https:\/\/www.europesays.com\/fr\/wp-json\/wp\/v2\/tags?post=50373"}],"curies":[{"name":"wp","href":"https:\/\/api.w.org\/{rel}","templated":true}]}}