{"id":503736,"date":"2025-11-01T04:18:12","date_gmt":"2025-11-01T04:18:12","guid":{"rendered":"https:\/\/www.europesays.com\/fr\/503736\/"},"modified":"2025-11-01T04:18:12","modified_gmt":"2025-11-01T04:18:12","slug":"377-milliards-deuros-en-armes-le-plus-important-programme-de-rearmement-de-lallemagne-depuis-hitler","status":"publish","type":"post","link":"https:\/\/www.europesays.com\/fr\/503736\/","title":{"rendered":"377 milliards d\u2019euros en armes\u00a0: le plus important programme de r\u00e9armement de l\u2019Allemagne depuis Hitler"},"content":{"rendered":"<p>Dans une interview accord\u00e9e le week-end dernier au quotidien conservateur Frankfurter Allgemeine Zeitung, le chancelier Friedrich Merz (Union chr\u00e9tienne-d\u00e9mocrate, CDU) a r\u00e9affirm\u00e9 son objectif de doter l&rsquo;Allemagne de \u00ab l&rsquo;arm\u00e9e conventionnelle la plus puissante d&rsquo;Europe \u00bb. Quelques jours plus tard, Politico a publi\u00e9 une liste des achats de la Bundeswehr (forces arm\u00e9es) qui montre concr\u00e8tement ce que cela signifie : un r\u00e9armement d&rsquo;une ampleur historique, surpassant tout ce qui a \u00e9t\u00e9 vu depuis Hitler.<\/p>\n<p><img decoding=\"async\" class=\"db relative center\" loading=\"lazy\" src=\"https:\/\/www.europesays.com\/fr\/wp-content\/uploads\/2025\/11\/af7d697f-430c-4c4d-9b81-8178a5fc99f2\" style=\"max-height:100%\"\/>Des chars Leopard allemands s&rsquo;entra\u00eenent \u00e0 Grafenw\u00f6hr. [Photo by 7th Army Training Command \/ flickr \/ <a class=\"black-40 hover-black-60 no-underline\" target=\"_blank\" rel=\"noopener nofollow\" href=\"https:\/\/creativecommons.org\/licenses\/by\/2.0\/\">CC BY 2.0<\/a>]<\/p>\n<p>Selon cette liste, \u00e9galement rapport\u00e9e par Die Welt, les d\u00e9penses pr\u00e9vues dans les domaines terrestre, a\u00e9rien, maritime, spatial et cybern\u00e9tique s&rsquo;\u00e9l\u00e8vent \u00e0 377 milliards d&rsquo;euros. Ce programme de r\u00e9armement colossal comprend des centaines de projets, allant de nouveaux chars et syst\u00e8mes d&rsquo;artillerie \u00e0 des drones, des avions de combat, des satellites et des missiles de croisi\u00e8re.<\/p>\n<p>Son objectif principal est la cr\u00e9ation d&rsquo;une arm\u00e9e capable de mener une guerre contre la Russie. La Bundeswehr pr\u00e9voit d&rsquo;acqu\u00e9rir 400 missiles de croisi\u00e8re Tomahawk d&rsquo;une port\u00e9e de plus de 2000 kilom\u00e8tres. Ces missiles peuvent atteindre le c\u0153ur du territoire russe, la distance entre Berlin et Moscou \u00e9tant d&rsquo;environ 1600 kilom\u00e8tres. L&rsquo;Allemagne se pr\u00e9pare ainsi \u00e0 des op\u00e9rations offensives qui s&rsquo;inscriraient dans le cadre d&rsquo;une troisi\u00e8me guerre mondiale d\u00e9vastatrice.<\/p>\n<p>Cette folie est financ\u00e9e par une augmentation massive des d\u00e9penses militaires. Le gouvernement Merz \u2013 une coalition entre les chr\u00e9tiens-d\u00e9mocrates et les sociaux-d\u00e9mocrates (SPD), avec le soutien du Parti de gauche et des Verts \u2013 a d\u00e9finitivement exempt\u00e9 le r\u00e9armement du frein \u00e0 l&rsquo;endettement inscrit dans la Constitution, lib\u00e9rant ainsi des cr\u00e9dits de guerre d&rsquo;un montant total d&rsquo;un billion d&rsquo;euros. Alors que des milliards sont investis dans les armes, les munitions et les syst\u00e8mes satellitaires, les budgets sociaux sont gel\u00e9s, le B\u00fcrgergeld (aide sociale de base) est supprim\u00e9 et les retraites et les d\u00e9penses de sant\u00e9 sont r\u00e9duites. C&rsquo;est la classe ouvri\u00e8re qui en supporte le co\u00fbt, en tant que chair \u00e0 canon au front et \u00e0 travers la d\u00e9vastation sociale \u00e0 l&rsquo;int\u00e9rieur du pays.<\/p>\n<p>Les principaux profiteurs de cette nouvelle \u00e9conomie de guerre allemande sont les m\u00eames entreprises qui ont \u00e9quip\u00e9 l&rsquo;arm\u00e9e d&rsquo;Hitler (Wehrmacht) pendant la Seconde Guerre mondiale.<\/p>\n<p>Selon Die Welt, Rheinmetall est le grand gagnant de ce plan de 377 milliards d&rsquo;euros. L&rsquo;entreprise appara\u00eet dans 53 projets d&rsquo;une valeur totale de plus de 88 milliards d&rsquo;euros, auxquels s&rsquo;ajoutent 56 milliards d&rsquo;euros destin\u00e9s \u00e0 des filiales et des coentreprises. D&rsquo;ici 2035, pr\u00e8s de 700 nouveaux v\u00e9hicules de combat d&rsquo;infanterie Puma doivent \u00eatre livr\u00e9s, ainsi que des centaines de syst\u00e8mes Skyranger pour la d\u00e9fense contre les drones.<\/p>\n<p>Le PDG de Rheinmetall, Armin Papperger, s&rsquo;est ouvertement vant\u00e9 dans une r\u00e9cente interview accord\u00e9e au quotidien financier Handelsblatt des perspectives de b\u00e9n\u00e9fices de l&rsquo;entreprise : le carnet de commandes s&rsquo;\u00e9l\u00e8ve d\u00e9j\u00e0 \u00e0 65 milliards d&rsquo;euros et pourrait atteindre 120 milliards d&rsquo;euros d&rsquo;ici le milieu de l&rsquo;ann\u00e9e prochaine. Le chiffre d&rsquo;affaires devrait passer \u00e0 entre 40 et 50 milliards d&rsquo;euros d&rsquo;ici 2030, avec une marge b\u00e9n\u00e9ficiaire de 20 %.<\/p>\n<p>Parmi les autres grands b\u00e9n\u00e9ficiaires figurent Diehl Defence, fabricant de la famille de missiles Iris-T, et Hensoldt, qui, selon la cha\u00eene de t\u00e9l\u00e9vision n-tv, \u00ab croule sous les commandes \u00bb. Ces profits de guerre refl\u00e8tent une bulle de l&rsquo;armement en expansion qui cro\u00eet parall\u00e8lement \u00e0 la campagne de r\u00e9armement et forge une int\u00e9gration toujours plus \u00e9troite entre l&rsquo;\u00c9tat, l&rsquo;arm\u00e9e et les grandes entreprises.<\/p>\n<p>La cr\u00e9ation d&rsquo;une \u00e9conomie de guerre ne se limite pas \u00e0 l&rsquo;Allemagne. L&rsquo;imp\u00e9rialisme allemand est en train de construire un r\u00e9seau d&rsquo;avant-postes militaro-industriels \u00e0 travers l&rsquo;Europe.<\/p>\n<p>Le 28 octobre, Rheinmetall a annonc\u00e9 la cr\u00e9ation d&rsquo;une coentreprise avec la Bulgarie. L&rsquo;usine en question, dont l&rsquo;ach\u00e8vement est pr\u00e9vu dans 14 mois, produira de la poudre \u00e0 canon et des obus d&rsquo;artillerie de 155 millim\u00e8tres pour une valeur de plus d&rsquo;un milliard d&rsquo;euros. \u00ab La Bulgarie avance plus vite que jamais \u00bb, s&rsquo;est vant\u00e9 Papperger, ajoutant que l&rsquo;entreprise \u00e9tait en train de cr\u00e9er \u00ab l&rsquo;une des meilleures usines d&rsquo;Europe \u00bb.<\/p>\n<p>Plus \u00e0 l&rsquo;est, les fabricants d&rsquo;armes allemands s&rsquo;\u00e9tendent directement en Ukraine. Comme le rapporte le Handelsblatt, de nouveaux sites de production et de d\u00e9veloppement pour les entreprises allemandes y sont en cours de cr\u00e9ation. \u00ab Les clients et les fournisseurs deviennent des partenaires \u00bb, \u00e9crit le journal. La ministre de l&rsquo;\u00c9conomie de la CDU, Katherina Reiche, a d\u00e9clar\u00e9 lors d&rsquo;une r\u00e9cente visite \u00e0 Kiev : \u00ab L&rsquo;Ukraine n&rsquo;est plus seulement un b\u00e9n\u00e9ficiaire de l&rsquo;aide. Il existe ici un \u00e9norme potentiel de coop\u00e9ration, de synergies et de croissance. \u00bb<\/p>\n<p>Quatre-vingts ans apr\u00e8s la guerre d&rsquo;extermination contre l&rsquo;Union sovi\u00e9tique, l&rsquo;imp\u00e9rialisme allemand organise \u00e0 nouveau syst\u00e9matiquement la guerre \u00e0 l&rsquo;est \u2013 cette fois sous le pr\u00e9texte de \u00ab d\u00e9fendre la d\u00e9mocratie \u00bb \u2013 tout en poursuivant les m\u00eames objectifs imp\u00e9rialistes : la domination du continent, le contr\u00f4le de l&rsquo;Ukraine et de toute l&rsquo;Europe de l&rsquo;Est et, \u00e0 terme, l&rsquo;asservissement de la Russie.<\/p>\n<p>Afin de constituer \u00ab l&rsquo;arm\u00e9e la plus puissante d&rsquo;Europe \u00bb et d&rsquo;imposer ces objectifs par la force, le gouvernement pr\u00e9voit une restructuration militaire de l&rsquo;ensemble du pays.<\/p>\n<p>Le ministre de la D\u00e9fense Boris Pistorius (SPD) a annonc\u00e9 des plans pour construire des casernes \u00ab \u00e0 la cha\u00eene \u00bb. Lundi, le minist\u00e8re de la D\u00e9fense a d\u00e9clar\u00e9 que 187 sites pr\u00e9c\u00e9demment d\u00e9saffect\u00e9s seraient r\u00e9affect\u00e9s \u00e0 un usage militaire, et que 13 autres sites, dont l&rsquo;ancien a\u00e9roport de Berlin-Tegel, seraient conserv\u00e9s plut\u00f4t que lib\u00e9r\u00e9s pour un usage civil.<\/p>\n<p>Alors que des d\u00e9p\u00f4ts de chars, des usines de munitions et des centres satellites sont en cours de construction, la vie civile est d\u00e9truite. L&rsquo;\u00e9ducation, les soins de sant\u00e9 et les infrastructures sociales sont mis \u00e0 mal afin de lib\u00e9rer des ressources financi\u00e8res et humaines pour la guerre. La r\u00e9introduction de la conscription et la militarisation des universit\u00e9s et des \u00e9coles figurent en t\u00eate des priorit\u00e9s du gouvernement f\u00e9d\u00e9ral.<\/p>\n<p>Au d\u00e9but de la semaine, le ministre de l&rsquo;Int\u00e9rieur Alexander Dobrindt (Union chr\u00e9tienne-sociale, CSU) a d\u00e9clar\u00e9 au Handelsblatt que les \u00e9coles devraient pr\u00e9parer les jeunes \u00e0 d&rsquo;\u00e9ventuelles conditions de guerre. Lors de la prochaine conf\u00e9rence des ministres de l&rsquo;Int\u00e9rieur en novembre, il a l&rsquo;intention de proposer que la \u00ab pr\u00e9paration aux situations de crise \u00bb soit int\u00e9gr\u00e9e dans la journ\u00e9e scolaire, par exemple par le biais de doubles cours sp\u00e9cialement con\u00e7us \u00e0 cet effet.<\/p>\n<p>Derri\u00e8re la militarisation de l&rsquo;Allemagne et de l&rsquo;Europe se cachent des forces motrices objectives. Comme dans les ann\u00e9es 1930, sous la pression de la crise mondiale et des rivalit\u00e9s imp\u00e9rialistes, toutes les ressources sociales sont mobilis\u00e9es pour la guerre. La classe dirigeante r\u00e9pond aux tensions internationales grandissantes et aux conflits sociaux internes par des mesures autoritaires et militaristes.<\/p>\n<p>Mais la politique de guerre se heurte \u00e0 une r\u00e9sistance montante. Des millions de travailleurs rejettent cette folie imp\u00e9rialiste. La t\u00e2che d\u00e9cisive consiste \u00e0 donner \u00e0 cette r\u00e9sistance une forme politique consciente, ind\u00e9pendante de tous les partis capitalistes et syndicats qui soutiennent la guerre.<\/p>\n<p>Le Sozialistische Gleichheitspartei (Parti de l&rsquo;\u00e9galit\u00e9 socialiste) appelle \u00e0 la mobilisation internationale de la classe ouvri\u00e8re pour emp\u00eacher la catastrophe imminente. La lutte contre la guerre est indissociable de la lutte contre le capitalisme lui-m\u00eame.<\/p>\n<p>Seule la construction d&rsquo;un mouvement socialiste qui lutte pour l&rsquo;expropriation des entreprises d&rsquo;armement, la dissolution de l&rsquo;OTAN et la cr\u00e9ation des \u00c9tats socialistes unis d&rsquo;Europe peut emp\u00eacher une troisi\u00e8me guerre mondiale.<\/p>\n<p>(Article paru en anglais le 30 octobre 2025)<\/p>\n","protected":false},"excerpt":{"rendered":"Dans une interview accord\u00e9e le week-end dernier au quotidien conservateur Frankfurter Allgemeine Zeitung, le chancelier Friedrich Merz (Union&hellip;\n","protected":false},"author":2,"featured_media":503737,"comment_status":"","ping_status":"","sticky":false,"template":"","format":"standard","meta":{"footnotes":""},"categories":[1587],"tags":[11,672,1804,3712,60354,1805,1803,1777,674,1801,1146,25256,41179,16234,12,1802,15770],"class_list":{"0":"post-503736","1":"post","2":"type-post","3":"status-publish","4":"format-standard","5":"has-post-thumbnail","7":"category-allemagne","8":"tag-actualites","9":"tag-allemagne","10":"tag-bundesrepublik-deutschland","11":"tag-cdu","12":"tag-csu","13":"tag-de","14":"tag-deutschland","15":"tag-eu","16":"tag-europe","17":"tag-germany","18":"tag-guerre","19":"tag-hitler","20":"tag-imperialisme","21":"tag-militarisme","22":"tag-news","23":"tag-republique-federale-dallemagne","24":"tag-spd"},"share_on_mastodon":{"url":"https:\/\/pubeurope.com\/@fr\/115472518633685958","error":""},"_links":{"self":[{"href":"https:\/\/www.europesays.com\/fr\/wp-json\/wp\/v2\/posts\/503736","targetHints":{"allow":["GET"]}}],"collection":[{"href":"https:\/\/www.europesays.com\/fr\/wp-json\/wp\/v2\/posts"}],"about":[{"href":"https:\/\/www.europesays.com\/fr\/wp-json\/wp\/v2\/types\/post"}],"author":[{"embeddable":true,"href":"https:\/\/www.europesays.com\/fr\/wp-json\/wp\/v2\/users\/2"}],"replies":[{"embeddable":true,"href":"https:\/\/www.europesays.com\/fr\/wp-json\/wp\/v2\/comments?post=503736"}],"version-history":[{"count":0,"href":"https:\/\/www.europesays.com\/fr\/wp-json\/wp\/v2\/posts\/503736\/revisions"}],"wp:featuredmedia":[{"embeddable":true,"href":"https:\/\/www.europesays.com\/fr\/wp-json\/wp\/v2\/media\/503737"}],"wp:attachment":[{"href":"https:\/\/www.europesays.com\/fr\/wp-json\/wp\/v2\/media?parent=503736"}],"wp:term":[{"taxonomy":"category","embeddable":true,"href":"https:\/\/www.europesays.com\/fr\/wp-json\/wp\/v2\/categories?post=503736"},{"taxonomy":"post_tag","embeddable":true,"href":"https:\/\/www.europesays.com\/fr\/wp-json\/wp\/v2\/tags?post=503736"}],"curies":[{"name":"wp","href":"https:\/\/api.w.org\/{rel}","templated":true}]}}