{"id":503742,"date":"2025-11-01T04:21:20","date_gmt":"2025-11-01T04:21:20","guid":{"rendered":"https:\/\/www.europesays.com\/fr\/503742\/"},"modified":"2025-11-01T04:21:20","modified_gmt":"2025-11-01T04:21:20","slug":"astrologie-2025-gare-au-trop-plein-ce-signe-sur-la-corde-raide-ce-1er-novembre","status":"publish","type":"post","link":"https:\/\/www.europesays.com\/fr\/503742\/","title":{"rendered":"Astrologie 2025 : gare au trop-plein ! Ce signe sur la corde raide ce 1er novembre"},"content":{"rendered":"<p>Que r\u00e9servent les astres pour le 1er novembre 2025 ? Pour tous<br \/>\nles <a href=\"https:\/\/www.closermag.fr\/psycho_sexo\/astrologie-2025-quelle-annee-pour-les-vierge-3529117\" target=\"_blank\" rel=\"noopener\"><br \/>\nVierge dont l\u00a0\u00bbann\u00e9e est \u00e0 la structuration<\/a>, la journ\u00e9e<br \/>\ns&rsquo;annonce sous haute tension&#8230; mais pleine d\u2019opportunit\u00e9s. Vous<br \/>\ncommencez le mois avec une \u00e9nergie mentale aff\u00fbt\u00e9e : Mercure, votre<br \/>\nplan\u00e8te-guide, vous rend m\u00e9thodique et clairvoyant(e). Profitez-en<br \/>\npour trier vos priorit\u00e9s sans vous laisser happer par des faux<br \/>\nd\u00e9bats.<\/p>\n<p>C\u00f4t\u00e9 c\u0153ur, petit conseil : \u00e9vitez la jalousie et les<br \/>\ninterpr\u00e9tations h\u00e2tives. Les astres sugg\u00e8rent d\u2019ouvrir la parole<br \/>\nplut\u00f4t que de ruminer. Par exemple, un t\u00eate-\u00e0-t\u00eate franc pourrait<br \/>\nd\u00e9samorcer un quiproquo et ranimer la complicit\u00e9. C\u00e9libataire ? Une<br \/>\nrencontre possible lors d\u2019un \u00e9v\u00e9nement social vous sortira de votre<br \/>\nzone de confort. Laissez la spontan\u00e9it\u00e9 gagner, vous pourrez avoir<br \/>\nde belles surprises.<\/p>\n<p>Horoscope des Vierge : objectif, poser des limites<\/p>\n<p>Au travail, votre sens du d\u00e9tail fait merveille. Des<br \/>\nn\u00e9gociations importantes demandent votre signature : relisez,<br \/>\nclarifiez, et n\u2019h\u00e9sitez pas <strong>\u00e0 poser des limites<\/strong>.<br \/>\nLe risque serait de vouloir tout contr\u00f4ler. Or, un peu de<br \/>\nl\u00e2cher-prise strat\u00e9gique vous ouvrira des portes inattendues.<\/p>\n<p>Au niveau de la sant\u00e9 : attention aux tensions nerveuses. Entre<br \/>\nrespiration profonde et petites pauses, <strong>choisissez la<br \/>\nr\u00e9gularit\u00e9<\/strong>. Votre corps vous demande un rythme plus doux ;<br \/>\n\u00e9couter ce signal \u00e9vitera la <a href=\"https:\/\/www.closermag.fr\/beaute\/forme_bien_etre\/quel-est-le-meilleur-regime-contre-la-fatigue-chronique-3338918\" target=\"_blank\" rel=\"noopener\"><br \/>\nfatigue accumul\u00e9e<\/a>.<\/p>\n<p>Horoscope des Vierge : un seul mot<br \/>\nd&rsquo;ordre, l&rsquo;audace<\/p>\n<p>Astralement parlant, la Lune est en phase croissante (gibbous)<br \/>\nle 1er novembre, ce qui intensifie les \u00e9motions \u00e0 l\u2019approche d\u2019une<br \/>\nPleine Lune marquante dans les jours suivants : la p\u00e9riode favorise<br \/>\n<strong>les r\u00e9v\u00e9lations et la mise au point<\/strong>. Concr\u00e8tement,<br \/>\nvos d\u00e9cisions prises maintenant auront un \u00e9cho sensible la semaine<br \/>\nprochaine. Choisissez donc la clart\u00e9. En bref, la Vierge qui sait<br \/>\nassocier rigueur et souplesse sortira de ce week-end plus sereine<br \/>\net plus puissante, <a href=\"https:\/\/www.closermag.fr\/psycho_sexo\/de-quoi-le-signe-de-la-vierge-a-besoin-pour-etre-heureux-3471781\" target=\"_blank\" rel=\"noopener\"><br \/>\nde quoi \u00eatre heureux<\/a>. Un dernier mot ? Moins d\u2019autocritique,<br \/>\nplus d\u2019audace. Vous \u00eates pr\u00eat(e) pour la suite.<\/p>\n","protected":false},"excerpt":{"rendered":"Que r\u00e9servent les astres pour le 1er novembre 2025 ? Pour tous les Vierge dont l\u00a0\u00bbann\u00e9e est \u00e0&hellip;\n","protected":false},"author":2,"featured_media":503743,"comment_status":"","ping_status":"","sticky":false,"template":"","format":"standard","meta":{"footnotes":""},"categories":[2],"tags":[11,59011,1011,27,157,12,25],"class_list":{"0":"post-503742","1":"post","2":"type-post","3":"status-publish","4":"format-standard","5":"has-post-thumbnail","7":"category-actualites","8":"tag-actualites","9":"tag-astrologie-2025","10":"tag-fr","11":"tag-france","12":"tag-horoscope","13":"tag-news","14":"tag-republique-francaise"},"share_on_mastodon":{"url":"https:\/\/pubeurope.com\/@fr\/115472530461525906","error":""},"_links":{"self":[{"href":"https:\/\/www.europesays.com\/fr\/wp-json\/wp\/v2\/posts\/503742","targetHints":{"allow":["GET"]}}],"collection":[{"href":"https:\/\/www.europesays.com\/fr\/wp-json\/wp\/v2\/posts"}],"about":[{"href":"https:\/\/www.europesays.com\/fr\/wp-json\/wp\/v2\/types\/post"}],"author":[{"embeddable":true,"href":"https:\/\/www.europesays.com\/fr\/wp-json\/wp\/v2\/users\/2"}],"replies":[{"embeddable":true,"href":"https:\/\/www.europesays.com\/fr\/wp-json\/wp\/v2\/comments?post=503742"}],"version-history":[{"count":0,"href":"https:\/\/www.europesays.com\/fr\/wp-json\/wp\/v2\/posts\/503742\/revisions"}],"wp:featuredmedia":[{"embeddable":true,"href":"https:\/\/www.europesays.com\/fr\/wp-json\/wp\/v2\/media\/503743"}],"wp:attachment":[{"href":"https:\/\/www.europesays.com\/fr\/wp-json\/wp\/v2\/media?parent=503742"}],"wp:term":[{"taxonomy":"category","embeddable":true,"href":"https:\/\/www.europesays.com\/fr\/wp-json\/wp\/v2\/categories?post=503742"},{"taxonomy":"post_tag","embeddable":true,"href":"https:\/\/www.europesays.com\/fr\/wp-json\/wp\/v2\/tags?post=503742"}],"curies":[{"name":"wp","href":"https:\/\/api.w.org\/{rel}","templated":true}]}}