{"id":503744,"date":"2025-11-01T04:22:23","date_gmt":"2025-11-01T04:22:23","guid":{"rendered":"https:\/\/www.europesays.com\/fr\/503744\/"},"modified":"2025-11-01T04:22:23","modified_gmt":"2025-11-01T04:22:23","slug":"ce-que-lon-sait-de-laffaire-de-viol-dune-femme-par-deux-policiers-au-depot-du-tribunal-de-bobigny","status":"publish","type":"post","link":"https:\/\/www.europesays.com\/fr\/503744\/","title":{"rendered":"Ce que l\u2019on sait de l\u2019affaire de viol d\u2019une femme par deux policiers au d\u00e9p\u00f4t du tribunal de Bobigny"},"content":{"rendered":"<p>Dans les sous-sols du <a href=\"https:\/\/www.humanite.fr\/societe\/mort-de-nahel\/mort-de-nahel-a-bobigny-une-justice-expeditive-pour-envoyer-un-signal-fort-801495\" target=\"_blank\" rel=\"noopener\">Palais de justice de Bobigny<\/a> (Seine-Saint-Denis), l\u2019un des plus importants tribunaux de France apr\u00e8s celui de Paris, une femme accuse deux policiers de l\u2019avoir, tour \u00e0 tour, viol\u00e9e durant la nuit du 28 au 29\u00a0octobre, dans la cellule du d\u00e9p\u00f4t o\u00f9 elle attendait son d\u00e9ferrement.<\/p>\n<p>\u00ab\u00a0S\u2019ils sont av\u00e9r\u00e9s, ces agissements sont extraordinairement graves et inacceptables\u00a0\u00bb, a r\u00e9agi <a href=\"https:\/\/www.humanite.fr\/politique\/emmanuel-macron\/laurent-nunez-a-linterieur-gerald-darmanin-a-la-justice-jean-pierre-farandou-au-travail-decouvrez-le-gouvernement-lecornu-2\" target=\"_blank\" rel=\"noopener\">le ministre de l\u2019Int\u00e9rieur Laurent Nu\u00f1ez<\/a> dans une d\u00e9claration \u00e0 l\u2019AFP. \u00ab\u00a0Les deux agents concern\u00e9s ont \u00e9t\u00e9 imm\u00e9diatement suspendus et j\u2019ai demand\u00e9 que l\u2019on fasse toute la lumi\u00e8re sur ces faits, afin de comprendre comment cela a pu se produire\u00a0\u00bb, a-t-il poursuivi. Selon l\u2019AFP, les deux agents ont r\u00e9dig\u00e9 un rapport administratif pour exposer leurs versions. <\/p>\n<p>Les deux policiers plac\u00e9s en garde \u00e0 vue<\/p>\n<p>Au moment des faits qu\u2019elle d\u00e9nonce, la jeune femme \u00e2g\u00e9e de 26\u00a0ans \u00e9tait \u00ab\u00a0d\u00e9f\u00e9r\u00e9e au parquet de Bobigny pour des faits de soustraction par un parent \u00e0 ses obligations l\u00e9gales compromettant la sant\u00e9, la s\u00e9curit\u00e9, la moralit\u00e9 ou l\u2019\u00e9ducation de son enfant\u00a0\u00bb, indique le parquet de Bobigny dans un communiqu\u00e9. Toujours selon les informations du procureur \u00c9ric Mathais, c\u2019est mercredi en fin d\u2019apr\u00e8s-midi que la victime pr\u00e9sum\u00e9e \u00ab\u00a0a r\u00e9v\u00e9l\u00e9 avoir fait l\u2019objet de deux viols\u00a0\u00bb. \u00ab\u00a0Les deux fonctionnaires de police vis\u00e9s par la plainte ont \u00e9t\u00e9 plac\u00e9s le 30\u00a0octobre au matin en garde \u00e0 vue.\u00a0\u00bb Garde \u00e0 vue qui a \u00e9t\u00e9 prolong\u00e9e, a indiqu\u00e9 vendredi \u00e0 l\u2019AFP une source proche du dossier. <\/p>\n<p>G\u00e9ographiquement comp\u00e9tent, le tribunal de Bobigny s\u2019est dessaisi au profit du parquet de Paris. Les investigations judiciaires sur la r\u00e9v\u00e9lation de \u00ab\u00a0faits d\u2019une particuli\u00e8re gravit\u00e9\u00a0\u00bb devraient permettre de \u00ab\u00a0d\u00e9terminer l\u2019implication de ces fonctionnaires\u00a0\u00bb, selon la pr\u00e9fecture de police de Paris. Cette derni\u00e8re a \u00e9galement initi\u00e9 \u00ab\u00a0en parall\u00e8le, une enqu\u00eate administrative\u00a0\u00bb.<\/p>\n<p>Ils reconnaissent des rapports sexuels mais \u00ab\u00a0consentis\u00a0\u00bb<\/p>\n<p>Les deux fonctionnaires \u00e2g\u00e9s de 23 et 35\u00a0ans n\u2019\u00e9taient \u00ab\u00a0pas policiers depuis longtemps\u00a0\u00bb et d\u00e8s le d\u00e9but de leur garde \u00e0 vue, selon des informations de RTL, ils auraient reconnu les rapports sexuels avec la plaignante, mais selon leurs affirmations, ceux-ci auraient \u00e9t\u00e9 \u00ab\u00a0consentis\u00a0\u00bb. Deux policiers dans l\u2019exercice de leurs fonctions avec une position ascendante sur une femme qui attendait sa comparution devant un juge reconna\u00eetraient ainsi avoir assouvi leur plaisir dans une des cellules d\u00e9p\u00f4t\u2026<\/p>\n<p>Une enqu\u00eate a \u00e9t\u00e9 ouverte pour viols par personne abusant de l\u2019autorit\u00e9 que lui conf\u00e8rent leurs fonctions a \u00e9t\u00e9 ouverte et confi\u00e9e \u00e0 l\u2019<a href=\"https:\/\/www.humanite.fr\/societe\/affaire-hedi-marseille\/affaire-hedi-depuis-fevrier-ligpn-a-demande-un-conseil-de-discipline-qui-na-toujours-pas-eu-lieu\" target=\"_blank\" rel=\"noopener\">IGPN, la \u00ab\u00a0police des polices\u00a0\u00bb<\/a>. Le d\u00e9put\u00e9 de la 5e circonscription de Seine-Saint-Denis, l\u2019insoumis Aly Diouara, a \u00e9voqu\u00e9<a href=\"https:\/\/x.com\/AlyDiouara\"> sur X <\/a>des \u00ab\u00a0faits d\u2019une gravit\u00e9 absolue, dans un lieu cens\u00e9 \u00eatre \u2018safe\u2019\u00bb.<\/p>\n<p>Si l\u2019enqu\u00eate en cours \u00ab\u00a0conclut que des faits criminels ont \u00e9t\u00e9 commis, et que l\u2019honneur des policiers a \u00e9t\u00e9 sali, il va de soi que des sanctions seront prises\u00a0\u00bb, a ajout\u00e9 M. Nu\u00f1ez, assurant que sa \u00ab\u00a0fermet\u00e9 sera totale\u00a0\u00bb.<\/p>\n<p>Le Tribunal de Bobigny des d\u00e9faillances syst\u00e9miques\u00a0?<\/p>\n<p>Souvent sous les feux des critiques, le tribunal de Bobigny est r\u00e9put\u00e9 pour abriter de nombreux probl\u00e8mes (d\u2019organisation, d\u2019effectifs, de v\u00e9tust\u00e9,\u00a0etc.). Le 7\u00a0d\u00e9cembre 2024 un homme \u00e9tait mort dans sa cellule alors qu\u2019il attendait son d\u00e9ferrement.<\/p>\n<p>Dans un autre d\u00e9partement de la r\u00e9gion parisienne, la Seine-et-Marne, un policier devrait \u00eatre jug\u00e9 au premier semestre 2026 pour viols sur une femme au sein m\u00eame d\u2019un commissariat. La plaignante est une femme de nationalit\u00e9 angolaise, sans papiers, qui avait d\u00e9nonc\u00e9 avoir \u00e9t\u00e9 viol\u00e9e, \u00e0 deux reprises, par un gardien de la paix en 2023, au commissariat de Pontault-Combault.<\/p>\n<p>Cette derni\u00e8re affaire avait \u00e9t\u00e9 r\u00e9v\u00e9l\u00e9e par le journal Lib\u00e9ration dans une s\u00e9rie intitul\u00e9e #MeToo Police. Selon le quotidien, la femme qui accuse le policier de viols \u00e9tait all\u00e9e porter plainte pour violences conjugales.<\/p>\n<p>Le m\u00e9dia que les milliardaires ne peuvent pas s\u2019acheter<\/p>\n<p>Nous ne sommes financ\u00e9s par aucun milliardaire. Et nous en sommes fiers\u00a0! Mais nous sommes confront\u00e9s \u00e0 des d\u00e9fis financiers constants. Soutenez-nous\u00a0! Votre don sera d\u00e9fiscalis\u00e9\u00a0: donner 5\u20ac vous reviendra \u00e0 1.65\u20ac. Le prix d\u2019un caf\u00e9.<br \/><a href=\"https:\/\/www.humanite.fr\/lhumanite-cest-vous\" target=\"_blank\" rel=\"noopener\">Je veux en savoir plus\u00a0!<\/a><\/p>\n","protected":false},"excerpt":{"rendered":"Dans les sous-sols du Palais de justice de Bobigny (Seine-Saint-Denis), l\u2019un des plus importants tribunaux de France apr\u00e8s&hellip;\n","protected":false},"author":2,"featured_media":503745,"comment_status":"","ping_status":"","sticky":false,"template":"","format":"standard","meta":{"footnotes":""},"categories":[2],"tags":[11,1011,27,12,1072,25,799],"class_list":{"0":"post-503744","1":"post","2":"type-post","3":"status-publish","4":"format-standard","5":"has-post-thumbnail","7":"category-actualites","8":"tag-actualites","9":"tag-fr","10":"tag-france","11":"tag-news","12":"tag-police","13":"tag-republique-francaise","14":"tag-violences-sexuelles"},"share_on_mastodon":{"url":"https:\/\/pubeurope.com\/@fr\/115472534308652726","error":""},"_links":{"self":[{"href":"https:\/\/www.europesays.com\/fr\/wp-json\/wp\/v2\/posts\/503744","targetHints":{"allow":["GET"]}}],"collection":[{"href":"https:\/\/www.europesays.com\/fr\/wp-json\/wp\/v2\/posts"}],"about":[{"href":"https:\/\/www.europesays.com\/fr\/wp-json\/wp\/v2\/types\/post"}],"author":[{"embeddable":true,"href":"https:\/\/www.europesays.com\/fr\/wp-json\/wp\/v2\/users\/2"}],"replies":[{"embeddable":true,"href":"https:\/\/www.europesays.com\/fr\/wp-json\/wp\/v2\/comments?post=503744"}],"version-history":[{"count":0,"href":"https:\/\/www.europesays.com\/fr\/wp-json\/wp\/v2\/posts\/503744\/revisions"}],"wp:featuredmedia":[{"embeddable":true,"href":"https:\/\/www.europesays.com\/fr\/wp-json\/wp\/v2\/media\/503745"}],"wp:attachment":[{"href":"https:\/\/www.europesays.com\/fr\/wp-json\/wp\/v2\/media?parent=503744"}],"wp:term":[{"taxonomy":"category","embeddable":true,"href":"https:\/\/www.europesays.com\/fr\/wp-json\/wp\/v2\/categories?post=503744"},{"taxonomy":"post_tag","embeddable":true,"href":"https:\/\/www.europesays.com\/fr\/wp-json\/wp\/v2\/tags?post=503744"}],"curies":[{"name":"wp","href":"https:\/\/api.w.org\/{rel}","templated":true}]}}