{"id":503748,"date":"2025-11-01T04:25:13","date_gmt":"2025-11-01T04:25:13","guid":{"rendered":"https:\/\/www.europesays.com\/fr\/503748\/"},"modified":"2025-11-01T04:25:13","modified_gmt":"2025-11-01T04:25:13","slug":"et-si-le-derby-arrache-a-poitiers-etait-un-moment-cle-pour-le-tours-vb","status":"publish","type":"post","link":"https:\/\/www.europesays.com\/fr\/503748\/","title":{"rendered":"et si le derby arrach\u00e9 \u00e0 Poitiers \u00e9tait \u00ab\u00a0un moment cl\u00e9\u00a0\u00bb pour le Tours VB ?"},"content":{"rendered":"<p>Voil\u00e0 seulement dix jours que le championnat a commenc\u00e9 pour le Tours Volley-Ball. Mais il a d\u00e9j\u00e0 disput\u00e9, et gagn\u00e9, quatre matchs. Face \u00e0 <a target=\"_self\" href=\"https:\/\/www.lanouvellerepublique.fr\/tours\/msl-la-saison-du-tours-vb-est-lancee-et-plutot-bien-1761083826\" rel=\"noopener\">Ajaccio<\/a>, au <a target=\"_self\" href=\"https:\/\/www.lanouvellerepublique.fr\/tours\/msl-le-tours-vb-enchaine-avec-la-niaque-au-plessis-robinson-1761425421\" rel=\"noopener\">Plessis-Robinson<\/a>, contre Narbonne et, enfin ce jeudi 30\u00a0octobre 2025, le derby avec Poitiers. Autant dire qu\u2019il a d\u00e9j\u00e0 accumul\u00e9 en un temps record du v\u00e9cu, de l\u2019exp\u00e9rience, du bien et du moins bien, \u00e9videmment.<\/p>\n<p>Et le calendrier lui offre, cette fois, une plage libre d\u2019une semaine. Une semaine pleine pour r\u00e9cup\u00e9rer d\u2019abord, et m\u00eame d\u00e9brancher avec un week-end off pour les joueurs ; et travailler ensuite, l\u00e0 o\u00f9 depuis le 21\u00a0octobre, il n\u2019en a gu\u00e8re eu le loisir. Une fen\u00eatre de travail dont le TVB va devoir se saisir, car ensuite, c\u2019est un d\u00e9placement \u00e0 Montpellier qui l&rsquo;attend (le vendredi 7\u00a0novembre), puis la Supercoupe face \u00e0 Tourcoing (le 11, \u00e0 Grenon) et la r\u00e9ception de Paris (le 14)&#8230;. <\/p>\n<p>    Cet article a \u00e9t\u00e9 tronqu\u00e9. Abonnez-vous pour lire l&rsquo;article complet sur notre site.<\/p>\n<p style=\"margin: 0 !important; padding: 0 !important; font-size: 12px !important;\">Cet article a \u00e9t\u00e9 tronqu\u00e9. Abonnez-vous pour lire l&rsquo;article complet.<\/p>\n<p>    <a href=\"https:\/\/www.lanouvellerepublique.fr\/abonnements\" style=\"display: inline-block; margin-top: 5px !important; padding: 6px 12px !important; background: #cb1c27; color: white; text-decoration: none; border-radius: 4px; font-size: 12px !important;\" target=\"_blank\" rel=\"noopener\"><br \/>\n      S&rsquo;abonner<br \/>\n    <\/a><\/p>\n","protected":false},"excerpt":{"rendered":"Voil\u00e0 seulement dix jours que le championnat a commenc\u00e9 pour le Tours Volley-Ball. Mais il a d\u00e9j\u00e0 disput\u00e9,&hellip;\n","protected":false},"author":2,"featured_media":503749,"comment_status":"","ping_status":"","sticky":false,"template":"","format":"standard","meta":{"footnotes":""},"categories":[1417],"tags":[1392,1011,27,1387,1655,60,1390,1471,2767,1470,1469],"class_list":{"0":"post-503748","1":"post","2":"type-post","3":"status-publish","4":"format-standard","5":"has-post-thumbnail","7":"category-volley","8":"tag-a-la-une-local","9":"tag-fr","10":"tag-france","11":"tag-indre-et-loire","12":"tag-ligue-a","13":"tag-sports","14":"tag-tours","15":"tag-tours-volley-ball","16":"tag-tvb-37","17":"tag-volley","18":"tag-volleyball"},"share_on_mastodon":{"url":"https:\/\/pubeurope.com\/@fr\/115472546095005764","error":""},"_links":{"self":[{"href":"https:\/\/www.europesays.com\/fr\/wp-json\/wp\/v2\/posts\/503748","targetHints":{"allow":["GET"]}}],"collection":[{"href":"https:\/\/www.europesays.com\/fr\/wp-json\/wp\/v2\/posts"}],"about":[{"href":"https:\/\/www.europesays.com\/fr\/wp-json\/wp\/v2\/types\/post"}],"author":[{"embeddable":true,"href":"https:\/\/www.europesays.com\/fr\/wp-json\/wp\/v2\/users\/2"}],"replies":[{"embeddable":true,"href":"https:\/\/www.europesays.com\/fr\/wp-json\/wp\/v2\/comments?post=503748"}],"version-history":[{"count":0,"href":"https:\/\/www.europesays.com\/fr\/wp-json\/wp\/v2\/posts\/503748\/revisions"}],"wp:featuredmedia":[{"embeddable":true,"href":"https:\/\/www.europesays.com\/fr\/wp-json\/wp\/v2\/media\/503749"}],"wp:attachment":[{"href":"https:\/\/www.europesays.com\/fr\/wp-json\/wp\/v2\/media?parent=503748"}],"wp:term":[{"taxonomy":"category","embeddable":true,"href":"https:\/\/www.europesays.com\/fr\/wp-json\/wp\/v2\/categories?post=503748"},{"taxonomy":"post_tag","embeddable":true,"href":"https:\/\/www.europesays.com\/fr\/wp-json\/wp\/v2\/tags?post=503748"}],"curies":[{"name":"wp","href":"https:\/\/api.w.org\/{rel}","templated":true}]}}