{"id":503752,"date":"2025-11-01T04:27:15","date_gmt":"2025-11-01T04:27:15","guid":{"rendered":"https:\/\/www.europesays.com\/fr\/503752\/"},"modified":"2025-11-01T04:27:15","modified_gmt":"2025-11-01T04:27:15","slug":"novak-djokovic-retour-a-athenes","status":"publish","type":"post","link":"https:\/\/www.europesays.com\/fr\/503752\/","title":{"rendered":"Novak Djokovic : retour \u00e0 Ath\u00e8nes"},"content":{"rendered":"<p data-testid=\"wcl-typoNewsPerex\" itemprop=\"description\">Novak Djokovic n&rsquo;a pas \u00e9t\u00e9 \u00e0 100 % ces derni\u00e8res semaines, mais il participera finalement au tournoi ATP d&rsquo;Ath\u00e8nes la semaine prochaine. <\/p>\n<p><a href=\"https:\/\/www.flashscore.fr\/joueur\/djokovic-novak\/AZg49Et9\/\" target=\"_blank\" data-analytics-element=\"ARTICLE_TEXT_LINK\" data-analytics-alias=\"internal\" rel=\"nofollow noopener\">Novak Djokovic<\/a>, sa femme et ses deux enfants auraient d\u00e9m\u00e9nag\u00e9 de Belgrade \u00e0 Ath\u00e8nes, o\u00f9 il a \u00e9galement d\u00e9plac\u00e9 son tournoi familial, probablement en raison du conflit avec le pr\u00e9sident serbe. Il ne manquera pas le tournoi et le jouera pour la premi\u00e8re fois dans la capitale grecque.<\/p>\n<p><b>\u00c0 lire aussi &#8211; <a href=\"https:\/\/www.flashscore.fr\/actualites\/tennis-atp-simples-la-course-aux-atp-finals-bat-son-plein-lorenzo-musetti-demande-une-wildcard-pour-athenes\/buSOpUq4\/\" target=\"_blank\" data-analytics-element=\"ARTICLE_TEXT_LINK\" data-analytics-alias=\"internal\" rel=\"nofollow noopener\">La course aux ATP Finals bat son plein : Lorenzo Musetti demande une wildcard pour Ath\u00e8nes<\/a><\/b><\/p>\n<p>Son nouveau domicile semble Ath\u00e8nes, o\u00f9 se tiendra la semaine prochaine le tournoi en salle ATP 250. Le joueur le plus titr\u00e9 de tous les temps sera le grand favori. Un autre Top 10, <a href=\"https:\/\/www.flashscore.fr\/joueur\/musetti-lorenzo\/xtH2ODVI\/\" target=\"_blank\" data-analytics-element=\"ARTICLE_TEXT_LINK\" data-analytics-alias=\"internal\" rel=\"nofollow noopener\">Lorenzo Musetti<\/a>, et le v\u00e9t\u00e9ran <a href=\"https:\/\/www.flashscore.fr\/joueur\/wawrinka-stan\/Uo9lu6le\/\" target=\"_blank\" data-analytics-element=\"ARTICLE_TEXT_LINK\" data-analytics-alias=\"internal\" rel=\"nofollow noopener\">Stan Wawrinka<\/a>, qui a re\u00e7u une wild card, arriveront \u00e9galement \u00e0 Ath\u00e8nes.<\/p>\n<p>\u00ab\u00a0<b>Novak devrait jouer mardi apr\u00e8s-midi, vers cinq ou six heures\u00a0\u00bb,<\/b> a confirm\u00e9 Djordje Djokovic, le directeur du tournoi, au moment du d\u00e9part de son fr\u00e8re. D\u00e9tenteur de 24 troph\u00e9es du Grand Chelem, Djokovic a disput\u00e9 six fois le tournoi de Belgrade et a remport\u00e9 trois fois le troph\u00e9e du champion. Sa derni\u00e8re apparition dans la capitale serbe remonte \u00e0 2022, lorsqu&rsquo;il s&rsquo;\u00e9tait inclin\u00e9 en finale face \u00e0 <a href=\"https:\/\/www.flashscore.fr\/joueur\/rublev-andrey\/AeAn4gP0\/\" target=\"_blank\" data-analytics-element=\"ARTICLE_TEXT_LINK\" data-analytics-alias=\"internal\" rel=\"nofollow noopener\">Andrey Rublev<\/a>.<\/p>\n<p>Il d\u00e9butera contre <a href=\"https:\/\/www.flashscore.fr\/joueur\/tabilo-alejandro\/YgVnM5vO\/\" target=\"_blank\" data-analytics-element=\"ARTICLE_TEXT_LINK\" data-analytics-alias=\"internal\" rel=\"nofollow noopener\">Alexander Tabil<\/a> ou <a href=\"https:\/\/www.flashscore.fr\/joueur\/walton-adam\/jNRjAU1U\/\" target=\"_blank\" data-analytics-element=\"ARTICLE_TEXT_LINK\" data-analytics-alias=\"internal\" rel=\"nofollow noopener\">Adam Walton<\/a> \u00e0 Ath\u00e8nes apr\u00e8s un tirage au sort libre au premier tour.<\/p>\n<p>\u00c0 l&rsquo;origine, les deux meilleurs joueurs de tennis tch\u00e8ques au classement ATP devaient \u00e9galement jouer \u00e0 Ath\u00e8nes. Cependant, <a href=\"https:\/\/www.flashscore.fr\/joueur\/lehecka-jiri\/6PlgfXKR\/\" target=\"_blank\" data-analytics-element=\"ARTICLE_TEXT_LINK\" data-analytics-alias=\"internal\" rel=\"nofollow noopener\">Ji\u0159\u00ed Lehe\u010dka<\/a> et\u00a0<a href=\"https:\/\/www.flashscore.fr\/joueur\/mensik-jakub\/UFj257G8\/\" target=\"_blank\" data-analytics-element=\"ARTICLE_TEXT_LINK\" data-analytics-alias=\"internal\" rel=\"nofollow noopener\">Jakub Men\u0161\u00edk<\/a> ont tous deux annul\u00e9 leur participation, de sorte que seul <a href=\"https:\/\/www.flashscore.fr\/joueur\/kopriva-vit\/EHGKxKDL\/\" target=\"_blank\" data-analytics-element=\"ARTICLE_TEXT_LINK\" data-analytics-alias=\"internal\" rel=\"nofollow noopener\">V\u00edt Kop\u0159iva<\/a>, qui devra participer aux matches de qualification, sera pr\u00e9sent.<\/p>\n<p>Un match d&rsquo;exhibition entre Djokovic et la star locale <a href=\"https:\/\/www.flashscore.fr\/joueur\/tsitsipas-stefanos\/hb6oWfc6\/\" target=\"_blank\" data-analytics-element=\"ARTICLE_TEXT_LINK\" data-analytics-alias=\"internal\" rel=\"nofollow noopener\">Stefanos Tsitsipas<\/a> \u00e9tait pr\u00e9vu vendredi apr\u00e8s-midi au Zappion, dans le centre d&rsquo;Ath\u00e8nes. Cependant, les autorit\u00e9s ont annul\u00e9 la rencontre, les conditions de s\u00e9curit\u00e9 ne permettant pas un grand rassemblement dans le centre de la ville. Tsitsipas s&rsquo;est depuis retir\u00e9 du tournoi national.<\/p>\n<p>Le tournoi d&rsquo;Ath\u00e8nes se d\u00e9roulera du 2 au 8 novembre. Djokovic devrait ensuite se rendre aux ATP Finals de Turin, qui d\u00e9butent le 9 novembre.<\/p>\n","protected":false},"excerpt":{"rendered":"Novak Djokovic n&rsquo;a pas \u00e9t\u00e9 \u00e0 100 % ces derni\u00e8res semaines, mais il participera finalement au tournoi ATP&hellip;\n","protected":false},"author":2,"featured_media":503753,"comment_status":"","ping_status":"","sticky":false,"template":"","format":"standard","meta":{"footnotes":""},"categories":[1415],"tags":[1011,27,60,1467],"class_list":{"0":"post-503752","1":"post","2":"type-post","3":"status-publish","4":"format-standard","5":"has-post-thumbnail","7":"category-tennis","8":"tag-fr","9":"tag-france","10":"tag-sports","11":"tag-tennis"},"share_on_mastodon":{"url":"https:\/\/pubeurope.com\/@fr\/115472553906249606","error":""},"_links":{"self":[{"href":"https:\/\/www.europesays.com\/fr\/wp-json\/wp\/v2\/posts\/503752","targetHints":{"allow":["GET"]}}],"collection":[{"href":"https:\/\/www.europesays.com\/fr\/wp-json\/wp\/v2\/posts"}],"about":[{"href":"https:\/\/www.europesays.com\/fr\/wp-json\/wp\/v2\/types\/post"}],"author":[{"embeddable":true,"href":"https:\/\/www.europesays.com\/fr\/wp-json\/wp\/v2\/users\/2"}],"replies":[{"embeddable":true,"href":"https:\/\/www.europesays.com\/fr\/wp-json\/wp\/v2\/comments?post=503752"}],"version-history":[{"count":0,"href":"https:\/\/www.europesays.com\/fr\/wp-json\/wp\/v2\/posts\/503752\/revisions"}],"wp:featuredmedia":[{"embeddable":true,"href":"https:\/\/www.europesays.com\/fr\/wp-json\/wp\/v2\/media\/503753"}],"wp:attachment":[{"href":"https:\/\/www.europesays.com\/fr\/wp-json\/wp\/v2\/media?parent=503752"}],"wp:term":[{"taxonomy":"category","embeddable":true,"href":"https:\/\/www.europesays.com\/fr\/wp-json\/wp\/v2\/categories?post=503752"},{"taxonomy":"post_tag","embeddable":true,"href":"https:\/\/www.europesays.com\/fr\/wp-json\/wp\/v2\/tags?post=503752"}],"curies":[{"name":"wp","href":"https:\/\/api.w.org\/{rel}","templated":true}]}}