{"id":503754,"date":"2025-11-01T04:31:17","date_gmt":"2025-11-01T04:31:17","guid":{"rendered":"https:\/\/www.europesays.com\/fr\/503754\/"},"modified":"2025-11-01T04:31:17","modified_gmt":"2025-11-01T04:31:17","slug":"maurene-tregouet-toujours-professionnelle-dans-une-equipe-etrangere-en-2026","status":"publish","type":"post","link":"https:\/\/www.europesays.com\/fr\/503754\/","title":{"rendered":"Maur\u00e8ne Tr\u00e9gou\u00ebt toujours professionnelle dans une \u00e9quipe \u00e9trang\u00e8re en 2026\u00a0?"},"content":{"rendered":"<p>Article r\u00e9serv\u00e9 aux abonn\u00e9s<\/p>\n<p class=\"tlg-author\">\n                Par<br \/>\n                Le T\u00e9l\u00e9gramme<\/p>\n<p>Le 31 octobre 2025 \u00e0 17h46<\/p>\n<p class=\"tlg-h5\">Apr\u00e8s l\u2019arr\u00eat d\u2019Ark\u00e9a-B&amp;B Hotels, la Morbihannaise Maur\u00e8ne Tr\u00e9gou\u00ebt (21 ans) devrait toujours \u00eatre professionnelle la saison prochaine. Elle pourrait rejoindre l\u2019\u00e9quipe anglaise CJ O\u2019Shea Racing.<\/p>\n<p><img fetchpriority=\"high\" decoding=\"async\" src=\"https:\/\/www.europesays.com\/fr\/wp-content\/uploads\/2025\/11\/6904e7d410e0c53fee06ff5f.1.jpeg\" width=\"960\" height=\"600\" class=\"web_golden_xl\" loading=\"eager\" alt=\"Maur\u00e8ne Tr\u00e9gou\u00ebt devrait toujours \u00eatre professionnelle la saison prochaine.\"\/>Maur\u00e8ne Tr\u00e9gou\u00ebt devrait toujours \u00eatre professionnelle la saison prochaine. (Photo Alan Pham)<\/p>\n","protected":false},"excerpt":{"rendered":"Article r\u00e9serv\u00e9 aux abonn\u00e9s Par Le T\u00e9l\u00e9gramme Le 31 octobre 2025 \u00e0 17h46 Apr\u00e8s l\u2019arr\u00eat d\u2019Ark\u00e9a-B&amp;B Hotels, la&hellip;\n","protected":false},"author":2,"featured_media":503755,"comment_status":"","ping_status":"","sticky":false,"template":"","format":"standard","meta":{"footnotes":""},"categories":[1411],"tags":[1154,207,11097,3166,1011,27,62604,60890,60],"class_list":{"0":"post-503754","1":"post","2":"type-post","3":"status-publish","4":"format-standard","5":"has-post-thumbnail","7":"category-cyclisme","8":"tag-cycling","9":"tag-cyclisme","10":"tag-cyclisme-feminin","11":"tag-en-continu-sports","12":"tag-fr","13":"tag-france","14":"tag-lizio","15":"tag-mercato-velo","16":"tag-sports"},"share_on_mastodon":{"url":"https:\/\/pubeurope.com\/@fr\/115472570230601835","error":""},"_links":{"self":[{"href":"https:\/\/www.europesays.com\/fr\/wp-json\/wp\/v2\/posts\/503754","targetHints":{"allow":["GET"]}}],"collection":[{"href":"https:\/\/www.europesays.com\/fr\/wp-json\/wp\/v2\/posts"}],"about":[{"href":"https:\/\/www.europesays.com\/fr\/wp-json\/wp\/v2\/types\/post"}],"author":[{"embeddable":true,"href":"https:\/\/www.europesays.com\/fr\/wp-json\/wp\/v2\/users\/2"}],"replies":[{"embeddable":true,"href":"https:\/\/www.europesays.com\/fr\/wp-json\/wp\/v2\/comments?post=503754"}],"version-history":[{"count":0,"href":"https:\/\/www.europesays.com\/fr\/wp-json\/wp\/v2\/posts\/503754\/revisions"}],"wp:featuredmedia":[{"embeddable":true,"href":"https:\/\/www.europesays.com\/fr\/wp-json\/wp\/v2\/media\/503755"}],"wp:attachment":[{"href":"https:\/\/www.europesays.com\/fr\/wp-json\/wp\/v2\/media?parent=503754"}],"wp:term":[{"taxonomy":"category","embeddable":true,"href":"https:\/\/www.europesays.com\/fr\/wp-json\/wp\/v2\/categories?post=503754"},{"taxonomy":"post_tag","embeddable":true,"href":"https:\/\/www.europesays.com\/fr\/wp-json\/wp\/v2\/tags?post=503754"}],"curies":[{"name":"wp","href":"https:\/\/api.w.org\/{rel}","templated":true}]}}