{"id":503765,"date":"2025-11-01T04:38:16","date_gmt":"2025-11-01T04:38:16","guid":{"rendered":"https:\/\/www.europesays.com\/fr\/503765\/"},"modified":"2025-11-01T04:38:16","modified_gmt":"2025-11-01T04:38:16","slug":"bientot-les-tuche-6-jean-paul-rouve-confie-avoir-une-nouvelle-idee-apres-londres","status":"publish","type":"post","link":"https:\/\/www.europesays.com\/fr\/503765\/","title":{"rendered":"Bient\u00f4t \u00ab\u00a0Les Tuche 6\u00a0\u00bb\u00a0? Jean-Paul Rouve confie avoir une nouvelle id\u00e9e apr\u00e8s Londres"},"content":{"rendered":"<p>        <img decoding=\"async\" loading=\"lazy\" src=\"https:\/\/www.europesays.com\/fr\/wp-content\/uploads\/2025\/11\/99a76da_upload-1-szehyb13eau2-afp-20250114-doucelin-theopeni250113-nptoq-v1-highres-peopleatthepenin.jpeg\"  width=\"728\" height=\"410\" alt=\"Jean-Paul Rouve, com\u00e9dien dans la saga \u00ab\u00a0Les Tuche\u00a0\u00bb  r\u00e9flechit \u00e0 une suite au 5e volet.\"\/>  <\/p>\n<p>ROMAIN DOUCELIN \/ NurPhoto via AFP<\/p>\n<p>Jean-Paul Rouve, com\u00e9dien dans la saga \u00ab\u00a0Les Tuche\u00a0\u00bb  r\u00e9flechit \u00e0 une suite au 5e volet.<\/p>\n<p class=\"asset asset-text\">CIN\u00c9MA \u2013 Des frites\u00a0! Des frites\u00a0! Des frites\u00a0!<a href=\"https:\/\/www.huffingtonpost.fr\/divertissement\/article\/les-tuche-3-et-le-palmashow-ont-trouve-une-nouvelle-jeunesse-depuis-la-demission-de-sebastien-lecornu_255746.html\" rel=\"nofollow noopener\" target=\"_blank\"> La famille nordiste la plus c\u00e9l\u00e8bre du cin\u00e9ma<\/a> fran\u00e7ais aura-t-elle le droit \u00e0 une suite\u00a0? Le r\u00e9alisateur et interpr\u00e8te de Jeff Tuche, <a href=\"https:\/\/www.huffingtonpost.fr\/faits-divers\/article\/apres-l-accident-d-isabelle-nanty-jean-paul-rouve-donne-des-nouvelles-rassurantes-de-l-actrice_254856.html\" rel=\"nofollow noopener\" target=\"_blank\">Jean-Paul Rouve<\/a>, invit\u00e9 ce jeudi 30\u00a0octobre dans l\u2019\u00e9mission Superplan sur <a href=\"https:\/\/www.huffingtonpost.fr\/divertissement\/article\/cyril-hanouna-commence-tout-beau-tout-neuf-sur-w9-et-recoit-les-encouragements-de-son-ancien-patron_254266.html\" rel=\"nofollow noopener\" target=\"_blank\">Canal+<\/a>, a affirm\u00e9 avoir quelque chose en t\u00eate pour les Tuche.<\/p>\n<p class=\"asset asset-text\">\u00ab\u00a0Je r\u00e9fl\u00e9chis l\u00e0. J\u2019ai une id\u00e9e\u00a0\u00bb, a-t-il confi\u00e9 sur le plateau de l\u2019\u00e9mission. Mais lorsqu\u2019il est interrog\u00e9 pour avoir plus de pr\u00e9cisions, le com\u00e9dien reste de marbre et ne divulgue pas plus d\u2019indice. Le cinqui\u00e8me volet de la saga des <a href=\"https:\/\/www.huffingtonpost.fr\/divertissement\/article\/les-tuche-3-et-le-palmashow-ont-trouve-une-nouvelle-jeunesse-depuis-la-demission-de-sebastien-lecornu_255746.html\" rel=\"nofollow noopener\" target=\"_blank\">Tuche<\/a>, God Save the Tuche, qui est sorti en d\u00e9but d\u2019ann\u00e9e, raconte les histoires loufoques de la famille Tuche en voyage de l\u2019autre c\u00f4t\u00e9 de la Manche.<\/p>\n<p class=\"asset asset-text\">Lors de la promotion du film, Jean-Paul Rouve, au cours d\u2019une interview pour le\u00a0<a href=\"https:\/\/authentication.leparisien.fr\/connexion\/?redirect_url=https:\/\/www.leparisien.fr\/culture-loisirs\/cinema\/les-tuche-on-aimerait-tous-etre-un-peu-comme-eux-jean-paul-rouve-se-confie-a-nos-lecteurs-01-02-2025-BIHWRITATNF57NXTTQRRH5KAFA.php\" target=\"_blank\" rel=\"noopener nofollow\" title=\"Nouvelle fen\u00eatre\">Parisien<\/a>, avait d\u00e9j\u00e0 laiss\u00e9 pressentir la possibilit\u00e9 d\u2019une suite. Seulement cette potentielle suite \u00e9tait soumise \u00e0 une condition qui \u00e9tait de \u00ab\u00a0laisser le public d\u00e9cider o\u00f9 se passera\u00a0\u00bb le prochain volet \u00e0 l\u2019aide d\u2019un \u00ab\u00a0r\u00e9f\u00e9rendum Tuche\u00a0\u00bb.<\/p>\n<p> La lecture de ce contenu est susceptible d\u2019entra\u00eener un d\u00e9p\u00f4t de cookies de la part de l\u2019op\u00e9rateur tiers qui l\u2019h\u00e9berge. Compte-tenu des choix que vous avez exprim\u00e9s en mati\u00e8re de d\u00e9p\u00f4t de cookies, nous avons bloqu\u00e9 l\u2019affichage de ce contenu. Si vous souhaitez y acc\u00e9der, vous devez accepter la cat\u00e9gorie de cookies \u201cContenus tiers\u201d en cliquant sur le bouton ci-dessous. <\/p>\n<p> Lire la Vid\u00e9o        <\/p>\n<p class=\"asset asset-text\">Rien n\u2019a filtr\u00e9 sur ce r\u00e9f\u00e9rendum Tuche, et Jean-Paul Rouve, qui joue Jeff Tuche dans les films, n\u2019a pas dit sur Canal+ si son id\u00e9e \u00e9tait inspir\u00e9e des propositions faites par les fans de la saga.<\/p>\n<p class=\"asset asset-text\">Dans les premiers films, la famille est pass\u00e9e par Monaco, Los Angeles ou encore l\u2019\u00c9lys\u00e9e. Dans le cinqui\u00e8me volet, les spectateurs retrouvent le clan Tuche en Angleterre. Jiji, le fils de St\u00e9phanie, doit r\u00e9aliser un stage de football dans la capitale britannique. Et \u00e0 cette occasion, la famille rencontre le roi Charles III et la reine Camilla. De quoi donner quelques sueurs froides aux Tuche qui ne ma\u00eetrisent en rien les codes de la haute aristocratie anglaise. Gros succ\u00e8s au box-office, le film a fr\u00f4l\u00e9 les 3\u00a0millions d\u2019entr\u00e9es.<\/p>\n","protected":false},"excerpt":{"rendered":"ROMAIN DOUCELIN \/ NurPhoto via AFP Jean-Paul Rouve, com\u00e9dien dans la saga \u00ab\u00a0Les Tuche\u00a0\u00bb r\u00e9flechit \u00e0 une suite&hellip;\n","protected":false},"author":2,"featured_media":503766,"comment_status":"","ping_status":"","sticky":false,"template":"","format":"standard","meta":{"footnotes":""},"categories":[1354],"tags":[650,4228,251,58,59,2081,1346,1011,27,5517,1360],"class_list":{"0":"post-503765","1":"post","2":"type-post","3":"status-publish","4":"format-standard","5":"has-post-thumbnail","7":"category-films","8":"tag-cinema","9":"tag-comedie","10":"tag-culture","11":"tag-divertissement","12":"tag-entertainment","13":"tag-film","14":"tag-films","15":"tag-fr","16":"tag-france","17":"tag-les-tuche","18":"tag-movies"},"share_on_mastodon":{"url":"https:\/\/pubeurope.com\/@fr\/115472597218206263","error":""},"_links":{"self":[{"href":"https:\/\/www.europesays.com\/fr\/wp-json\/wp\/v2\/posts\/503765","targetHints":{"allow":["GET"]}}],"collection":[{"href":"https:\/\/www.europesays.com\/fr\/wp-json\/wp\/v2\/posts"}],"about":[{"href":"https:\/\/www.europesays.com\/fr\/wp-json\/wp\/v2\/types\/post"}],"author":[{"embeddable":true,"href":"https:\/\/www.europesays.com\/fr\/wp-json\/wp\/v2\/users\/2"}],"replies":[{"embeddable":true,"href":"https:\/\/www.europesays.com\/fr\/wp-json\/wp\/v2\/comments?post=503765"}],"version-history":[{"count":0,"href":"https:\/\/www.europesays.com\/fr\/wp-json\/wp\/v2\/posts\/503765\/revisions"}],"wp:featuredmedia":[{"embeddable":true,"href":"https:\/\/www.europesays.com\/fr\/wp-json\/wp\/v2\/media\/503766"}],"wp:attachment":[{"href":"https:\/\/www.europesays.com\/fr\/wp-json\/wp\/v2\/media?parent=503765"}],"wp:term":[{"taxonomy":"category","embeddable":true,"href":"https:\/\/www.europesays.com\/fr\/wp-json\/wp\/v2\/categories?post=503765"},{"taxonomy":"post_tag","embeddable":true,"href":"https:\/\/www.europesays.com\/fr\/wp-json\/wp\/v2\/tags?post=503765"}],"curies":[{"name":"wp","href":"https:\/\/api.w.org\/{rel}","templated":true}]}}