{"id":503771,"date":"2025-11-01T04:42:18","date_gmt":"2025-11-01T04:42:18","guid":{"rendered":"https:\/\/www.europesays.com\/fr\/503771\/"},"modified":"2025-11-01T04:42:18","modified_gmt":"2025-11-01T04:42:18","slug":"voici-les-nouveautes-a-retenir","status":"publish","type":"post","link":"https:\/\/www.europesays.com\/fr\/503771\/","title":{"rendered":"voici les nouveaut\u00e9s \u00e0 retenir"},"content":{"rendered":"<p>Canva vient d\u2019annoncer des nouveaut\u00e9s majeures sous le nom pompeux de \u00ab\u00a0syst\u00e8me d\u2019exploitation cr\u00e9atif\u00a0\u00bb. Au-del\u00e0 du marketing, il y a de vraies nouveaut\u00e9s.<\/p>\n<p><a target=\"_blank\" href=\"https:\/\/images.frandroid.com\/wp-content\/uploads\/2025\/10\/image-99-36.jpg\" class=\"article-content__figure\" rel=\"nofollow noopener\"><img fetchpriority=\"high\" decoding=\"async\" loading=\"eager\" width=\"1200\" height=\"800\" src=\"https:\/\/www.europesays.com\/fr\/wp-content\/uploads\/2025\/11\/image-99-36.jpg\" alt=\"\" class=\"wp-image-2851313 wp-image wp-image\"  \/><\/a><\/p>\n<p><a href=\"https:\/\/www.frandroid.com\/telecharger\/apps\/canva\" rel=\"nofollow noopener\" target=\"_blank\">Canva<\/a> vient d\u2019annoncer son \u00ab\u00a0syst\u00e8me d\u2019exploitation cr\u00e9atif\u00a0\u00bb. Mais, ce n\u2019est pas un syst\u00e8me d\u2019exploitation. <\/p>\n<p>C\u2019est une suite d\u2019outils marketing avec un nom pompeux pour faire croire qu\u2019ils r\u00e9inventent l\u2019informatique. Mais attendez avant de zapper cet article, parce qu\u2019une fois qu\u2019on passe la couche de marketing, il y a de vraies innovations dans le tas. Et m\u00eame un coup strat\u00e9gique qui va faire grincer des dents chez Adobe.<\/p>\n<p>\u00ab\u00a0Syst\u00e8me d\u2019exploitation cr\u00e9atif\u00a0\u00bb : quand le marketing s\u2019emballe<\/p>\n<p><a href=\"https:\/\/www.frandroid.com\/telecharger\/apps\/canva\" rel=\"nofollow noopener\" target=\"_blank\">Canva<\/a> appelle sa nouvelle suite un \u00ab\u00a0syst\u00e8me d\u2019exploitation cr\u00e9atif\u00a0\u00bb. Cameron Adams, cofondateur, assume totalement : \u00ab\u00a0C\u2019est un v\u00e9ritable syst\u00e8me op\u00e9rationnel qui permet de g\u00e9rer l\u2019int\u00e9gralit\u00e9 du processus cr\u00e9atif.\u00a0\u00bb<\/p>\n<p>C\u2019est une collection d\u2019apps web int\u00e9gr\u00e9es. Un OS g\u00e8re votre processeur, votre m\u00e9moire, vos p\u00e9riph\u00e9riques. Canva\u2026 vous fait des pr\u00e9sentations PowerPoint jolies. La diff\u00e9rence est l\u00e9g\u00e8rement notable.<\/p>\n<p>Mais voil\u00e0 le truc : une fois qu\u2019on arr\u00eate de se focaliser sur ce nom ridicule, force est d\u2019admettre que leur strat\u00e9gie tient la route. Canva ne veut plus \u00eatre \u00ab\u00a0l\u2019outil de design facile pour les nuls\u00ab\u00a0. <\/p>\n<p>Ils veulent devenir votre espace de travail complet, concurrent direct de Google Workspace et Microsoft 365. Et honn\u00eatement ? Ils ont les moyens de leurs ambitions : <strong>260 millions d\u2019utilisateurs actifs<\/strong>, <strong>3,5 milliards de dollars de chiffre d\u2019affaires<\/strong>, <strong>95 % des entreprises du Fortune 500<\/strong> comme clients.<\/p>\n<p>Ces chiffres ne mentent pas. Canva est pass\u00e9 du statut de \u00ab\u00a0petit outil sympa\u00a0\u00bb \u00e0 celui de mastodonte qui fait trembler Adobe.<\/p>\n<p>La vraie innovation : un mod\u00e8le d\u2019IA qui comprend le design<\/p>\n<p>L\u00e0, on attaque les choses s\u00e9rieuses. Canva a d\u00e9velopp\u00e9 son propre mod\u00e8le d\u2019IA de conception, et ce n\u2019est pas juste un \u00e9ni\u00e8me g\u00e9n\u00e9rateur d\u2019images.<\/p>\n<p><video controls=\"\" src=\"https:\/\/images.frandroid.com\/wp-content\/uploads\/2025\/10\/CanvaDesignModelAI.mp4\"\/><\/p>\n<p><strong>La diff\u00e9rence<\/strong> : ce mod\u00e8le g\u00e9n\u00e8re des designs compos\u00e9s de <strong>calques et d\u2019objets modifiables<\/strong>, pas des images plates que vous ne pouvez plus toucher apr\u00e8s g\u00e9n\u00e9ration. Vous demandez un visuel Instagram ? L\u2019IA vous sort une composition avec texte modifiable, images s\u00e9par\u00e9es, arri\u00e8re-plan dissociable. Vous pouvez ensuite bidouiller chaque \u00e9l\u00e9ment.<\/p>\n<p><a target=\"_blank\" href=\"https:\/\/images.frandroid.com\/wp-content\/uploads\/2025\/10\/videoframe-4363.jpg\" class=\"article-content__figure\" rel=\"nofollow noopener\"><img loading=\"lazy\" decoding=\"async\" width=\"1200\" height=\"675\" src=\"https:\/\/www.europesays.com\/fr\/wp-content\/uploads\/2025\/11\/videoframe-4363-1200x675.jpg\" alt=\"\" class=\"wp-image-2851333 wp-image\"  \/><\/a><\/p>\n<p>Robert Kawalsky, responsable produits chez Canva, explique bien le probl\u00e8me qu\u2019ils r\u00e9solvent : \u00ab\u00a0Les mod\u00e8les de diffusion cr\u00e9ent des images plates. Les gens veulent pouvoir commencer par une amorce et aller loin, mais aussi it\u00e9rer directement par eux-m\u00eames\u00ab\u00a0.<\/p>\n<p>C\u2019est exactement le pi\u00e8ge actuel des g\u00e9n\u00e9rateurs d\u2019images classiques : vous g\u00e9n\u00e9rez, \u00e7a ne vous pla\u00eet pas \u00e0 100 %, vous r\u00e9g\u00e9n\u00e9rez, vous esp\u00e9rez, vous maudissez l\u2019IA. Avec l\u2019approche Canva, vous g\u00e9n\u00e9rez puis vous <strong>modifiez manuellement<\/strong> ce qui ne va pas. Logique. Efficace.<\/p>\n<p>Le mod\u00e8le s\u2019adapte aussi automatiquement au format demand\u00e9 : post Instagram, pr\u00e9sentation, site web, tableau blanc. Et il peut d\u00e9sormais g\u00e9n\u00e9rer des <strong>objets 3D<\/strong> (pratique pour les mockups produits) et reproduire le style graphique d\u2019un design existant pour garder la coh\u00e9rence visuelle.<\/p>\n<p>Canva Grow : ils veulent manger le march\u00e9 des agences marketing<\/p>\n<p>Nouvelle plateforme qui devrait inqui\u00e9ter s\u00e9rieusement les agences web et les freelances marketing : <strong>Canva Grow<\/strong>. C\u2019est une suite marketing compl\u00e8te qui permet de :<\/p>\n<ul class=\"wp-block-list\">\n<li>Cr\u00e9er des publicit\u00e9s avec l\u2019IA<\/li>\n<li>Les publier directement sur Meta (Facebook\/Instagram)<\/li>\n<li>Analyser les performances en temps r\u00e9el<\/li>\n<li>Optimiser automatiquement selon les r\u00e9sultats<\/li>\n<\/ul>\n<p>Canva a rachet\u00e9 <strong>MagicBrief<\/strong> (outil d\u2019analyse publicitaire) en d\u00e9but d\u2019ann\u00e9e pour alimenter cette plateforme. L\u2019id\u00e9e : l\u2019IA apprend de vos campagnes pr\u00e9c\u00e9dentes pour am\u00e9liorer les suivantes. <\/p>\n<p><a target=\"_blank\" href=\"https:\/\/images.frandroid.com\/wp-content\/uploads\/2025\/10\/image-101.jpg\" class=\"article-content__figure\" rel=\"nofollow noopener\"><img loading=\"lazy\" decoding=\"async\" width=\"1200\" height=\"675\" src=\"https:\/\/www.europesays.com\/fr\/wp-content\/uploads\/2025\/11\/image-101-1200x675.jpg\" alt=\"\" class=\"wp-image-2851335 wp-image\"  \/><\/a><\/p>\n<p>Du machine learning appliqu\u00e9 au marketing, rien de r\u00e9volutionnaire dans le concept mais l\u2019int\u00e9gration compl\u00e8te (cr\u00e9ation + diffusion + analyse) dans un seul outil, c\u2019est nouveau.<\/p>\n<p><video controls=\"\" src=\"https:\/\/images.frandroid.com\/wp-content\/uploads\/2025\/10\/CanvaGrowCreateAds.mp4\"\/><\/p>\n<p><strong>Le probl\u00e8me<\/strong> : cette fonctionnalit\u00e9 s\u2019adresse clairement aux PME et \u00e9quipes marketing internes. Autrement dit, Canva veut d\u00e9sinterm\u00e9dier les agences cr\u00e9atives. Pour un graphiste freelance ou une petite agence, c\u2019est une menace directe sur leur business model.<\/p>\n<p><video controls=\"\" src=\"https:\/\/images.frandroid.com\/wp-content\/uploads\/2025\/10\/CanvaAI-PoweredDesign.mp4\"\/><\/p>\n<p>Et la grosse news strat\u00e9gique qui est presque pass\u00e9e sous silence dans l\u2019annonce.<\/p>\n<p><strong>Affinity<\/strong>, la suite de design pro que Canva a rachet\u00e9e en 2024 pour concurrencer Adobe (Photoshop, Illustrator, InDesign), <strong><a href=\"https:\/\/www.frandroid.com\/produits-android\/2851311_le-coup-de-canva-contre-adobe-affinity-devient-gratuit-a-vie\" rel=\"nofollow noopener\" target=\"_blank\">devient gratuite<\/a>. \u00c0 vie. Pour tout le monde.<\/strong><\/p>\n<p>https:\/\/www.frandroid.com\/produits-android\/2851311_le-coup-de-canva-contre-adobe-affinity-devient-gratuit-a-vie<\/p>\n<p>Canva aurait pu annoncer toutes ces nouveaut\u00e9s sans inventer le terme de \u00ab\u00a0syst\u00e8me d\u2019exploitation cr\u00e9atif\u00a0\u00bb. Mais passons sur le nom ridicule, parce que <strong>le fond est solide<\/strong>.<\/p>\n<p>Canva est en train de construire une alternative cr\u00e9dible \u00e0 l\u2019\u00e9cosyst\u00e8me Adobe + Google Workspace + Microsoft 365. Leur strat\u00e9gie est agressive mais coh\u00e9rente. <\/p>\n","protected":false},"excerpt":{"rendered":"Canva vient d\u2019annoncer des nouveaut\u00e9s majeures sous le nom pompeux de \u00ab\u00a0syst\u00e8me d\u2019exploitation cr\u00e9atif\u00a0\u00bb. Au-del\u00e0 du marketing, il&hellip;\n","protected":false},"author":2,"featured_media":503772,"comment_status":"","ping_status":"","sticky":false,"template":"","format":"standard","meta":{"footnotes":""},"categories":[7],"tags":[62605,7212,1011,27,43,40,41,39,42,44],"class_list":{"0":"post-503771","1":"post","2":"type-post","3":"status-publish","4":"format-standard","5":"has-post-thumbnail","7":"category-sciences-et-technologies","8":"tag-affinity-designer","9":"tag-canva","10":"tag-fr","11":"tag-france","12":"tag-science","13":"tag-science-and-technology","14":"tag-sciences","15":"tag-sciences-et-technologies","16":"tag-technologies","17":"tag-technology"},"share_on_mastodon":{"url":"https:\/\/pubeurope.com\/@fr\/115472613604005885","error":""},"_links":{"self":[{"href":"https:\/\/www.europesays.com\/fr\/wp-json\/wp\/v2\/posts\/503771","targetHints":{"allow":["GET"]}}],"collection":[{"href":"https:\/\/www.europesays.com\/fr\/wp-json\/wp\/v2\/posts"}],"about":[{"href":"https:\/\/www.europesays.com\/fr\/wp-json\/wp\/v2\/types\/post"}],"author":[{"embeddable":true,"href":"https:\/\/www.europesays.com\/fr\/wp-json\/wp\/v2\/users\/2"}],"replies":[{"embeddable":true,"href":"https:\/\/www.europesays.com\/fr\/wp-json\/wp\/v2\/comments?post=503771"}],"version-history":[{"count":0,"href":"https:\/\/www.europesays.com\/fr\/wp-json\/wp\/v2\/posts\/503771\/revisions"}],"wp:featuredmedia":[{"embeddable":true,"href":"https:\/\/www.europesays.com\/fr\/wp-json\/wp\/v2\/media\/503772"}],"wp:attachment":[{"href":"https:\/\/www.europesays.com\/fr\/wp-json\/wp\/v2\/media?parent=503771"}],"wp:term":[{"taxonomy":"category","embeddable":true,"href":"https:\/\/www.europesays.com\/fr\/wp-json\/wp\/v2\/categories?post=503771"},{"taxonomy":"post_tag","embeddable":true,"href":"https:\/\/www.europesays.com\/fr\/wp-json\/wp\/v2\/tags?post=503771"}],"curies":[{"name":"wp","href":"https:\/\/api.w.org\/{rel}","templated":true}]}}