{"id":503776,"date":"2025-11-01T04:44:11","date_gmt":"2025-11-01T04:44:11","guid":{"rendered":"https:\/\/www.europesays.com\/fr\/503776\/"},"modified":"2025-11-01T04:44:11","modified_gmt":"2025-11-01T04:44:11","slug":"trump-promet-de-sauver-le-programme-daide-alimentaire-americain","status":"publish","type":"post","link":"https:\/\/www.europesays.com\/fr\/503776\/","title":{"rendered":"Trump promet de sauver le programme d\u2019aide alimentaire am\u00e9ricain"},"content":{"rendered":"<p>Face \u00e0 la menace d\u2019un gel du principal programme d\u2019<a href=\"https:\/\/www.20minutes.fr\/dossier\/aide_alimentaire\" target=\"_blank\" class=\"c-link c-link--is-underlined\" rel=\"nofollow noopener\">aide alimentaire<\/a> am\u00e9ricain ce samedi, <a href=\"https:\/\/www.20minutes.fr\/dossier\/donald_trump\" target=\"_blank\" class=\"c-link c-link--is-underlined\" rel=\"nofollow noopener\">Donald Trump<\/a> s\u2019est dit pr\u00eat \u00e0 intervenir personnellement pour \u00e9viter que des millions de foyers ne soient priv\u00e9s d\u2019assistance. Dans la journ\u00e9e, Mike Johnson, \u00e9lu r\u00e9publicain et pr\u00e9sident de la Chambre des repr\u00e9sentants, avait accus\u00e9 les d\u00e9mocrates de \u00ab continuer leurs jeux politiciens \u00e0 Washington \u00bb. \u00ab Vous allez avoir de vrais gens, de vraies familles \u2013 vous allez avoir des enfants \u2013 qui souffriront de la faim d\u00e8s ce week-end \u00bb, a-t-il encore dit.<\/p>\n<p>De son c\u00f4t\u00e9, le pr\u00e9sident am\u00e9ricain a assur\u00e9 sur Truth Social qu\u2019il assumerait <a href=\"https:\/\/www.20minutes.fr\/monde\/etats-unis\/4182707-20251031-etats-unis-millions-americains-risquent-perdre-bons-alimentaires-cause-shutdown\" target=\"_blank\" class=\"c-link c-link--is-underlined\" rel=\"nofollow noopener\">le financement du programme SNAP<\/a>, menac\u00e9 d\u2019interruption en raison du \u00ab\u00a0shutdown\u00a0\u00bb qui frappe le pays depuis un mois. \u00ab\u00a0Je ne veux pas que les Am\u00e9ricains aient faim [\u2026] Si le <a href=\"https:\/\/www.20minutes.fr\/dossier\/tribunal\" target=\"_blank\" class=\"c-link c-link--is-underlined\" rel=\"nofollow noopener\">tribunal<\/a> nous donne les directives juridiques appropri\u00e9es, ce sera MON HONNEUR de fournir le financement\u00a0\u00bb, a-t-il affirm\u00e9 sur son r\u00e9seau social, dans un ton m\u00ealant fermet\u00e9 et d\u00e9fi face aux critiques.<\/p>\n<\/p>\n<p>Trump veut-il redorer son image\u00a0?<\/p>\n<p>Cette d\u00e9claration intervient apr\u00e8s qu\u2019un juge f\u00e9d\u00e9ral a ordonn\u00e9 au <a href=\"https:\/\/www.20minutes.fr\/politique\/ministre-agriculture\/\" target=\"_blank\" class=\"c-link c-link--is-underlined\" rel=\"nofollow noopener\">minist\u00e8re de l\u2019Agriculture<\/a> d\u2019utiliser des fonds d\u2019urgence pour maintenir le programme, malgr\u00e9 les affirmations de l\u2019administration selon lesquelles les caisses seraient d\u00e9sormais vides. Cette d\u00e9cision de justice contraint l\u2019ex\u00e9cutif \u00e0 agir pour garantir la continuit\u00e9 du <a href=\"https:\/\/www.fns.usda.gov\/snap\/supplemental-nutrition-assistance-program\" rel=\"nofollow noopener\" target=\"_blank\" class=\"c-link c-link--is-underlined\">Supplemental Nutrition Assistance Program<\/a>, dont d\u00e9pendent plus de 42\u00a0millions d\u2019Am\u00e9ricains.<\/p>\n<p><a href=\"https:\/\/www.20minutes.fr\/monde\/etats-unis\/\" target=\"_blank\" class=\"c-link c-btn c-btn--primary\" rel=\"nofollow noopener\">Notre dossier sur les Etats-Unis<\/a><\/p>\n<p>Alors que le \u00ab\u00a0shutdown\u00a0\u00bb plonge l\u2019administration dans une crise prolong\u00e9e, le sort du programme SNAP cristallise les tensions politiques \u00e0 Washington. Le geste annonc\u00e9 de Donald Trump, s\u2019il se confirme, marquerait un tournant inattendu dans la gestion de cette impasse budg\u00e9taire et pourrait redorer son image aupr\u00e8s des foyers les plus modestes, particuli\u00e8rement touch\u00e9s par la suspension des aides f\u00e9d\u00e9rales.<\/p>\n","protected":false},"excerpt":{"rendered":"Face \u00e0 la menace d\u2019un gel du principal programme d\u2019aide alimentaire am\u00e9ricain ce samedi, Donald Trump s\u2019est dit&hellip;\n","protected":false},"author":2,"featured_media":503777,"comment_status":"","ping_status":"","sticky":false,"template":"","format":"standard","meta":{"footnotes":""},"categories":[5],"tags":[47,11,20477,1003,75,73,16103,1011,27,14,74,12,2744,28],"class_list":{"0":"post-503776","1":"post","2":"type-post","3":"status-publish","4":"format-standard","5":"has-post-thumbnail","7":"category-international","8":"tag-actualite","9":"tag-actualites","10":"tag-aide-alimentaire","11":"tag-budget","12":"tag-donald-trump","13":"tag-etats-unis","14":"tag-fonds","15":"tag-fr","16":"tag-france","17":"tag-international","18":"tag-monde","19":"tag-news","20":"tag-washington","21":"tag-world"},"share_on_mastodon":{"url":"https:\/\/pubeurope.com\/@fr\/115472621036251725","error":""},"_links":{"self":[{"href":"https:\/\/www.europesays.com\/fr\/wp-json\/wp\/v2\/posts\/503776","targetHints":{"allow":["GET"]}}],"collection":[{"href":"https:\/\/www.europesays.com\/fr\/wp-json\/wp\/v2\/posts"}],"about":[{"href":"https:\/\/www.europesays.com\/fr\/wp-json\/wp\/v2\/types\/post"}],"author":[{"embeddable":true,"href":"https:\/\/www.europesays.com\/fr\/wp-json\/wp\/v2\/users\/2"}],"replies":[{"embeddable":true,"href":"https:\/\/www.europesays.com\/fr\/wp-json\/wp\/v2\/comments?post=503776"}],"version-history":[{"count":0,"href":"https:\/\/www.europesays.com\/fr\/wp-json\/wp\/v2\/posts\/503776\/revisions"}],"wp:featuredmedia":[{"embeddable":true,"href":"https:\/\/www.europesays.com\/fr\/wp-json\/wp\/v2\/media\/503777"}],"wp:attachment":[{"href":"https:\/\/www.europesays.com\/fr\/wp-json\/wp\/v2\/media?parent=503776"}],"wp:term":[{"taxonomy":"category","embeddable":true,"href":"https:\/\/www.europesays.com\/fr\/wp-json\/wp\/v2\/categories?post=503776"},{"taxonomy":"post_tag","embeddable":true,"href":"https:\/\/www.europesays.com\/fr\/wp-json\/wp\/v2\/tags?post=503776"}],"curies":[{"name":"wp","href":"https:\/\/api.w.org\/{rel}","templated":true}]}}