{"id":503782,"date":"2025-11-01T04:48:11","date_gmt":"2025-11-01T04:48:11","guid":{"rendered":"https:\/\/www.europesays.com\/fr\/503782\/"},"modified":"2025-11-01T04:48:11","modified_gmt":"2025-11-01T04:48:11","slug":"saint-etienne-des-navettes-gratuites-pour-la-toussaint","status":"publish","type":"post","link":"https:\/\/www.europesays.com\/fr\/503782\/","title":{"rendered":"Saint-\u00c9tienne. Des navettes gratuites pour la Toussaint"},"content":{"rendered":"<p>\u00c0 l\u2019occasion de la Toussaint, la ville de Saint-\u00c9tienne, en partenariat avec la Stas, met en place, vendredi 31\u00a0octobre et samedi 1er \u00a0novembre, des navettes gratuites permettant aux habitants de se rendre dans les cimeti\u00e8res de C\u00f4te-Chaude, Montmartre, Le Soleil, Valbeno\u00eete, Cr\u00eat-de-Roc, et Terrenoire.<\/p>\n<p>  Cimeti\u00e8re de Montmartre<\/p>\n<p>Vendredi 31\u00a0octobre et samedi 1er \u00a0novembre, d\u00e9part place Raspail \u00e0 partir de 14\u00a0heures (toutes les 20 minutes).<\/p>\n<p>Navettes cimeti\u00e8re de C\u00f4te-Chaude\u00a0: vendredi 31\u00a0octobre et samedi 1er \u00a0novembre, d\u00e9part place de la R\u00e9publique (arr\u00eat C\u00f4te-Chaude de la ligne M7) \u00e0 partir de 14\u00a0h\u00a015 (toutes les 15 minutes).<\/p>\n<p>  Cimeti\u00e8re du Soleil<\/p>\n<p>Samedi 1er \u00a0novembre, d\u00e9part square Violette \u00e0 partir de 14\u00a0h\u00a015 (toutes les 30 minutes).<\/p>\n<p>  Cimeti\u00e8re de Valbeno\u00eete<\/p>\n<p>Samedi 1er \u00a0novembre, d\u00e9part place Jean-Moulin \u00e0 partir de 14\u00a0heures (toutes les 30 minutes).<\/p>\n<p>  Cimeti\u00e8re du Cr\u00eat-de-Roc<\/p>\n<p>Samedi 1er \u00a0novembre, d\u00e9part de l\u2019h\u00f4tel de ville (arr\u00eat lignes 12, 13, 16, 21) \u00e0 partir de 9\u00a0heures (toutes les 30 minutes) et l\u2019apr\u00e8s-midi \u00e0 partir de 14\u00a0h\u00a015 (toutes les 30 minutes).<\/p>\n<p>  Cimeti\u00e8re de Terrenoire<\/p>\n<p>Samedi 1er \u00a0novembre, d\u00e9part depuis le terminus de la ligne M3 (Terrenoire) \u00e0 partir de 13\u00a0h\u00a030 (toutes les 35 minutes).<\/p>\n<p class=\"note\">Informations compl\u00e9mentaires sur le site www.reseau-stas.fr<\/p>\n","protected":false},"excerpt":{"rendered":"\u00c0 l\u2019occasion de la Toussaint, la ville de Saint-\u00c9tienne, en partenariat avec la Stas, met en place, vendredi&hellip;\n","protected":false},"author":2,"featured_media":30227,"comment_status":"","ping_status":"","sticky":false,"template":"","format":"standard","meta":{"footnotes":""},"categories":[9653],"tags":[1111,11,2430,7539,1777,674,1011,27,12,25,4001,7538,104],"class_list":{"0":"post-503782","1":"post","2":"type-post","3":"status-publish","4":"format-standard","5":"has-post-thumbnail","7":"category-saint-etienne","8":"tag-actu","9":"tag-actualites","10":"tag-auvergne-rhone-alpes","11":"tag-edition-loire-sud","12":"tag-eu","13":"tag-europe","14":"tag-fr","15":"tag-france","16":"tag-news","17":"tag-republique-francaise","18":"tag-saint-etienne","19":"tag-saint-etienne-ville","20":"tag-societe"},"share_on_mastodon":{"url":"https:\/\/pubeurope.com\/@fr\/115472636907042046","error":""},"_links":{"self":[{"href":"https:\/\/www.europesays.com\/fr\/wp-json\/wp\/v2\/posts\/503782","targetHints":{"allow":["GET"]}}],"collection":[{"href":"https:\/\/www.europesays.com\/fr\/wp-json\/wp\/v2\/posts"}],"about":[{"href":"https:\/\/www.europesays.com\/fr\/wp-json\/wp\/v2\/types\/post"}],"author":[{"embeddable":true,"href":"https:\/\/www.europesays.com\/fr\/wp-json\/wp\/v2\/users\/2"}],"replies":[{"embeddable":true,"href":"https:\/\/www.europesays.com\/fr\/wp-json\/wp\/v2\/comments?post=503782"}],"version-history":[{"count":0,"href":"https:\/\/www.europesays.com\/fr\/wp-json\/wp\/v2\/posts\/503782\/revisions"}],"wp:featuredmedia":[{"embeddable":true,"href":"https:\/\/www.europesays.com\/fr\/wp-json\/wp\/v2\/media\/30227"}],"wp:attachment":[{"href":"https:\/\/www.europesays.com\/fr\/wp-json\/wp\/v2\/media?parent=503782"}],"wp:term":[{"taxonomy":"category","embeddable":true,"href":"https:\/\/www.europesays.com\/fr\/wp-json\/wp\/v2\/categories?post=503782"},{"taxonomy":"post_tag","embeddable":true,"href":"https:\/\/www.europesays.com\/fr\/wp-json\/wp\/v2\/tags?post=503782"}],"curies":[{"name":"wp","href":"https:\/\/api.w.org\/{rel}","templated":true}]}}