{"id":503798,"date":"2025-11-01T04:59:32","date_gmt":"2025-11-01T04:59:32","guid":{"rendered":"https:\/\/www.europesays.com\/fr\/503798\/"},"modified":"2025-11-01T04:59:32","modified_gmt":"2025-11-01T04:59:32","slug":"une-tour-victime-de-la-paralysie-ville-metropole","status":"publish","type":"post","link":"https:\/\/www.europesays.com\/fr\/503798\/","title":{"rendered":"UNE TOUR VICTIME DE LA PARALYSIE VILLE\/M\u00c9TROPOLE"},"content":{"rendered":"<p>Posted On 31 octobre 2025 <\/p>\n<p style=\"text-align: justify;\">Au 16 de la rue Maurice Dodero <a href=\"https:\/\/grenoble-le-changement.fr\/2020\/01\/18\/village-olympique-vigny-musset-le-cri-dalarme-des-habitants\/\" rel=\"nofollow noopener\" target=\"_blank\">au Village Olympique<\/a> une tour de 15 \u00e9tages subit depuis 10 ans des odeurs pestilentielles chaque fois qu&rsquo;il pleut. Les caves sont inond\u00e9es mais comme les \u00e9gouts voisins sont bouch\u00e9s par l&rsquo;absence d&rsquo;entretien, les amas de feuilles mortes plus ramass\u00e9es, les eaux us\u00e9es se d\u00e9versent aussi dans les caves qui deviennent des cuvettes de WC \u00e0 ciel ouvert.\u00a0<\/p>\n<p style=\"text-align: justify;\">Les caves sont donc envahies par les rats, les cafards et tout ce qui peut fourmiller dans les excr\u00e9ments. Les odeurs naus\u00e9abondes envahissent tous les \u00e9tages.\u00a0\u00a0<\/p>\n<p><a href=\"https:\/\/grenoble-le-changement.fr\/wp-content\/uploads\/2025\/10\/20250213_091143-scaled.jpg\" rel=\"lightbox[85856] nofollow noopener\" target=\"_blank\"><img decoding=\"async\" data-id=\"85858\" src=\"https:\/\/grenoble-le-changement.fr\/wp-content\/uploads\/2025\/10\/20250213_091143-576x1024.jpg\" alt=\"\" class=\"wp-image-85858 jetpack-lazy-image\" data-lazy-src=\"https:\/\/www.europesays.com\/fr\/wp-content\/uploads\/2025\/11\/20250213_091143-576x1024.jpg\" \/><\/a><\/p>\n<p><a href=\"https:\/\/grenoble-le-changement.fr\/wp-content\/uploads\/2025\/10\/20250213_091115-scaled.jpg\" rel=\"lightbox[85856] nofollow noopener\" target=\"_blank\"><img decoding=\"async\" data-id=\"85859\" src=\"https:\/\/grenoble-le-changement.fr\/wp-content\/uploads\/2025\/10\/20250213_091115-576x1024.jpg\" alt=\"\" class=\"wp-image-85859 jetpack-lazy-image\" data-lazy-src=\"https:\/\/www.europesays.com\/fr\/wp-content\/uploads\/2025\/11\/20250213_091115-576x1024.jpg\" \/><\/a><br \/>\nLes caves du 16 rue Dodero au Village Olympique depuis 10 ans : manque l&rsquo;odeur &#8230;.<\/p>\n<p><strong>LES \u00c9LUS DE LA MAJORIT\u00c9 MUNICIPALE ONT AUTRE CHOSE \u00c0 FAIRE<\/strong><\/p>\n<p style=\"text-align: justify;\">Bien entendu les habitants alertent. Ils t\u00e9l\u00e9phonent. Ils \u00e9crivent des mails. Il parait qu&rsquo;existe une \u00e9lue de secteur, Chlo\u00e9 Pantel (Verts\/LFI) qu&rsquo;ils n&rsquo;ont jamais vu. Ne parlons pas du Maire. Ce serait trop demander. Piolle <a href=\"https:\/\/grenoble-le-changement.fr\/2025\/01\/02\/2025-e-piolle-relance-sa-campagne-presidentielle\/\" rel=\"nofollow noopener\" target=\"_blank\">concourt pour \u00eatre Pr\u00e9sident de la R\u00e9publique <\/a>(!). Il a autre <a href=\"https:\/\/grenoble-le-changement.fr\/2021\/09\/22\/e-piolle-quand-je-serai-president\/\" rel=\"nofollow noopener\" target=\"_blank\">chose \u00e0 faire<\/a>. La majorit\u00e9 municipale, elle, <a href=\"https:\/\/grenoble-le-changement.fr\/2025\/02\/12\/la-ville-jette-largent-par-les-fenetres-pour-des-chartes-inutiles\/\" rel=\"nofollow noopener\" target=\"_blank\">est trop occup\u00e9e \u00e0 voter des chartes,<\/a> des \u00ab\u00a0d\u00e9lib\u00e9rations cadres\u00a0\u00bb, des v\u0153ux pour soutenir les plus d\u00e9favoris\u00e9s ou \u00ab\u00a0l&rsquo;inclusion\u00a0\u00bb &#8230; pour s&rsquo;occuper d&rsquo;une tour du <a href=\"https:\/\/grenoble-le-changement.fr\/2019\/08\/19\/village-olympique-nouveau-saint-bruno\/\" rel=\"nofollow noopener\" target=\"_blank\">Village Olympique et de ses habitants.<\/a><\/p>\n<p style=\"text-align: justify;\"><strong>RENVOY\u00c9S DE LA VILLE \u00c0 LA M\u00c9TRO, DE LA M\u00c9TRO \u00c0 LA VILLE<\/strong><\/p>\n<p style=\"text-align: justify;\">La repr\u00e9sentante du comit\u00e9 des habitants du 16 <a href=\"https:\/\/grenoble-le-changement.fr\/wp-admin\/post.php?post=85856&amp;action=edit\" rel=\"nofollow noopener\" target=\"_blank\">explique parfaitement au c\u00e9l\u00e8bre Tiktokeur Guizmaths<\/a> la situation Kafka\u00efenne que ceux ci affrontent. Ils sont renvoy\u00e9s de la ville \u00e0 la M\u00e9tro et de la M\u00e9tro \u00e0 la ville. La SDHLM fait \u00e0 peu pr\u00e8s son boulot en venant r\u00e9guli\u00e8rement pomper l&rsquo;eau des caves et recommence quand elle peut.\u00a0<\/p>\n<p style=\"text-align: justify;\"><strong>\u00ab\u00a0VOTRE DOSSIER SERA PRIS EN COMPTE DANS 6 \u00c0 8 SEMAINES&#8230;\u00a0\u00bb<\/strong><\/p>\n<p style=\"text-align: justify;\">Ils re\u00e7oivent des r\u00e9ponses-type, bateau, inadapt\u00e9es, du \u00ab\u00a0service de la sant\u00e9 environnementale\u00a0\u00bb du genre : \u00ab\u00a0Compte tenu du plan de charge du service, et du nombre de situations graves et urgentes en cours de traitement, votre dossier sera pris en charge dans un d\u00e9lai de six \u00e0 huit semaines. Pass\u00e9 ce d\u00e9lai, si vous n\u2019avez pas de retour de notre service, vous pouvez contacter M. &#8230;. Si la situation n\u00e9cessite une enqu\u00eate environnementale sur site, il vous contactera par t\u00e9l\u00e9phone pour fixer un RV, Si la situation n\u00e9cessite une enqu\u00eate environnementale chez un tiers (commerce, voisin, etc\u2026), il vous informera des suites par courrier. Si la situation ne n\u00e9cessite pas de constat sur site, une r\u00e9ponse vous sera apport\u00e9e par courriel. Si vous n\u2019\u00eates pas sollicit\u00e9 par le technicien dans les 6 \u00e0 8 semaines, re-contactez-le&#8230;.\u00a0\u00bb<\/p>\n<p><a href=\"https:\/\/grenoble-le-changement.fr\/wp-content\/uploads\/2025\/10\/Capture-de\u0301cran-2025-10-30-a\u0300-11.58.50.png\" rel=\"lightbox[85856] nofollow noopener\" target=\"_blank\"><img decoding=\"async\" data-id=\"85862\" src=\"https:\/\/grenoble-le-changement.fr\/wp-content\/uploads\/2025\/10\/Capture-de\u0301cran-2025-10-30-a\u0300-11.58.50.png\" alt=\"\" class=\"wp-image-85862 jetpack-lazy-image\" data-lazy-src=\"https:\/\/www.europesays.com\/fr\/wp-content\/uploads\/2025\/11\/Capture-de\u0301cran-2025-10-30-a\u0300-11.58.50.png\" \/><\/a><\/p>\n<p><a href=\"https:\/\/grenoble-le-changement.fr\/wp-content\/uploads\/2025\/10\/Capture-de\u0301cran-2025-10-30-a\u0300-11.57.45.png\" rel=\"lightbox[85856] nofollow noopener\" target=\"_blank\"><img decoding=\"async\" data-id=\"85860\" src=\"https:\/\/grenoble-le-changement.fr\/wp-content\/uploads\/2025\/10\/Capture-de\u0301cran-2025-10-30-a\u0300-11.57.45.png\" alt=\"\" class=\"wp-image-85860 jetpack-lazy-image\" data-lazy-src=\"https:\/\/www.europesays.com\/fr\/wp-content\/uploads\/2025\/11\/Capture-de\u0301cran-2025-10-30-a\u0300-11.57.45.png\" \/><\/a><br \/>\nLes \u00e9gouts bouch\u00e9s par l&rsquo;absence d&rsquo;entretien ville d\u00e9pendent de la M\u00e9tropole, les habitants sont balad\u00e9s d&rsquo;un service \u00e0 l&rsquo;autre&#8230;<\/p>\n<p><strong>PIOLLE ARRIV\u00c9 EN RETARD, PARLE 2 MN ET S&rsquo;EN VA <\/strong><\/p>\n<p style=\"text-align: justify;\">10 ans ! Les habitants ont eu un espoir puisqu&rsquo;Eric Piolle a consenti a venir inaugurer avec Christophe Ferrari la r\u00e9novation des tours r\u00e9alis\u00e9e par la SDH. Il est arriv\u00e9 en v\u00e9lo en retard, a prononc\u00e9 un discours de 2mn et a disparu. Aucun habitant n&rsquo;a pu lui parler. La responsable du comit\u00e9 des habitants du 16 attendait pourtant ce moment avec impatience. Aucun autre \u00e9lu de la majorit\u00e9 municipale n&rsquo;\u00e9tait pr\u00e9sent pour r\u00e9pondre de la situation.\u00a0<\/p>\n<p style=\"text-align: justify;\"><strong>L. RUFFIN SA CANDIDATE VEUT CONTINUER EN TROMPANT TOUT LE MONDE<\/strong><\/p>\n<p style=\"text-align: justify;\">Ce m\u00e9pris des quartiers populaires et cette suffisance insupportable de donneur de le\u00e7ons c&rsquo;est ce que Laurence Ruffin, sa candidate, <a href=\"https:\/\/grenoble-le-changement.fr\/2025\/10\/19\/sante-la-liste-piolle-ruffin-trompe-les-grenoblois\/\" rel=\"nofollow noopener\" target=\"_blank\">voudrait prolonger.<\/a> En disparaissant du paysage pour passer entre les gouttes, tromper tout le monde. Une op\u00e9ration Piolle III, r\u00e9p\u00e9tition de 2014 o\u00f9 on croyait h\u00e9riter du gendre id\u00e9al. Souriant, d&rsquo;jeun et ouvert&#8230;.\u00a0<\/p>\n<p style=\"text-align: justify;\"><strong>LA VID\u00c9O DE GUIZMATHS REND LES \u00c9LUS MALADES<\/strong><\/p>\n<p style=\"text-align: justify;\">Mais les habitants ne s&rsquo;y trompent pas. Sur la vid\u00e9o <a target=\"_blank\" href=\"https:\/\/www.youtube.com\/watch?v=G4kiDTVKc0g\" rel=\"nofollow noopener\">r\u00e9alis\u00e9e par Guizmaths, ils annoncent clairement \u00ab\u00a0attendre Alain Carignon\u00a0\u00bb. <\/a>Le leader de l&rsquo;opposition leur a d&rsquo;ailleurs rendu visite et tent\u00e9 de faire ce qu&rsquo;il ferait s&rsquo;il en avait l&rsquo;autorit\u00e9, mettre en rapport les services pour que le probl\u00e8me de fond soit trait\u00e9 : le d\u00e9versement des eaux us\u00e9es.<\/p>\n<p style=\"text-align: justify;\">Il aurait pourtant suffit d&rsquo;une intervention du Maire, responsable de la salubrit\u00e9 de la ville, depuis 10 ans pour mettre fin \u00e0 cette insupportable situation.\u00a0<\/p>\n<p><a href=\"https:\/\/grenoble-le-changement.fr\/wp-content\/uploads\/2025\/10\/Capture-de\u0301cran-2025-10-30-a\u0300-12.21.01.png\" rel=\"lightbox[85856] nofollow noopener\" target=\"_blank\"><img decoding=\"async\" data-id=\"85865\" src=\"https:\/\/grenoble-le-changement.fr\/wp-content\/uploads\/2025\/10\/Capture-de\u0301cran-2025-10-30-a\u0300-12.21.01-890x1024.png\" alt=\"\" class=\"wp-image-85865 jetpack-lazy-image\" data-lazy-src=\"https:\/\/www.europesays.com\/fr\/wp-content\/uploads\/2025\/11\/Capture-de\u0301cran-2025-10-30-a\u0300-12.21.01-890x1024.png\" \/><\/a><\/p>\n<p><a href=\"https:\/\/grenoble-le-changement.fr\/wp-content\/uploads\/2025\/10\/20251022_102116-scaled.jpg\" rel=\"lightbox[85856] nofollow noopener\" target=\"_blank\"><img decoding=\"async\" data-id=\"85864\" src=\"https:\/\/grenoble-le-changement.fr\/wp-content\/uploads\/2025\/10\/20251022_102116-1024x576.jpg\" alt=\"\" class=\"wp-image-85864 jetpack-lazy-image\" data-lazy-src=\"https:\/\/www.europesays.com\/fr\/wp-content\/uploads\/2025\/11\/20251022_102116-1024x576.jpg\" \/><\/a><br \/>\nAu Village Olympique cette semaine, devant la d\u00e9chetterie des peupliers apr\u00e8s sa fermeture &#8230; <\/p>\n<p><strong>\u00ab\u00a0R\u00c9CONCILIER GRENOBLE\u00a0\u00bb VEUT METTRE FIN \u00c0 CETTE PARALYSIE<\/strong><\/p>\n<p style=\"text-align: justify;\">La paralysie ville\/M\u00e9tropole est illustr\u00e9e par cet exemple parmi des centaines et des centaines d&rsquo;autres. Les propositions de \u00ab\u00a0R\u00e9concilier Grenoble\u00a0\u00bb \u00e0 savoir de fusionner les services doublons ville-centre -m\u00e9tropole pour faire des \u00e9conomies et mettre de l&rsquo;efficacit\u00e9 n&rsquo;ont jamais \u00e9t\u00e9 aussi urgentes et pertinentes.\u00a0<\/p>\n<p style=\"text-align: justify;\"><strong>UNE HYPERTROPHIE DES SERVICES CONSTRUITE PAR PIOLLE\/FERRARI\u00a0<\/strong><\/p>\n<p style=\"text-align: justify;\">En les pr\u00e9sentant il y a quelques jours devant la presse le collectif autour d&rsquo;Alain Carignon et Cl\u00e9ment Chappet <a href=\"https:\/\/grenoble-le-changement.fr\/2025\/10\/10\/crise-financiere-les-propositions-alain-carignon-pour-eviter-la-hausse-dimpots\/\" rel=\"nofollow noopener\" target=\"_blank\">avait d\u00e9taill\u00e9 les mesures qui permettraient d&rsquo;\u00e9viter les situations<\/a> que vivent les habitants de la Tour Maurice Dodero. Eric Piolle et Christophe Ferrari (d\u00e9sormais Place Publique) qui s&rsquo;affrontent d\u00e9sormais, portent une lourde responsabilit\u00e9 : entre 2014 et 2020 alors qu&rsquo;ils vivaient une parfaite idylle politique et construisaient la M\u00e9tropole ils ont manqu\u00e9 \u00e0 tous leurs devoirs : 2000 salari\u00e9s suppl\u00e9mentaires transf\u00e9r\u00e9s des communes \u00e0 la M\u00e9tropole sans baisse de la masse salariale des communes,<a href=\"https:\/\/grenoble-le-changement.fr\/2021\/09\/25\/metropole-la-crise-et-le-rapport-accablant-de-la-chambre-des-comptes\/\" rel=\"nofollow noopener\" target=\"_blank\"> a d\u00e9nonc\u00e9 la Chambre R\u00e9gionale des Comptes.<\/a> Avec une hypertrophie des services qui ne fonctionnent plus au service direct de la population.\u00a0<\/p>\n<p><img decoding=\"async\" data-id=\"85347\" src=\"https:\/\/grenoble-le-changement.fr\/wp-content\/uploads\/2025\/10\/spini-chappet-corneloup.jpg\" alt=\"\" class=\"wp-image-85347 jetpack-lazy-image\" data-lazy-src=\"https:\/\/www.europesays.com\/fr\/wp-content\/uploads\/2025\/11\/spini-chappet-corneloup.jpg\" \/><\/p>\n<p><img decoding=\"async\" data-id=\"85342\" src=\"https:\/\/grenoble-le-changement.fr\/wp-content\/uploads\/2025\/10\/lequin-souchon-pillet-bouniol.jpg\" alt=\"\" class=\"wp-image-85342 jetpack-lazy-image\" data-lazy-src=\"https:\/\/www.europesays.com\/fr\/wp-content\/uploads\/2025\/11\/lequin-souchon-pillet-bouniol.jpg\" \/><br \/>\nDominique Spini, Cl\u00e9ment Chappet, Olivier Corneloup, Laurent Lequin-Souchon, Chantal Pillet, Pierre Bouniol, pr\u00e9sentant le plan du collectif \u00ab\u00a0R\u00e9concilier Grenoble\u00a0\u00bb pour retrouver de l&rsquo;efficacit\u00e9 au service des grenoblois et r\u00e9aliser des \u00e9conomies <\/p>\n<p><strong>VIVRE DANS LES EXCR\u00c9MENTS \u00c0 GRENOBLE NE SOULAGE PAS LES GAZAOUIS<\/strong><\/p>\n<p style=\"text-align: justify;\">Les quartiers populaires dont parle aussi Allan Brunon, le candidat LFI, ne s&rsquo;y trompent pas. Ils \u00ab\u00a0b\u00e9n\u00e9ficient \u00ab\u00a0depuis 12 ans d&rsquo;une municipalit\u00e9 Verts\/LFI dont Elisa Martin, leur D\u00e9put\u00e9e a \u00e9t\u00e9 Premi\u00e8re Adjointe 6 ans. Ils ont entendu \u00e9norm\u00e9ment d&rsquo;incantations. Ils sont tr\u00e8s sensibles, comme tous les Fran\u00e7ais, au sort des populations civiles de Gaza. Mais le fait de vivre dans les odeurs d&rsquo;excr\u00e9ments depuis 10 ans ne soulage pas les\u00a0 Gazaouis.\u00a0<\/p>\n<p style=\"text-align: justify;\"><strong>LAURENCE RUFFIN ENFILE LES PERLES DU VIDE\u00a0<\/strong><\/p>\n<p style=\"text-align: justify;\">Tout le monde comprend bien d\u00e9sormais que <a href=\"https:\/\/grenoble-le-changement.fr\/2025\/10\/02\/guerre-fratricide-des-verts-lfi-la-foire-dempoigne-continue-a-grenoble\/\" rel=\"nofollow noopener\" target=\"_blank\">la majorit\u00e9 municipale, m\u00eame divis\u00e9e<\/a>, avec des \u00e9lus comme Alan Confesson qui renient leurs convictions affich\u00e9es jusque-l\u00e0, veut d\u00e9tourner l&rsquo;attention. Une <a href=\"https:\/\/grenoble-le-changement.fr\/2024\/11\/23\/laurence-ruffin-verts-lfi-petits-mensonges-et-gros-sabots\/\" rel=\"nofollow noopener\" target=\"_blank\">Marie-Chantal de Laurence Ruffin,<\/a> elle m\u00eame <a href=\"https:\/\/grenoble-le-changement.fr\/2025\/05\/26\/scop-alma-que-fait-laurence-ruffin-verts-lfi-des-2-5-millions-d-e-de-resultats\/\" rel=\"nofollow noopener\" target=\"_blank\">tr\u00e8s privil\u00e9gi\u00e9e,<\/a> se situe dans la stratosph\u00e8re des g\u00e9n\u00e9ralit\u00e9s des enfileurs de perles. Elle <a href=\"https:\/\/grenoble-le-changement.fr\/2025\/10\/18\/laurence-ruffin-lance-sa-campagne-en-catimini-avec-ce-quil-reste-des-verts\/\" rel=\"nofollow noopener\" target=\"_blank\">en train de d\u00e9visser<\/a>. Un Allan Brunon, lui dans la surench\u00e8re de la radicalit\u00e9, cherche son trou.\u00a0<\/p>\n<p style=\"text-align: justify;\"><strong>DES \u00c9LUS PLANQU\u00c9S DERRI\u00c9RE LE MAQUIS ADMINISTRATIF QU&rsquo;ILS CR\u00c9ENT\u00a0<\/strong><\/p>\n<p style=\"text-align: justify;\">Il s&rsquo;agit pour les deux d&rsquo; \u00e9viter de rendre des comptes sur le pass\u00e9 et cacher qu&rsquo;ils n&rsquo;ont pas chang\u00e9 pour l&rsquo;avenir : ils ne feront rien de plus que la majorit\u00e9 sortante, appliquant les m\u00eames m\u00e9thodes et le m\u00eame syst\u00e8me des \u00e9lus anonymes planqu\u00e9s derri\u00e8re le maquis administratif qu&rsquo;ils cr\u00e9ent.\u00a0<\/p>\n<p style=\"text-align: justify;\">Voil\u00e0 ce \u00e0 quoi les grenoblois doivent mettre fin en mars prochain s&rsquo;ils veulent une ville qui r\u00e9ponde \u00e0 nouveau \u00e0 leurs pr\u00e9occupations.<\/p>\n","protected":false},"excerpt":{"rendered":"Posted On 31 octobre 2025 Au 16 de la rue Maurice Dodero au Village Olympique une tour de&hellip;\n","protected":false},"author":2,"featured_media":503799,"comment_status":"","ping_status":"","sticky":false,"template":"","format":"standard","meta":{"footnotes":""},"categories":[9566],"tags":[1111,11,9601,11148,27721,2430,22027,9603,9604,14755,42730,9607,1777,674,1011,27,2731,11150,10136,22037,12,22041,53825,25],"class_list":{"0":"post-503798","1":"post","2":"type-post","3":"status-publish","4":"format-standard","5":"has-post-thumbnail","7":"category-grenoble","8":"tag-actu","9":"tag-actualites","10":"tag-alain-carignon","11":"tag-alan-confesson","12":"tag-allan-brunon","13":"tag-auvergne-rhone-alpes","14":"tag-chantal-pillet","15":"tag-chloe-pantel","16":"tag-christophe-ferrari","17":"tag-clement-chappet","18":"tag-dominique-spini","19":"tag-eric-piolle","20":"tag-eu","21":"tag-europe","22":"tag-fr","23":"tag-france","24":"tag-grenoble","25":"tag-guizmaths","26":"tag-laurence-ruffin","27":"tag-laurent-lequin-souchon","28":"tag-news","29":"tag-olivier-corneloup","30":"tag-pierre-bouniol","31":"tag-republique-francaise"},"share_on_mastodon":{"url":"https:\/\/pubeurope.com\/@fr\/115472681138114461","error":""},"_links":{"self":[{"href":"https:\/\/www.europesays.com\/fr\/wp-json\/wp\/v2\/posts\/503798","targetHints":{"allow":["GET"]}}],"collection":[{"href":"https:\/\/www.europesays.com\/fr\/wp-json\/wp\/v2\/posts"}],"about":[{"href":"https:\/\/www.europesays.com\/fr\/wp-json\/wp\/v2\/types\/post"}],"author":[{"embeddable":true,"href":"https:\/\/www.europesays.com\/fr\/wp-json\/wp\/v2\/users\/2"}],"replies":[{"embeddable":true,"href":"https:\/\/www.europesays.com\/fr\/wp-json\/wp\/v2\/comments?post=503798"}],"version-history":[{"count":0,"href":"https:\/\/www.europesays.com\/fr\/wp-json\/wp\/v2\/posts\/503798\/revisions"}],"wp:featuredmedia":[{"embeddable":true,"href":"https:\/\/www.europesays.com\/fr\/wp-json\/wp\/v2\/media\/503799"}],"wp:attachment":[{"href":"https:\/\/www.europesays.com\/fr\/wp-json\/wp\/v2\/media?parent=503798"}],"wp:term":[{"taxonomy":"category","embeddable":true,"href":"https:\/\/www.europesays.com\/fr\/wp-json\/wp\/v2\/categories?post=503798"},{"taxonomy":"post_tag","embeddable":true,"href":"https:\/\/www.europesays.com\/fr\/wp-json\/wp\/v2\/tags?post=503798"}],"curies":[{"name":"wp","href":"https:\/\/api.w.org\/{rel}","templated":true}]}}