{"id":50380,"date":"2025-04-24T23:39:08","date_gmt":"2025-04-24T23:39:08","guid":{"rendered":"https:\/\/www.europesays.com\/fr\/50380\/"},"modified":"2025-04-24T23:39:08","modified_gmt":"2025-04-24T23:39:08","slug":"previsions-du-vendredi-25-avril-2025","status":"publish","type":"post","link":"https:\/\/www.europesays.com\/fr\/50380\/","title":{"rendered":"pr\u00e9visions du vendredi 25 avril 2025"},"content":{"rendered":"<p>C&rsquo;est une belle journ\u00e9e dont va b\u00e9n\u00e9ficier Montpellier, o\u00f9 le soleil va briller avec force. Il fera 17\u00b0C en moyenne. Le matin, un petit vent de nord-ouest sera ressenti par les habitants. Une m\u00e9t\u00e9o plus chaude est attendue l&rsquo;apr\u00e8s-midi puisque le mercure va conna\u00eetre une augmentation. Les maximales iront jusqu&rsquo;\u00e0 22\u00b0C alors que les minimales seront de 20\u00b0C. Le soir, le thermom\u00e8tre affichera 16\u00b0C en moyenne. C&rsquo;est un ciel limpide que conna\u00eetra la nuit de vendredi \u00e0 samedi.<\/p>\n<p>Demain, des nuages se montreront sur Montpellier. Les valeurs seront comprises entre 13 et 21\u00b0C. Un vent de nord-ouest rafra\u00eechira quelque peu l&rsquo;atmosph\u00e8re. En revanche, le soleil sera dominant, la promesse d&rsquo;une magnifique matin\u00e9e ! C&rsquo;est \u00e0 un ciel tapiss\u00e9 de nuages qu&rsquo;il faudra s&rsquo;attendre demain apr\u00e8s-midi. Les temp\u00e9ratures afficheront entre 18 et 21\u00b0C. On observera la pr\u00e9sence persistante de nuages demain soir.<\/p>\n<p>Les conditions m\u00e9t\u00e9orologiques des jours qui suivent vont s&rsquo;am\u00e9liorer. Le temps sera ensoleill\u00e9 avec des temp\u00e9ratures autour de 16\u00b0C.<\/p>\n<p><\/p>\n","protected":false},"excerpt":{"rendered":"C&rsquo;est une belle journ\u00e9e dont va b\u00e9n\u00e9ficier Montpellier, o\u00f9 le soleil va briller avec force. Il fera 17\u00b0C&hellip;\n","protected":false},"author":2,"featured_media":50381,"comment_status":"","ping_status":"","sticky":false,"template":"","format":"standard","meta":{"footnotes":""},"categories":[9599],"tags":[1111,11,1777,674,1011,27,7089,2681,2208,12,2680,2119,25],"class_list":{"0":"post-50380","1":"post","2":"type-post","3":"status-publish","4":"format-standard","5":"has-post-thumbnail","7":"category-montpellier","8":"tag-actu","9":"tag-actualites","10":"tag-eu","11":"tag-europe","12":"tag-fr","13":"tag-france","14":"tag-herault","15":"tag-languedoc-roussillon","16":"tag-montpellier","17":"tag-news","18":"tag-occitanie","19":"tag-previsions-meteo","20":"tag-republique-francaise"},"share_on_mastodon":{"url":"https:\/\/pubeurope.com\/@fr\/114395582496470375","error":""},"_links":{"self":[{"href":"https:\/\/www.europesays.com\/fr\/wp-json\/wp\/v2\/posts\/50380","targetHints":{"allow":["GET"]}}],"collection":[{"href":"https:\/\/www.europesays.com\/fr\/wp-json\/wp\/v2\/posts"}],"about":[{"href":"https:\/\/www.europesays.com\/fr\/wp-json\/wp\/v2\/types\/post"}],"author":[{"embeddable":true,"href":"https:\/\/www.europesays.com\/fr\/wp-json\/wp\/v2\/users\/2"}],"replies":[{"embeddable":true,"href":"https:\/\/www.europesays.com\/fr\/wp-json\/wp\/v2\/comments?post=50380"}],"version-history":[{"count":0,"href":"https:\/\/www.europesays.com\/fr\/wp-json\/wp\/v2\/posts\/50380\/revisions"}],"wp:featuredmedia":[{"embeddable":true,"href":"https:\/\/www.europesays.com\/fr\/wp-json\/wp\/v2\/media\/50381"}],"wp:attachment":[{"href":"https:\/\/www.europesays.com\/fr\/wp-json\/wp\/v2\/media?parent=50380"}],"wp:term":[{"taxonomy":"category","embeddable":true,"href":"https:\/\/www.europesays.com\/fr\/wp-json\/wp\/v2\/categories?post=50380"},{"taxonomy":"post_tag","embeddable":true,"href":"https:\/\/www.europesays.com\/fr\/wp-json\/wp\/v2\/tags?post=50380"}],"curies":[{"name":"wp","href":"https:\/\/api.w.org\/{rel}","templated":true}]}}