{"id":503800,"date":"2025-11-01T05:01:14","date_gmt":"2025-11-01T05:01:14","guid":{"rendered":"https:\/\/www.europesays.com\/fr\/503800\/"},"modified":"2025-11-01T05:01:14","modified_gmt":"2025-11-01T05:01:14","slug":"un-business-familial-a-rennes-elle-stockait-la-drogue-son-frere-la-livrait","status":"publish","type":"post","link":"https:\/\/www.europesays.com\/fr\/503800\/","title":{"rendered":"\u00ab\u00a0Un business familial\u00a0\u00bb\u00a0: \u00e0 Rennes, elle stockait la drogue, son fr\u00e8re la livrait"},"content":{"rendered":"<p>Il est 0\u00a0h\u00a030, dans la nuit du jeudi\u00a023 au vendredi 24\u00a0octobre 2025, quand les policiers contr\u00f4lent une voiture, circulant place de Bretagne \u00e0 Rennes. La conductrice, \u00e2g\u00e9e de 26\u00a0ans, circule sans permis, ni assurance. Une barrette de cannabis est d\u00e9couverte dans son sac.<\/p>\n<p><strong>Lire aussi\u00a0: <\/strong> <a href=\"https:\/\/rennes.maville.com\/actu\/actudet_-peine-alourdie-a-18-mois-de-prison-en-appel-pour-l-agresseur-d-une-collegienne-a-janze-_7-7030963_actu.Htm\" target=\"_blank\" rel=\"noopener\">Peine alourdie \u00e0 18\u00a0mois de prison en appel pour l\u2019agresseur d\u2019une coll\u00e9gienne \u00e0 Janz\u00e9<\/a><\/p>\n<p>23 000 euros en esp\u00e8ce<\/p>\n<p>Son fr\u00e8re de 21\u00a0ans, assis \u00e0 ses c\u00f4t\u00e9s, transporte, lui, 210\u00a0grammes de coca\u00efne dans sa sacoche. Tous les deux, sans ant\u00e9c\u00e9dent judiciaire, ont pass\u00e9 trois jours en d\u00e9tention avant de compara\u00eetre, mardi 28\u00a0octobre 2025, <a href=\"https:\/\/www.ouest-france.fr\/societe\/justice\/\" target=\"_blank\" rel=\"noopener\">devant le tribunal judiciaire de Rennes<\/a>. Lors de la perquisition qui a suivi l\u2019interpellation, plus de sept kilos de r\u00e9sine de cannabis, 500\u00a0g de coca\u00efne, autant d\u2019h\u00e9ro\u00efne, de la k\u00e9tamine, ainsi que 23\u00a0000\u00a0\u20ac en esp\u00e8ces, ont \u00e9t\u00e9 saisis dans le studio de la jeune femme, avenue Gros-Malhon, au nord de la ville. Son r\u00f4le se serait limit\u00e9 \u00e0 celui de \u00ab\u00a0nourrice\u00a0\u00bb, celle qui stocke la drogue.<\/p>\n<p>\n                Nous avons bloqu\u00e9 l\u2019affichage de ce contenu pour respecter vos choix en mati\u00e8re de cookies.<br \/>En cliquant sur \u00abConsulter\u00bb, vous acceptez le d\u00e9p\u00f4t de cookies par des services de r\u00e9seaux sociaux tels que Twitter.<br \/>\n                Consulter\n            <\/p>\n<blockquote class=\"twitter-tweet\" wp_automatic_readability=\"5.7959183673469\">\n<p lang=\"fr\" dir=\"ltr\"><a href=\"https:\/\/twitter.com\/hashtag\/AntiStups?src=hash&amp;ref_src=twsrc%5Etfw\" target=\"_blank\" rel=\"noopener\">#AntiStups<\/a> I Belle affaire pour les??de <a href=\"https:\/\/twitter.com\/hashtag\/Rennes?src=hash&amp;ref_src=twsrc%5Etfw\" target=\"_blank\" rel=\"noopener\">#Rennes<\/a> qui ont d\u00e9couvert lors d&rsquo;une perquisition une belle quantit\u00e9 de stup\u00e9fiants ainsi que des cigarettes et une grosse somme de num\u00e9raires.<br \/>??2 personnes interpell\u00e9es et condamn\u00e9es<br \/>??24 mois avec sursis pour les 2 <a href=\"https:\/\/t.co\/quwFOnhQF9\">pic.twitter.com\/quwFOnhQF9<\/a><\/p>\n<p>\u2014 Police nationale 35 (@PoliceNat35) <a href=\"https:\/\/twitter.com\/PoliceNat35\/status\/1983542324274860097?ref_src=twsrc%5Etfw\" target=\"_blank\" rel=\"noopener\">October 29, 2025<\/a><\/p><\/blockquote>\n<p>\u00ab\u00a0Elle a particip\u00e9 activement au trafic\u00a0\u00bb<\/p>\n<p>Son fr\u00e8re, lui, aurait \u00e9t\u00e9 charg\u00e9 de livrer <a href=\"https:\/\/rennes.maville.com\/actu\/actudet_-soupconnes-d-avoir-organise-un-trafic-de-drogue-en-bretagne-douze-personnes-interpellees-a-rennes-_5-7025326_actu.Htm\" target=\"_blank\" rel=\"noopener\">les stup\u00e9fiants <\/a>sur les points de deal. <strong>\u00ab\u00a0Je n\u2019ai assur\u00e9 que quelques livraisons,\u00a0\u00bb <\/strong>assure le jeune homme qui, malgr\u00e9 une formation r\u00e9mun\u00e9r\u00e9e, a tremp\u00e9 dans le trafic pour financer son permis moto.<\/p>\n<p>La procureure, au nom de l\u2019accusation, ne croit gu\u00e8re au r\u00f4le effac\u00e9 de la jeune femme. <strong>\u00ab\u00a0Une nourrice, en g\u00e9n\u00e9ral, est quelqu\u2019un de vuln\u00e9rable qui n\u2019a pas son mot \u00e0 dire. Cette affaire ressemble davantage \u00e0 un business familial. La jeune femme a particip\u00e9 activement au trafic en \u00e9tant au volant, en pleine nuit, pour transporter la drogue.\u00a0\u00bb<\/strong><\/p>\n<p>Des peines de trente\u00a0mois de prison, dont dix-huit\u00a0avec sursis, sont requises contre le fr\u00e8re et la s\u0153ur qui, malgr\u00e9 sa consommation de stup\u00e9fiants, travaille r\u00e9guli\u00e8rement comme pr\u00e9paratrice de commandes et h\u00f4tesse de caisse. Finalement, tous les deux ont \u00e9cop\u00e9 de deux ans de prison avec sursis.<\/p>\n<p>\u00a0<\/p>\n<p>\t\t<script async src=\"https:\/\/platform.twitter.com\/widgets.js\" charset=\"utf-8\"><\/script><\/p>\n","protected":false},"excerpt":{"rendered":"Il est 0\u00a0h\u00a030, dans la nuit du jeudi\u00a023 au vendredi 24\u00a0octobre 2025, quand les policiers contr\u00f4lent une voiture,&hellip;\n","protected":false},"author":2,"featured_media":503801,"comment_status":"","ping_status":"","sticky":false,"template":"","format":"standard","meta":{"footnotes":""},"categories":[2821],"tags":[1111,11,829,35,1052,1777,674,19458,1011,27,22101,62607,12,584,25,62606],"class_list":{"0":"post-503800","1":"post","2":"type-post","3":"status-publish","4":"format-standard","5":"has-post-thumbnail","7":"category-rennes","8":"tag-actu","9":"tag-actualites","10":"tag-bretagne","11":"tag-business","12":"tag-drogue","13":"tag-eu","14":"tag-europe","15":"tag-familial","16":"tag-fr","17":"tag-france","18":"tag-frere","19":"tag-livrait","20":"tag-news","21":"tag-rennes","22":"tag-republique-francaise","23":"tag-stockait"},"share_on_mastodon":{"url":"https:\/\/pubeurope.com\/@fr\/115472687708064188","error":""},"_links":{"self":[{"href":"https:\/\/www.europesays.com\/fr\/wp-json\/wp\/v2\/posts\/503800","targetHints":{"allow":["GET"]}}],"collection":[{"href":"https:\/\/www.europesays.com\/fr\/wp-json\/wp\/v2\/posts"}],"about":[{"href":"https:\/\/www.europesays.com\/fr\/wp-json\/wp\/v2\/types\/post"}],"author":[{"embeddable":true,"href":"https:\/\/www.europesays.com\/fr\/wp-json\/wp\/v2\/users\/2"}],"replies":[{"embeddable":true,"href":"https:\/\/www.europesays.com\/fr\/wp-json\/wp\/v2\/comments?post=503800"}],"version-history":[{"count":0,"href":"https:\/\/www.europesays.com\/fr\/wp-json\/wp\/v2\/posts\/503800\/revisions"}],"wp:featuredmedia":[{"embeddable":true,"href":"https:\/\/www.europesays.com\/fr\/wp-json\/wp\/v2\/media\/503801"}],"wp:attachment":[{"href":"https:\/\/www.europesays.com\/fr\/wp-json\/wp\/v2\/media?parent=503800"}],"wp:term":[{"taxonomy":"category","embeddable":true,"href":"https:\/\/www.europesays.com\/fr\/wp-json\/wp\/v2\/categories?post=503800"},{"taxonomy":"post_tag","embeddable":true,"href":"https:\/\/www.europesays.com\/fr\/wp-json\/wp\/v2\/tags?post=503800"}],"curies":[{"name":"wp","href":"https:\/\/api.w.org\/{rel}","templated":true}]}}