{"id":503802,"date":"2025-11-01T05:02:10","date_gmt":"2025-11-01T05:02:10","guid":{"rendered":"https:\/\/www.europesays.com\/fr\/503802\/"},"modified":"2025-11-01T05:02:10","modified_gmt":"2025-11-01T05:02:10","slug":"pour-ce-1er-novembre-a-rennes-voici-ce-qui-est-ouvert","status":"publish","type":"post","link":"https:\/\/www.europesays.com\/fr\/503802\/","title":{"rendered":"pour ce 1er novembre \u00e0 Rennes, voici ce qui est ouvert"},"content":{"rendered":"<p>            Par<br \/>\n        <strong><br \/>\n            <a href=\"https:\/\/actu.fr\/auteur\/brian-legoff\" title=\"Consulter tous les articles de Brian Le Goff\" target=\"_blank\" rel=\"noopener\">Brian Le Goff<\/a><br \/>\n        <\/strong><\/p>\n<p>        Publi\u00e9 le<\/p>\n<p>            1 nov. 2025 \u00e0 5h52        <\/p>\n<p><strong>Pain, viennoiseries, cigarettes, courses, shopping\u2026<\/strong> Bien que ce 1\u1d49\u02b3 novembre soit un jour f\u00e9ri\u00e9, beaucoup de commerces et de magasins de Rennes ouvrent. <strong>Boulangeries, bureaux de tabac, centres commerciaux, commer\u00e7ants du centre-ville\u2009:<\/strong> comme \u00e0 chaque fois, voici la liste r\u00e9alis\u00e9e par <a href=\"https:\/\/actu.fr\/rennes\/\" target=\"_blank\" rel=\"noopener\">actu Rennes<\/a>.<\/p>\n<p>Les tabacs<\/p>\n<ul class=\" wall-content\">\n<li>Tabac de l\u2019Est, boulevard Villebois Mareuil\u2009: ouvert de 8h \u00e0 13h\u2009;<\/li>\n<li>Le Reinitas, rue de Vern, ouvert de 7h30 \u00e0 12h30\u2009;<\/li>\n<li>Tabac Presse Le Colombier\u2009: ouvert de 10h \u00e0 18h\u2009;<\/li>\n<li>Tabac Presse Loto Le Chiquito, place Sainte-Anne\u2009: ouvert aux horaires habituels (de 8h \u00e0 20h)\u2009;<\/li>\n<li>Le Tonic, 45, rue Ange Blaize\u2009: ouvert de 9h \u00e0 16h\u2009;<\/li>\n<li>Tabac Presse La Bellangerais, 3, rue du Morbihan\u2009: ouvert le matin\u2009;<\/li>\n<li>Au Vizir, rue d\u2019Estr\u00e9es\u2009: ouvert de 10h \u00e0 18h\u2009;<\/li>\n<li>Tabac Presse Beauregard\u2009: ouvert jusqu\u2019\u00e0 14h\u2009;<\/li>\n<li>Tabac Presse Les Marelles, Chantepie\u2009: ouvert de 8h \u00e0 18h15\u2009;<\/li>\n<li>Le \u201cSaint-Greg\u201d \u00e0 Saint-Gr\u00e9goire\u2009: ouvert.<\/li>\n<\/ul>\n<p class=\" wall-content\"><strong>Ceux ferm\u00e9s\u2009:<\/strong> Tabac Presse Vap\u2019Anatole France, Landry, Tabac Kennedy, La maison du fumeur, Le Janvier, Le Savane, La\u00a0Havane, Les Horizons, Cleunay, Place de Bretagne, Pilate (Saint-Jacques-de-la-Lande),<\/p>\n<p class=\" wall-content\">Cette liste n\u2019est pas exhaustive\u2009: les bars-tabacs qui n\u2019ont pas \u00e9t\u00e9 mentionn\u00e9s dans cet article sont ceux qui n\u2019ont pas r\u00e9pondu \u00e0 nos sollicitations par t\u00e9l\u00e9phone.<\/p>\n<p>Les boulangeries<\/p>\n<ul class=\" wall-content\">\n<li>Maison Fontaine, boulevard L\u00e9on-Bourgeois\u2009: ouvert aux horaires habituels\u2009;<\/li>\n<li>Le Fournil Vasselot, rue Vasselot\u2009: de 7h \u00e0 20h\u2009;<\/li>\n<li>Les boutiques L\u2019Attrape-Douceurs\u2009: quartier Sainte-Th\u00e9r\u00e8se, de 7h \u00e0 18h30\u2009; rue de Nantes de 7h \u00e0 19h\u2009; \u00e0 <strong>Betton<\/strong>\u00a0de 7h \u00e0 18h30\u2009; Longs-Champs de 9h30 \u00e0 18h\u2009;<\/li>\n<li>Maison Coupel, rue Saint-H\u00e9lier\u2009: de 7h30 \u00e0 13h45\u2009;<\/li>\n<li>Grand-P\u00e8re Jules, rue de Nemours\u2009: ouvert de 7h30 \u00e0 13h45\u2009;<\/li>\n<li>Jeanne-d\u2019Arc, rue Danton\u2009: ouvert le 1er\u00a0novembre\u2009;<\/li>\n<li>Les boutiques Seize heures trente, rue Saint-Malo et rue Hoche\u2009: ouvert aux horaires habituels\u2009;<\/li>\n<li>Boulangerie Geffray\u2009: ouvert de 6h45 \u00e0 13h\u2009;<\/li>\n<li>Boulangerie Chouet, \u00e0 <strong>Cesson-S\u00e9vign\u00e9<\/strong>\u2009: ouvert de 7h30 \u00e0 13h\u2009;<\/li>\n<li>Le Fournil de Bourgchevreuil, \u00e0 Cesson-S\u00e9vign\u00e9\u2009: ouvert de 6h45 \u00e0 12h30\u2009;<\/li>\n<li>Maison B\u00e9cam, rue Jean Gu\u00e9henno\u2009: ouvert de 7h-20h\u2009;<\/li>\n<li>Ange, rue de Ch\u00e2teaugiron\u2009: ouvert de 7h \u00e0 20h.<\/li>\n<\/ul>\n<p class=\" wall-content\"><strong>Celles ferm\u00e9es\u2009:<\/strong> L\u2019artisan du Pain, Maison Janvier, Fleur de Sel, du Thabor, Aux gourmandises de Gr\u00e9goire, Brodin, Fournil du Gast, Amande (Via Silva), Soulabaille, Kennedy, D\u00e9lices de Villejean, Respire (rue de Ch\u00e2teaugiron), Augustin (rue de Ch\u00e2teaugiron), Simon et Simon (Chantepie).<\/p>\n<p class=\" wall-content\">Cette liste n\u2019est pas exhaustive\u2009: les boulangeries qui n\u2019ont pas \u00e9t\u00e9 mentionn\u00e9es dans cet article sont celles\u00a0qui n\u2019ont pas r\u00e9pondu \u00e0 nos sollicitations par t\u00e9l\u00e9phone.<\/p>\n<p>Votre r\u00e9gion, votre actu !<\/p>\n<p>Recevez chaque jour les infos qui comptent pour vous.<\/p>\n<p>\t<a href=\"https:\/\/actu.fr\/newsletter\" class=\"ac-btn ac-btn--corner ac-btn--medium ac-btn--blue800\" target=\"_blank\" rel=\"noopener\">S&rsquo;incrire<\/a><br \/>\nLes commer\u00e7ants du centre-ville<\/p>\n<p class=\" wall-content\">L\u2019association de commer\u00e7ants <strong>Carr\u00e9 Rennais a sollicit\u00e9 les g\u00e9rants<\/strong> de commerces dans le centre-ville afin de savoir s\u2019ils ouvraient samedi 1er\u00a0novembre. Elle a obtenu <strong>90 r\u00e9ponses positives<\/strong>. Voici dans le tableau ci-dessous ceux qui ont indiqu\u00e9 ouvrir. Vous disposez de la barre de recherche pour trouver le commerce ouvert qui vous int\u00e9resse. Si le tableau ne s\u2019affiche pas correctement, <a href=\"https:\/\/public.flourish.studio\/visualisation\/25960338\/\" target=\"_blank\" rel=\"noopener\">cliquez ici<\/a>.<\/p>\n<p class=\" wall-content\">\n<p>Les centres commerciaux<\/p>\n<ul class=\" wall-content\">\n<li>Alma, de 9h30 \u00e0 20h\u2009;<\/li>\n<li>Cleunay, de 9h30 \u00e0 19h\u2009;<\/li>\n<li>Grand Quartier, de 10h \u00e0 19h (Super U, de 9h \u00e0 20h et Brico D\u00e9p\u00f4t, de 8h \u00e0 19h)\u2009;<\/li>\n<li>Carrefour Rennes Cesson, de 8h30 \u00e0 20h\u2009;<\/li>\n<li>Colombia, de 10h \u00e0 19h\u2009;<\/li>\n<li>E. Leclerc Saint-Gr\u00e9goire Le Centre, de 9h30 \u00e0 20h\u2009;<\/li>\n<li>La Visitation, de 10h \u00e0 19h30\u2009;<\/li>\n<li>Les Longs-Champs, de 10h \u00e0 18h\u2009;<\/li>\n<li>Les Trois Soleils, de 10h \u00e0 19h\u2009;<\/li>\n<li>Shop\u2019in Pac\u00e9, de 9h \u00e0 20h.<\/li>\n<\/ul>\n<p>Les grands magasins<\/p>\n<ul class=\" wall-content\">\n<li>D\u00e9cathlon\u2009: Chantepie, de 10h \u00e0 19h\u2009; Betton, de 9h \u00e0 20h\u2009;<\/li>\n<li>Le Roy Merlin Chantepie et Betton, de 9h \u00e0 20h\u2009;<\/li>\n<li>Castorama Saint-Jacques-de-la-Lande, de 9h \u00e0 19h\u2009;<\/li>\n<li>Cultura Chantepie, de 9h \u00e0 20h.<\/li>\n<\/ul>\n<p class=\" wall-content\">Personnalisez votre actualit\u00e9 en ajoutant vos villes et m\u00e9dias en favori avec <a href=\"https:\/\/moncompte.actu.fr\" title=\"D\u00e9couvez Mon Actu\" rel=\"nofollow noopener\" data-trk=\"{&quot;cta&quot;:{&quot;action&quot;:&quot;https:\\\/\\\/moncompte.actu.fr&quot;,&quot;category&quot;:&quot;mon compte&quot;,&quot;from&quot;:&quot;article footer&quot;,&quot;name&quot;:&quot;Mon actu&quot;,&quot;type&quot;:&quot;cta&quot;}}\" target=\"_blank\">Mon Actu<\/a>.<\/p>\n","protected":false},"excerpt":{"rendered":"Par Brian Le Goff Publi\u00e9 le 1 nov. 2025 \u00e0 5h52 Pain, viennoiseries, cigarettes, courses, shopping\u2026 Bien que&hellip;\n","protected":false},"author":2,"featured_media":503803,"comment_status":"","ping_status":"","sticky":false,"template":"","format":"standard","meta":{"footnotes":""},"categories":[2821],"tags":[1111,11,829,33,1777,674,1011,27,39144,12,584,25,10919],"class_list":{"0":"post-503802","1":"post","2":"type-post","3":"status-publish","4":"format-standard","5":"has-post-thumbnail","7":"category-rennes","8":"tag-actu","9":"tag-actualites","10":"tag-bretagne","11":"tag-economie","12":"tag-eu","13":"tag-europe","14":"tag-fr","15":"tag-france","16":"tag-jours-feries","17":"tag-news","18":"tag-rennes","19":"tag-republique-francaise","20":"tag-toussaint"},"share_on_mastodon":{"url":"https:\/\/pubeurope.com\/@fr\/115472691527754962","error":""},"_links":{"self":[{"href":"https:\/\/www.europesays.com\/fr\/wp-json\/wp\/v2\/posts\/503802","targetHints":{"allow":["GET"]}}],"collection":[{"href":"https:\/\/www.europesays.com\/fr\/wp-json\/wp\/v2\/posts"}],"about":[{"href":"https:\/\/www.europesays.com\/fr\/wp-json\/wp\/v2\/types\/post"}],"author":[{"embeddable":true,"href":"https:\/\/www.europesays.com\/fr\/wp-json\/wp\/v2\/users\/2"}],"replies":[{"embeddable":true,"href":"https:\/\/www.europesays.com\/fr\/wp-json\/wp\/v2\/comments?post=503802"}],"version-history":[{"count":0,"href":"https:\/\/www.europesays.com\/fr\/wp-json\/wp\/v2\/posts\/503802\/revisions"}],"wp:featuredmedia":[{"embeddable":true,"href":"https:\/\/www.europesays.com\/fr\/wp-json\/wp\/v2\/media\/503803"}],"wp:attachment":[{"href":"https:\/\/www.europesays.com\/fr\/wp-json\/wp\/v2\/media?parent=503802"}],"wp:term":[{"taxonomy":"category","embeddable":true,"href":"https:\/\/www.europesays.com\/fr\/wp-json\/wp\/v2\/categories?post=503802"},{"taxonomy":"post_tag","embeddable":true,"href":"https:\/\/www.europesays.com\/fr\/wp-json\/wp\/v2\/tags?post=503802"}],"curies":[{"name":"wp","href":"https:\/\/api.w.org\/{rel}","templated":true}]}}