{"id":503810,"date":"2025-11-01T05:07:18","date_gmt":"2025-11-01T05:07:18","guid":{"rendered":"https:\/\/www.europesays.com\/fr\/503810\/"},"modified":"2025-11-01T05:07:18","modified_gmt":"2025-11-01T05:07:18","slug":"nice-impose-le-port-du-casque-aux-conducteurs-de-trottinette-electrique-2","status":"publish","type":"post","link":"https:\/\/www.europesays.com\/fr\/503810\/","title":{"rendered":"Nice impose le port du casque aux conducteurs de trottinette \u00e9lectrique"},"content":{"rendered":"<p>Pas le choix\u00a0! La ville de <a href=\"https:\/\/www.20minutes.fr\/nice\/\" class=\"c-link c-link--is-underlined\" target=\"_blank\" rel=\"noopener\">Nice<\/a> a pris un arr\u00eat\u00e9 municipal imposant \u00e0 compter du 1er\u00a0novembre le port du casque pour tout usager d\u2019une <a href=\"https:\/\/www.20minutes.fr\/societe\/trottinette\/\" class=\"c-link c-link--is-underlined\" target=\"_blank\" rel=\"noopener\">trottinette \u00e9lectrique<\/a>, a-t-on appris vendredi aupr\u00e8s de la municipalit\u00e9. Cet arr\u00eat\u00e9, valable jusqu\u2019au 1er\u00a0mars 2026 mais qui a vocation, selon la ville, \u00e0 \u00eatre reconduit, s\u2019applique \u00e0 \u00ab\u00a0l\u2019ensemble des voies ouvertes \u00e0 la <a href=\"https:\/\/www.20minutes.fr\/dossier\/circulation\" class=\"c-link c-link--is-underlined\" target=\"_blank\" rel=\"noopener\">circulation<\/a> et espaces publics du territoire de la commune\u00a0\u00bb.<\/p>\n<p>La ville met en avant le nombre important d\u2019accidents, environ 500 par an depuis\u00a02022, avec une prise en charge depuis cette date de plus d\u2019une centaine de ces accident\u00e9s chaque ann\u00e9e par un service de traumatologie, principalement pour des traumatismes de la face et des poignets.<\/p>\n<p>Cinq d\u00e9c\u00e8s depuis\u00a02022<\/p>\n<p>\u00ab\u00a0Mon objectif, c\u2019est que tout le monde mette en casque. J\u2019aime les gens, je veux r\u00e9duire le nombre d\u2019accidents graves et prot\u00e9ger des vies en renfor\u00e7ant la s\u00e9curit\u00e9 des usagers de trottinettes et de tous les autres usagers des voies de circulation\u00a0\u00bb, a indiqu\u00e9 <a href=\"https:\/\/www.20minutes.fr\/dossier\/christian_estrosi\" class=\"c-link c-link--is-underlined\" target=\"_blank\" rel=\"noopener\">Christian Estrosi<\/a>, maire (<a href=\"https:\/\/www.20minutes.fr\/horizons\/\" class=\"c-link c-link--is-underlined\" target=\"_blank\" rel=\"noopener\">Horizons<\/a>) de Nice, en pointant notamment les \u00ab\u00a0exc\u00e8s de vitesse, parfois jusqu\u2019\u00e0 70 km\/h\u00a0\u00bb, d\u2019engins d\u00e9brid\u00e9s qui ne devraient pas, selon la l\u00e9gislation, d\u00e9passer les 25 km\/h.<\/p>\n<\/p>\n<p>Selon la <a href=\"https:\/\/www.20minutes.fr\/dossier\/ville\" class=\"c-link c-link--is-underlined\" target=\"_blank\" rel=\"noopener\">ville<\/a>, 25 accidents, impliquant cinq d\u00e9c\u00e8s, ont \u00e9t\u00e9 caus\u00e9s par des conducteurs de trottinette \u00e0 Nice depuis\u00a02022, et ces conducteurs ont \u00e9t\u00e9 eux-m\u00eames victimes, depuis cette date, de 16 accidents, dont un mortel. Le montant de l\u2019amende forfaitaire retenu pour tout contrevenant \u00e0 cet arr\u00eat\u00e9 est de 35 euros.<\/p>\n<p>Toutefois, en France, le <a href=\"https:\/\/www.20minutes.fr\/dossier\/code_de_la_route\" class=\"c-link c-link--is-underlined\" target=\"_blank\" rel=\"noopener\">code de la route<\/a> n\u2019impose pas le port du casque aux usagers \u00ab\u00a0d\u2019engin de d\u00e9placement personnel motoris\u00e9\u00a0\u00bb (EDPM), sauf hors agglom\u00e9ration.<\/p>\n","protected":false},"excerpt":{"rendered":"Pas le choix\u00a0! La ville de Nice a pris un arr\u00eat\u00e9 municipal imposant \u00e0 compter du 1er\u00a0novembre le&hellip;\n","protected":false},"author":2,"featured_media":503811,"comment_status":"","ping_status":"","sticky":false,"template":"","format":"standard","meta":{"footnotes":""},"categories":[2819],"tags":[1111,47,11,2898,2397,3542,1777,674,1011,27,12,2401,883,882,25,209,104,6960],"class_list":{"0":"post-503810","1":"post","2":"type-post","3":"status-publish","4":"format-standard","5":"has-post-thumbnail","7":"category-nice","8":"tag-actu","9":"tag-actualite","10":"tag-actualites","11":"tag-alpes-maritimes","12":"tag-christian-estrosi","13":"tag-circulation","14":"tag-eu","15":"tag-europe","16":"tag-fr","17":"tag-france","18":"tag-news","19":"tag-nice","20":"tag-paca","21":"tag-provence-alpes-cote-dazur","22":"tag-republique-francaise","23":"tag-route","24":"tag-societe","25":"tag-trottinette-electrique"},"share_on_mastodon":{"url":"https:\/\/pubeurope.com\/@fr\/115472711256214597","error":""},"_links":{"self":[{"href":"https:\/\/www.europesays.com\/fr\/wp-json\/wp\/v2\/posts\/503810","targetHints":{"allow":["GET"]}}],"collection":[{"href":"https:\/\/www.europesays.com\/fr\/wp-json\/wp\/v2\/posts"}],"about":[{"href":"https:\/\/www.europesays.com\/fr\/wp-json\/wp\/v2\/types\/post"}],"author":[{"embeddable":true,"href":"https:\/\/www.europesays.com\/fr\/wp-json\/wp\/v2\/users\/2"}],"replies":[{"embeddable":true,"href":"https:\/\/www.europesays.com\/fr\/wp-json\/wp\/v2\/comments?post=503810"}],"version-history":[{"count":0,"href":"https:\/\/www.europesays.com\/fr\/wp-json\/wp\/v2\/posts\/503810\/revisions"}],"wp:featuredmedia":[{"embeddable":true,"href":"https:\/\/www.europesays.com\/fr\/wp-json\/wp\/v2\/media\/503811"}],"wp:attachment":[{"href":"https:\/\/www.europesays.com\/fr\/wp-json\/wp\/v2\/media?parent=503810"}],"wp:term":[{"taxonomy":"category","embeddable":true,"href":"https:\/\/www.europesays.com\/fr\/wp-json\/wp\/v2\/categories?post=503810"},{"taxonomy":"post_tag","embeddable":true,"href":"https:\/\/www.europesays.com\/fr\/wp-json\/wp\/v2\/tags?post=503810"}],"curies":[{"name":"wp","href":"https:\/\/api.w.org\/{rel}","templated":true}]}}