{"id":503822,"date":"2025-11-01T05:13:15","date_gmt":"2025-11-01T05:13:15","guid":{"rendered":"https:\/\/www.europesays.com\/fr\/503822\/"},"modified":"2025-11-01T05:13:15","modified_gmt":"2025-11-01T05:13:15","slug":"meteo-quel-temps-fera-t-il-ce-week-end-pour-la-toussaint-a-toulouse-et-en-occitanie","status":"publish","type":"post","link":"https:\/\/www.europesays.com\/fr\/503822\/","title":{"rendered":"M\u00e9t\u00e9o. Quel temps fera-t-il ce week-end pour la Toussaint \u00e0 Toulouse et en Occitanie\u00a0?"},"content":{"rendered":"<p>            Par<br \/>\n        <strong><br \/>\n            <a href=\"https:\/\/actu.fr\/auteur\/mareva-laville-actu-fr\" title=\"Consulter tous les articles de Mar\u00e9va Laville\" target=\"_blank\" rel=\"noopener\">Mar\u00e9va Laville<\/a><br \/>\n        <\/strong><\/p>\n<p>        Publi\u00e9 le<\/p>\n<p>            1 nov. 2025 \u00e0 6h04        <\/p>\n<p>V\u00e9ritable temps de Toussaint\u2009! Ce samedi 1er\u00a0novembre et dimanche 2\u00a0novembre 2025, \u00e0 Toulouse, le ciel sera majoritairement nuageux. Samedi, d\u00e8s le matin, les nuages seront au rendez-vous, accompagn\u00e9s de <strong>rafales de vent soufflant \u00e0 40km\/h.<\/strong> Mais le vent se calmera dans l\u2019apr\u00e8s-midi pour se transformer en <strong>l\u00e9g\u00e8re brise de 15km\/h.<\/strong><\/p>\n<p class=\" wall-content\">C\u00f4t\u00e9 temp\u00e9ratures, il fera encore bon.<strong> 19\u00b0C le matin et jusqu\u2019\u00e0 23\u00b0C dans l\u2019apr\u00e8s-midi.<\/strong> C\u2019est dans la soir\u00e9e que l\u2019affaire se g\u00e2te. Les premi\u00e8res gouttes de pluie pourront tomber et perdurer dans la nuit, jusqu\u2019au dimanche, jour de <a href=\"https:\/\/actu.fr\/occitanie\/toulouse_31555\/le-marathon-de-toulouse-a-lieu-dimanche-voici-toutes-les-rues-restreintes-a-la-circulation_63362447.html\" target=\"_blank\" rel=\"noopener\">marathon \u00e0 Toulouse.<\/a><\/p>\n<p>    <img   decoding=\"async\" loading=\"lazy\" src=\"https:\/\/www.europesays.com\/fr\/wp-content\/uploads\/2025\/11\/samedi1er-novembr-toulousee-960x527.png\" alt=\"Voici les pr\u00e9visions m\u00e9t\u00e9o \u00e0 Toulouse ce samedi 1er novembre 2025.\" width=\"960\" height=\"527\"\/><br \/>\n    Voici les pr\u00e9visions m\u00e9t\u00e9o \u00e0 Toulouse ce samedi 1er\u00a0novembre 2025. (\u00a9Capture d\u2019\u00e9cran M\u00e9t\u00e9o France)<\/p>\n<p class=\" wall-content\">Il reste un espoir pour les coureurs\u2009: <a href=\"https:\/\/actu.fr\/tag\/meteo-france\" target=\"_blank\" rel=\"noopener\">M\u00e9t\u00e9o France<\/a> pr\u00e9voit plut\u00f4t de la \u00ab\u2009pluie faible\u2009\u00bb. Mais le vent soufflera par rafales \u00e0 40-45\u00a0km\/h. Et coupl\u00e9 avec la pluie, il pourrait bien rafra\u00eechir l\u2019atmosph\u00e8re. Le matin, M\u00e9t\u00e9o France annonce<strong> 14\u00b0C et \u00e0 peine plus l\u2019apr\u00e8s-midi, avec une maximale de 16\u00b0C.<\/strong><\/p>\n<p>    <img   decoding=\"async\" loading=\"lazy\" src=\"https:\/\/www.europesays.com\/fr\/wp-content\/uploads\/2025\/11\/dimanche2-toulouse-960x536.png\" alt=\"Voici les pr\u00e9visions m\u00e9t\u00e9o \u00e0 Toulouse ce dimanche 2 novembre 2025.\" width=\"960\" height=\"536\"\/><br \/>\n    Voici les pr\u00e9visions m\u00e9t\u00e9o \u00e0 Toulouse ce dimanche 2\u00a0novembre 2025. (\u00a9Capture d\u2019\u00e9cran M\u00e9t\u00e9o France)Et en Occitanie\u2009?<\/p>\n<p class=\" wall-content\">Ce ne sera pas autant homog\u00e8ne en <a href=\"http:\/\/www.actu.fr\/occitanie\" target=\"_blank\" rel=\"noopener\">Occitanie<\/a>. Pour samedi 1er\u00a0novembre, M\u00e9t\u00e9o France pr\u00e9voit un<strong> ciel voil\u00e9 dans le sud-est de la r\u00e9gion,<\/strong> alors qu<strong>\u2019\u00e0 l\u2019ouest, de la pluie fine<\/strong> pourrait d\u00e9j\u00e0 arriver. Ailleurs, les <strong>nuages<\/strong> domineront, mais sans grande fra\u00eecheur pour autant. 22\u00b0C sont attendus \u00e0 Castres, 21\u00b0C \u00e0 Perpignan et Albi, 20\u00b0C \u00e0 Carcassonne et Foix, 19\u00b0C \u00e0 Saint-Gaudens et Montauban et 17\u00b0 \u00e0 Auch et Cahors.<\/p>\n<p>Vid\u00e9os : en ce moment sur Actu<br \/>\n    <img   decoding=\"async\" loading=\"lazy\" src=\"https:\/\/www.europesays.com\/fr\/wp-content\/uploads\/2025\/11\/samedi1ernovembre-occitanie-960x640.png\" alt=\"Voici les pr\u00e9visions m\u00e9t\u00e9o en Occitanie ce samedi 1er novembre 2025.\" width=\"960\" height=\"640\"\/><br \/>\n    Voici les pr\u00e9visions m\u00e9t\u00e9o en Occitanie ce samedi 1er\u00a0novembre 2025. (\u00a9Capture d\u2019\u00e9cran M\u00e9t\u00e9o France)<\/p>\n<p class=\" wall-content\">Dimanche, en revanche, ce sera plus tranch\u00e9. Un<strong> ciel voil\u00e9 le long du littoral,<\/strong> avec 18\u00b0C \u00e0 Perpignan, 17\u00b0C \u00e0 B\u00e9ziers et 16\u00b0C \u00e0 Montpellier, et <strong>partout ailleurs, de la pluie.<\/strong><\/p>\n<p>Votre r\u00e9gion, votre actu !<\/p>\n<p>Recevez chaque jour les infos qui comptent pour vous.<\/p>\n<p>\t<a href=\"https:\/\/actu.fr\/newsletter\" class=\"ac-btn ac-btn--corner ac-btn--medium ac-btn--blue800\" target=\"_blank\" rel=\"noopener\">S&rsquo;incrire<\/a><\/p>\n<p class=\" wall-content\">Le thermom\u00e8tre baissera avec des temp\u00e9ratures allant, en moyenne, entre 14\u00b0C et 16\u00b0C l\u2019apr\u00e8s-midi. Le plus frais revient \u00e0 Font-Romeu, avec 8\u00b0C, et Rodez, 10\u00b0C.<\/p>\n<p>    <img   decoding=\"async\" loading=\"lazy\" src=\"https:\/\/www.europesays.com\/fr\/wp-content\/uploads\/2025\/11\/dimanche2-occitanie-960x640.png\" alt=\"Voici les pr\u00e9visions m\u00e9t\u00e9o en Occitanie ce dimanche 2 novembre 2025.\" width=\"960\" height=\"640\"\/><br \/>\n    Voici les pr\u00e9visions m\u00e9t\u00e9o en Occitanie ce dimanche 2\u00a0novembre 2025. (\u00a9Capture d\u2019\u00e9cran M\u00e9t\u00e9o France)<\/p>\n<p class=\" wall-content\">Personnalisez votre actualit\u00e9 en ajoutant vos villes et m\u00e9dias en favori avec <a href=\"https:\/\/moncompte.actu.fr\" title=\"D\u00e9couvez Mon Actu\" rel=\"nofollow noopener\" data-trk=\"{&quot;cta&quot;:{&quot;action&quot;:&quot;https:\\\/\\\/moncompte.actu.fr&quot;,&quot;category&quot;:&quot;mon compte&quot;,&quot;from&quot;:&quot;article footer&quot;,&quot;name&quot;:&quot;Mon actu&quot;,&quot;type&quot;:&quot;cta&quot;}}\" target=\"_blank\">Mon Actu<\/a>.<\/p>\n","protected":false},"excerpt":{"rendered":"Par Mar\u00e9va Laville Publi\u00e9 le 1 nov. 2025 \u00e0 6h04 V\u00e9ritable temps de Toussaint\u2009! Ce samedi 1er\u00a0novembre et&hellip;\n","protected":false},"author":2,"featured_media":503823,"comment_status":"","ping_status":"","sticky":false,"template":"","format":"standard","meta":{"footnotes":""},"categories":[2816],"tags":[1111,11,1777,674,1011,27,2487,2357,12,2680,25,2312],"class_list":{"0":"post-503822","1":"post","2":"type-post","3":"status-publish","4":"format-standard","5":"has-post-thumbnail","7":"category-toulouse","8":"tag-actu","9":"tag-actualites","10":"tag-eu","11":"tag-europe","12":"tag-fr","13":"tag-france","14":"tag-meteo","15":"tag-meteo-france","16":"tag-news","17":"tag-occitanie","18":"tag-republique-francaise","19":"tag-toulouse"},"share_on_mastodon":{"url":"https:\/\/pubeurope.com\/@fr\/115472735803017415","error":""},"_links":{"self":[{"href":"https:\/\/www.europesays.com\/fr\/wp-json\/wp\/v2\/posts\/503822","targetHints":{"allow":["GET"]}}],"collection":[{"href":"https:\/\/www.europesays.com\/fr\/wp-json\/wp\/v2\/posts"}],"about":[{"href":"https:\/\/www.europesays.com\/fr\/wp-json\/wp\/v2\/types\/post"}],"author":[{"embeddable":true,"href":"https:\/\/www.europesays.com\/fr\/wp-json\/wp\/v2\/users\/2"}],"replies":[{"embeddable":true,"href":"https:\/\/www.europesays.com\/fr\/wp-json\/wp\/v2\/comments?post=503822"}],"version-history":[{"count":0,"href":"https:\/\/www.europesays.com\/fr\/wp-json\/wp\/v2\/posts\/503822\/revisions"}],"wp:featuredmedia":[{"embeddable":true,"href":"https:\/\/www.europesays.com\/fr\/wp-json\/wp\/v2\/media\/503823"}],"wp:attachment":[{"href":"https:\/\/www.europesays.com\/fr\/wp-json\/wp\/v2\/media?parent=503822"}],"wp:term":[{"taxonomy":"category","embeddable":true,"href":"https:\/\/www.europesays.com\/fr\/wp-json\/wp\/v2\/categories?post=503822"},{"taxonomy":"post_tag","embeddable":true,"href":"https:\/\/www.europesays.com\/fr\/wp-json\/wp\/v2\/tags?post=503822"}],"curies":[{"name":"wp","href":"https:\/\/api.w.org\/{rel}","templated":true}]}}