{"id":503830,"date":"2025-11-01T05:18:13","date_gmt":"2025-11-01T05:18:13","guid":{"rendered":"https:\/\/www.europesays.com\/fr\/503830\/"},"modified":"2025-11-01T05:18:13","modified_gmt":"2025-11-01T05:18:13","slug":"une-friperie-ouvre-un-pop-up-vintage-pour-la-venue-de-lady-gaga","status":"publish","type":"post","link":"https:\/\/www.europesays.com\/fr\/503830\/","title":{"rendered":"une friperie ouvre un pop-up vintage pour la venue de Lady Gaga"},"content":{"rendered":"<p>La superstar am\u00e9ricaine fera escale \u00e0 la LDLC Arena de D\u00e9cines les 13 et 14 novembre dans le cadre de son Mayhem Ball Tour, un <a href=\"https:\/\/www.leprogres.fr\/culture-loisirs\/2025\/04\/03\/concerts-de-lady-gaga-a-la-ldlc-arena-la-billetterie-a-ouvert-les-sites-de-vente-pris-d-assaut\" target=\"_blank\" rel=\"nofollow noopener\">spectacle tr\u00e8s attendu par les fans et d\u00e9j\u00e0 complet<\/a>. Pour marquer cette double date exceptionnelle, la boutique lyonnaise, install\u00e9e place Sathonay dans le 1 er arrondissement de Lyon, proposera un concept in\u00e9dit\u00a0: un espace \u00e9ph\u00e9m\u00e8re d\u00e9di\u00e9 au style extravagant et iconique de Lady Gaga.<\/p>\n<p>Le rendez-vous est donn\u00e9 du lundi\u00a010 au samedi 15\u00a0novembre, de 11\u00a0h \u00e0 19\u00a0h, au 21 rue Sergent Blandan, \u00e0 deux pas de l\u2019H\u00f4tel de Ville.<\/p>\n<p>  Plus de 300 pi\u00e8ces collector<\/p>\n<p>Baptis\u00e9 \u00ab\u00a0The Gaga Store Vintage Week\u00a0\u00bb, cet \u00e9v\u00e9nement mettra en avant plus de 300 v\u00eatements, bijoux et accessoires vintage destin\u00e9s aussi bien aux femmes qu\u2019aux hommes. Et la friperie n\u2019en est pas \u00e0 son coup d\u2019essai, ayant d\u00e9j\u00e0 ouvert une boutique \u00e9ph\u00e9m\u00e8re sur <a href=\"https:\/\/www.leprogres.fr\/economie\/2024\/02\/29\/une-boutique-ephemere-dediee-a-la-serie-sex-and-the-city-ouvre-a-lyon-ce-vendredi\" target=\"_blank\" rel=\"nofollow noopener\">le th\u00e8me de <\/a><a href=\"https:\/\/www.leprogres.fr\/economie\/2024\/02\/29\/une-boutique-ephemere-dediee-a-la-serie-sex-and-the-city-ouvre-a-lyon-ce-vendredi\" target=\"_blank\" rel=\"nofollow noopener\">la s\u00e9rie Sex and the City<\/a> en 2024.<\/p>\n<p>\u00ab\u00a0La s\u00e9lection du GAGASTORE VINTAGE WEEK va fr\u00f4ler l\u2019extravagance, tutoyer l\u2019exub\u00e9rance et approcher la d\u00e9mesure\u00a0!\u00a0\u00bb promet la friperie, qui confie avoir soigneusement mis de c\u00f4t\u00e9 des pi\u00e8ces collector depuis plusieurs mois pour combler les \u201cLittle Monsters\u201d &#8211; le surnom embl\u00e9matique des fans de Lady Gaga.<\/p>\n","protected":false},"excerpt":{"rendered":"La superstar am\u00e9ricaine fera escale \u00e0 la LDLC Arena de D\u00e9cines les 13 et 14 novembre dans le&hellip;\n","protected":false},"author":2,"featured_media":503831,"comment_status":"","ping_status":"","sticky":false,"template":"","format":"standard","meta":{"footnotes":""},"categories":[1889],"tags":[1111,11,2430,1687,2757,1777,674,107,1011,27,2428,2756,12,25,2429,3151],"class_list":{"0":"post-503830","1":"post","2":"type-post","3":"status-publish","4":"format-standard","5":"has-post-thumbnail","7":"category-lyon","8":"tag-actu","9":"tag-actualites","10":"tag-auvergne-rhone-alpes","11":"tag-culture-loisirs","12":"tag-edition-lyon-villeurbanne","13":"tag-eu","14":"tag-europe","15":"tag-fil-info","16":"tag-fr","17":"tag-france","18":"tag-lyon","19":"tag-lyon-bassin","20":"tag-news","21":"tag-republique-francaise","22":"tag-rhone","23":"tag-selection-de-la-redaction-69"},"share_on_mastodon":{"url":"https:\/\/pubeurope.com\/@fr\/115472754467052232","error":""},"_links":{"self":[{"href":"https:\/\/www.europesays.com\/fr\/wp-json\/wp\/v2\/posts\/503830","targetHints":{"allow":["GET"]}}],"collection":[{"href":"https:\/\/www.europesays.com\/fr\/wp-json\/wp\/v2\/posts"}],"about":[{"href":"https:\/\/www.europesays.com\/fr\/wp-json\/wp\/v2\/types\/post"}],"author":[{"embeddable":true,"href":"https:\/\/www.europesays.com\/fr\/wp-json\/wp\/v2\/users\/2"}],"replies":[{"embeddable":true,"href":"https:\/\/www.europesays.com\/fr\/wp-json\/wp\/v2\/comments?post=503830"}],"version-history":[{"count":0,"href":"https:\/\/www.europesays.com\/fr\/wp-json\/wp\/v2\/posts\/503830\/revisions"}],"wp:featuredmedia":[{"embeddable":true,"href":"https:\/\/www.europesays.com\/fr\/wp-json\/wp\/v2\/media\/503831"}],"wp:attachment":[{"href":"https:\/\/www.europesays.com\/fr\/wp-json\/wp\/v2\/media?parent=503830"}],"wp:term":[{"taxonomy":"category","embeddable":true,"href":"https:\/\/www.europesays.com\/fr\/wp-json\/wp\/v2\/categories?post=503830"},{"taxonomy":"post_tag","embeddable":true,"href":"https:\/\/www.europesays.com\/fr\/wp-json\/wp\/v2\/tags?post=503830"}],"curies":[{"name":"wp","href":"https:\/\/api.w.org\/{rel}","templated":true}]}}