{"id":503832,"date":"2025-11-01T05:19:20","date_gmt":"2025-11-01T05:19:20","guid":{"rendered":"https:\/\/www.europesays.com\/fr\/503832\/"},"modified":"2025-11-01T05:19:20","modified_gmt":"2025-11-01T05:19:20","slug":"lyon-chantier-exceptionnel-au-cimetiere-de-la-guillotiere-le-dome-du-crematorium-est-restaure-dans-les-regles-de-lart","status":"publish","type":"post","link":"https:\/\/www.europesays.com\/fr\/503832\/","title":{"rendered":"Lyon. Chantier exceptionnel au cimeti\u00e8re de la Guilloti\u00e8re, le d\u00f4me du cr\u00e9matorium est restaur\u00e9 dans les r\u00e8gles de l\u2019art"},"content":{"rendered":"<p>L\u2019ouvrage est complexe. Un d\u00f4me galb\u00e9 qui culmine \u00e0 une trentaine de m\u00e8tres, des lignes droites inexistantes\u2026 De quoi saluer les intervenants et leur savoir-faire qui \u0153uvrent en ce moment \u00e0 la r\u00e9novation du cr\u00e9matorium sous la direction d\u2019un architecte du patrimoine.<\/p>\n<p>L\u2019ouvrage plut\u00f4t imposant est install\u00e9 au cimeti\u00e8re de la Guilloti\u00e8re. Cette \u201cvieille dame\u201d \u00e2g\u00e9e aujourd\u2019hui de 113 ans, comme le souligne Laurent Bosetti, adjoint au maire de Lyon d\u00e9l\u00e9gu\u00e9 au Fun\u00e9raire, accusait de s\u00e9rieux signes de faiblesse, \u00e0 un point tel qu\u2019il a fallu reprendre presque enti\u00e8rement&#8230;<\/p>\n","protected":false},"excerpt":{"rendered":"L\u2019ouvrage est complexe. Un d\u00f4me galb\u00e9 qui culmine \u00e0 une trentaine de m\u00e8tres, des lignes droites inexistantes\u2026 De&hellip;\n","protected":false},"author":2,"featured_media":503833,"comment_status":"","ping_status":"","sticky":false,"template":"","format":"standard","meta":{"footnotes":""},"categories":[1889],"tags":[1111,11,2430,4749,1687,33,2757,1777,674,1011,27,2428,2756,12,2661,25,2429,3151],"class_list":{"0":"post-503832","1":"post","2":"type-post","3":"status-publish","4":"format-standard","5":"has-post-thumbnail","7":"category-lyon","8":"tag-actu","9":"tag-actualites","10":"tag-auvergne-rhone-alpes","11":"tag-btp-et-chantiers","12":"tag-culture-loisirs","13":"tag-economie","14":"tag-edition-lyon-villeurbanne","15":"tag-eu","16":"tag-europe","17":"tag-fr","18":"tag-france","19":"tag-lyon","20":"tag-lyon-bassin","21":"tag-news","22":"tag-patrimoine-culturel","23":"tag-republique-francaise","24":"tag-rhone","25":"tag-selection-de-la-redaction-69"},"share_on_mastodon":{"url":"https:\/\/pubeurope.com\/@fr\/115472758407811355","error":""},"_links":{"self":[{"href":"https:\/\/www.europesays.com\/fr\/wp-json\/wp\/v2\/posts\/503832","targetHints":{"allow":["GET"]}}],"collection":[{"href":"https:\/\/www.europesays.com\/fr\/wp-json\/wp\/v2\/posts"}],"about":[{"href":"https:\/\/www.europesays.com\/fr\/wp-json\/wp\/v2\/types\/post"}],"author":[{"embeddable":true,"href":"https:\/\/www.europesays.com\/fr\/wp-json\/wp\/v2\/users\/2"}],"replies":[{"embeddable":true,"href":"https:\/\/www.europesays.com\/fr\/wp-json\/wp\/v2\/comments?post=503832"}],"version-history":[{"count":0,"href":"https:\/\/www.europesays.com\/fr\/wp-json\/wp\/v2\/posts\/503832\/revisions"}],"wp:featuredmedia":[{"embeddable":true,"href":"https:\/\/www.europesays.com\/fr\/wp-json\/wp\/v2\/media\/503833"}],"wp:attachment":[{"href":"https:\/\/www.europesays.com\/fr\/wp-json\/wp\/v2\/media?parent=503832"}],"wp:term":[{"taxonomy":"category","embeddable":true,"href":"https:\/\/www.europesays.com\/fr\/wp-json\/wp\/v2\/categories?post=503832"},{"taxonomy":"post_tag","embeddable":true,"href":"https:\/\/www.europesays.com\/fr\/wp-json\/wp\/v2\/tags?post=503832"}],"curies":[{"name":"wp","href":"https:\/\/api.w.org\/{rel}","templated":true}]}}