{"id":503834,"date":"2025-11-01T05:22:01","date_gmt":"2025-11-01T05:22:01","guid":{"rendered":"https:\/\/www.europesays.com\/fr\/503834\/"},"modified":"2025-11-01T05:22:01","modified_gmt":"2025-11-01T05:22:01","slug":"plus-de-50-000-articles-de-contrefacon-saisis-en-ile-de-france-dont-des-fausses-peluches-labubu-2","status":"publish","type":"post","link":"https:\/\/www.europesays.com\/fr\/503834\/","title":{"rendered":"Plus de 50.000 articles de contrefa\u00e7on saisis en \u00cele-de-France, dont des fausses peluches \u00ab\u00a0Labubu\u00a0\u00bb"},"content":{"rendered":"<p class=\"mb-4 text-lg md:leading-8 break-words\">Les <a href=\"https:\/\/www.bfmtv.com\/economie\/consommation\/plus-de-45-000-fausses-peluches-labubu-ont-ete-saisies-par-les-douanes-francaises-cet-ete-certains-acheteurs-sont-meme-fiers-d-avoir-des-contrefacons_AD-202509010628.html\" rel=\"nofollow noopener\" target=\"_blank\" data-ylk=\"slk:&quot;Labubu&quot;;elm:context_link;itc:0;sec:content-canvas\" class=\"link \">\u00ab\u00a0Labubu\u00a0\u00bb<\/a> continuent d&rsquo;attiser les convoitises du march\u00e9 noir. En seulement trois semaines, les \u00e9quipes des douanes de Paris-Est ont intercept\u00e9 pr\u00e8s de 56.000 articles, dont de nombreuses peluches chinoises, de contrefa\u00e7on en Seine-et-Marne et Seine-Saint-Denis, a appris BFMTV, aupr\u00e8s des services douaniers.<\/p>\n<p class=\"mb-4 text-lg md:leading-8 break-words\">Tout commence au milieu du mois de septembre, lorsque les douaniers de Combs-la-Ville d\u00e9couvrent, dans un centre de fret express de Seine-et-Marne, plusieurs palettes en provenance de Belgique, contenant plus de 7.392 peluches et 8.624 emballages de contrefa\u00e7on.<\/p>\n<p class=\"mb-4 text-lg md:leading-8 break-words\">\u00ab\u00a0Quelques jours plus tard, les douaniers d\u2019Aulnay-sous-Bois saisissent \u00e0 leur tour pr\u00e8s de 7.754 peluches dans un entrep\u00f4t de fret express \u00e0 La Courneuve\u00a0\u00bb, indiquent les autorit\u00e9s dans un communiqu\u00e9.<\/p>\n<p class=\"mb-4 text-lg md:leading-8 break-words\">L\u2019enqu\u00eate continue et finit par r\u00e9v\u00e9ler que ces marchandises \u00e9taient destin\u00e9es \u00e0 un commerce d\u2019Aubervilliers. Un point de vente o\u00f9 les agents d\u00e9couvrent ensuite pr\u00e8s de 29.000 articles suppl\u00e9mentaires, imitant les Labubu, mais aussi des \u00ab\u00a0produits d\u00e9riv\u00e9s inspir\u00e9s de c\u00e9l\u00e8bres univers d\u2019animation\u00a0\u00bb.<\/p>\n<p>Un contexte de haute surveillance<\/p>\n<p class=\"mb-4 text-lg md:leading-8 break-words\">Ces saisies interviennent dans un contexte de vigilance renforc\u00e9e de la Douane, \u00e0 l\u2019approche de la fin de l\u2019ann\u00e9e o\u00f9 des p\u00e9riodes de forte consommation, comme le Black Friday ou encore No\u00ebl, sont attendues.<\/p>\n<p class=\"mb-4 text-lg md:leading-8 break-words\">\u00ab\u00a0Souvent propos\u00e9s \u00e0 bas prix et de qualit\u00e9 m\u00e9diocre, ces produits \u00e9chappent \u00e0 tout contr\u00f4le de conformit\u00e9 et peuvent pr\u00e9senter des risques pour la s\u00e9curit\u00e9 des consommateurs, en particulier des enfants\u00a0\u00bb, pr\u00e9viennent les douanes en invitant les consommateurs \u00e0 faire preuve de prudence.<\/p>\n<p class=\"mb-4 text-lg md:leading-8 break-words\">Depuis le d\u00e9but de l&rsquo;ann\u00e9e 2025, ces fameuses peluches, <a href=\"https:\/\/www.bfmtv.com\/economie\/consommation\/etranges-laides-mais-tres-inclusives-les-poupees-chinoises-labubu-s-arrachent-partout-et-pekin-s-en-sert-pour-etendre-son-influence-sur-la-planete_AD-202506230253.html\" rel=\"nofollow noopener\" target=\"_blank\" data-ylk=\"slk:v\u00e9ritable outil de soft power chinois;elm:context_link;itc:0;sec:content-canvas\" class=\"link \">v\u00e9ritable outil de soft power chinois<\/a>, connaissent un franc succ\u00e8s aupr\u00e8s des plus jeunes, mais \u00e9galement des plus \u00e2g\u00e9s.<\/p>\n<p class=\"mb-4 text-lg md:leading-8 break-words\"><a href=\"https:\/\/www.bfmtv.com\/police-justice\/plus-de-50-000-articles-de-contrefacon-saisis-en-ile-de-france-dont-des-fausses-peluches-labubu_AN-202510310272.html#xtor=AL-68\" rel=\"nofollow noopener\" target=\"_blank\" data-ylk=\"slk:Article original publi\u00e9 sur BFMTV.com;elm:context_link;itc:0;sec:content-canvas\" class=\"link \">Article original publi\u00e9 sur BFMTV.com<\/a><\/p>\n","protected":false},"excerpt":{"rendered":"Les \u00ab\u00a0Labubu\u00a0\u00bb continuent d&rsquo;attiser les convoitises du march\u00e9 noir. En seulement trois semaines, les \u00e9quipes des douanes de&hellip;\n","protected":false},"author":2,"featured_media":503835,"comment_status":"","ping_status":"","sticky":false,"template":"","format":"standard","meta":{"footnotes":""},"categories":[1592],"tags":[1111,11,38314,1777,674,14852,1011,27,662,24983,49165,12,626,62611,25],"class_list":{"0":"post-503834","1":"post","2":"type-post","3":"status-publish","4":"format-standard","5":"has-post-thumbnail","7":"category-ile-de-france","8":"tag-actu","9":"tag-actualites","10":"tag-contrefacon","11":"tag-eu","12":"tag-europe","13":"tag-fin-de-lannee","14":"tag-fr","15":"tag-france","16":"tag-ile-de-france","17":"tag-labubu","18":"tag-mois-de-septembre","19":"tag-news","20":"tag-paris","21":"tag-point-de-vente","22":"tag-republique-francaise"},"share_on_mastodon":{"url":"https:\/\/pubeurope.com\/@fr\/115472770298891566","error":""},"_links":{"self":[{"href":"https:\/\/www.europesays.com\/fr\/wp-json\/wp\/v2\/posts\/503834","targetHints":{"allow":["GET"]}}],"collection":[{"href":"https:\/\/www.europesays.com\/fr\/wp-json\/wp\/v2\/posts"}],"about":[{"href":"https:\/\/www.europesays.com\/fr\/wp-json\/wp\/v2\/types\/post"}],"author":[{"embeddable":true,"href":"https:\/\/www.europesays.com\/fr\/wp-json\/wp\/v2\/users\/2"}],"replies":[{"embeddable":true,"href":"https:\/\/www.europesays.com\/fr\/wp-json\/wp\/v2\/comments?post=503834"}],"version-history":[{"count":0,"href":"https:\/\/www.europesays.com\/fr\/wp-json\/wp\/v2\/posts\/503834\/revisions"}],"wp:featuredmedia":[{"embeddable":true,"href":"https:\/\/www.europesays.com\/fr\/wp-json\/wp\/v2\/media\/503835"}],"wp:attachment":[{"href":"https:\/\/www.europesays.com\/fr\/wp-json\/wp\/v2\/media?parent=503834"}],"wp:term":[{"taxonomy":"category","embeddable":true,"href":"https:\/\/www.europesays.com\/fr\/wp-json\/wp\/v2\/categories?post=503834"},{"taxonomy":"post_tag","embeddable":true,"href":"https:\/\/www.europesays.com\/fr\/wp-json\/wp\/v2\/tags?post=503834"}],"curies":[{"name":"wp","href":"https:\/\/api.w.org\/{rel}","templated":true}]}}