{"id":503836,"date":"2025-11-01T05:23:17","date_gmt":"2025-11-01T05:23:17","guid":{"rendered":"https:\/\/www.europesays.com\/fr\/503836\/"},"modified":"2025-11-01T05:23:17","modified_gmt":"2025-11-01T05:23:17","slug":"la-mobilisation-paye-dit-la-cgt-alors-que-sebastien-lecornu-sest-dit-favorable-a-renoncer-au-gel-des-pensions-de-retraite-et-des-minima-sociaux","status":"publish","type":"post","link":"https:\/\/www.europesays.com\/fr\/503836\/","title":{"rendered":"\u00ab\u00a0La mobilisation paye\u00a0\u00bb, dit la CGT alors que S\u00e9bastien Lecornu s&rsquo;est dit favorable \u00e0 renoncer au gel des pensions de retraite et des minima sociaux"},"content":{"rendered":"\n<p class=\"c-chapo \">\n  Le Premier ministre est \u00e0 la recherche de compromis pour faire adopter le budget et celui de la s\u00e9curit\u00e9 sociale.\n<\/p>\n<p>      lire plus tard<\/p>\n<p id=\"dialog__title\" class=\"dialog__title\">Pour sauvegarder cet article, connectez-vous ou cr\u00e9ez un compte franceinfo<\/p>\n<p class=\"dialog__description\">Sans paiement. Sans abonnement.<\/p>\n<p>        Fermer la fen\u00eatre d\u2019activation des notifications France Info<\/p>\n<p>      cr\u00e9er votre compte<\/p>\n<p>      se connecter<\/p>\n<p>        Fermer la fen\u00eatre de pr\u00e9sentation<\/p>\n<p>    <img loading=\"lazy\" decoding=\"async\" class=\"signature__image lazyload\" width=\"100\" height=\"100\" data- alt=\"\" src=\"https:\/\/www.europesays.com\/fr\/wp-content\/uploads\/2025\/05\/64a7df4c5fe71_placeholder-36b69ec8.png\"\/><\/p>\n<p>    Publi\u00e9 le 31\/10\/2025 20:41<\/p>\n<p>        Temps de lecture : 1min<\/p>\n<p>    <img decoding=\"async\"  alt=\"Des manifestants tiennent un drapeau de la CGT, Paris, 20 mars 2025. (ERIC BRONCARD \/ HANS LUCAS \/ AFP)\" width=\"432\" height=\"243\" src=\"https:\/\/www.europesays.com\/fr\/wp-content\/uploads\/2025\/11\/080-hl-ebroncard-2707919-67e2625bc715f188236091.jpg\" fetchpriority=\"high\"\/><\/p>\n<p>      Des manifestants tiennent un drapeau de la CGT, Paris, 20 mars 2025. (ERIC BRONCARD \/ HANS LUCAS \/ AFP)<\/p>\n<p>\u00ab\u00a0La mobilisation paye\u00a0\u00bb, salue, aupr\u00e8s de franceinfo vendredi\u00a031 octobre, la CGT, alors que le Premier ministre s&rsquo;est dit <a href=\"https:\/\/www.franceinfo.fr\/economie\/budget\/budget-2026-sebastien-lecornu-se-dit-favorable-a-renoncer-au-gel-des-pensions-de-retraite-et-des-minimas-sociaux_7587443.html\" rel=\"nofollow noopener\" target=\"_blank\">\u00ab\u00a0favorable\u00a0\u00bb \u00e0 l&rsquo;abandon du gel des pensions de retraite et des minima sociaux<\/a> en 2026, mesures qui figurent dans le projet de budget de la S\u00e9curit\u00e9 sociale.<\/p>\n<p>S\u00e9bastien Lecornu a fait cette annonce \u00e0 propos des retraites alors que les d\u00e9put\u00e9s venaient de <a href=\"https:\/\/www.franceinfo.fr\/economie\/budget\/budget-2026-les-deputes-rejettent-l-instauration-de-la-taxe-zucman-sur-les-hauts-patrimoines_7587392.html\" rel=\"nofollow noopener\" target=\"_blank\">rejeter les amendements concernant la taxe Zucman<\/a>. Le gel des pensions de retraite et des minima sociaux sont des mesures parmi les plus contest\u00e9es du d\u00e9bat budg\u00e9taire.<\/p>\n<p>\u00ab\u00a0Il faut maintenant que cette annonce soit confirm\u00e9e. Nous regarderons la suite tr\u00e8s attentivement pour nous assurer qu&rsquo;il n\u2019y ait pas de loup\u00a0\u00bb, assure la CGT \u00e0 franceinfo. \u00ab\u00a0Il faut maintenant que le reste des horreurs soient retir\u00e9es du budget \u00e0 commencer par le doublement des franchises m\u00e9dicales, les suppressions de postes de fonctionnaires et le gel de leur salaire, la baisse de dotation des h\u00f4pitaux des collectivit\u00e9s et des services publics\u00a0\u00bb, poursuit le syndicat, assurant que la mobilisation pr\u00e9vue le 6\u00a0novembre \u00ab\u00a0servira \u00e0 maintenir la pression sur ces sujets\u00a0\u00bb.<\/p>\n","protected":false},"excerpt":{"rendered":"Le Premier ministre est \u00e0 la recherche de compromis pour faire adopter le budget et celui de la&hellip;\n","protected":false},"author":2,"featured_media":503837,"comment_status":"","ping_status":"","sticky":false,"template":"","format":"standard","meta":{"footnotes":""},"categories":[1888],"tags":[1111,1928,11,1927,1777,674,1011,27,12,1926,626,1925,25],"class_list":{"0":"post-503836","1":"post","2":"type-post","3":"status-publish","4":"format-standard","5":"has-post-thumbnail","7":"category-paris","8":"tag-actu","9":"tag-actu-paris","10":"tag-actualites","11":"tag-actualites-paris","12":"tag-eu","13":"tag-europe","14":"tag-fr","15":"tag-france","16":"tag-news","17":"tag-news-paris","18":"tag-paris","19":"tag-paris-news","20":"tag-republique-francaise"},"share_on_mastodon":{"url":"https:\/\/pubeurope.com\/@fr\/115472777115079386","error":""},"_links":{"self":[{"href":"https:\/\/www.europesays.com\/fr\/wp-json\/wp\/v2\/posts\/503836","targetHints":{"allow":["GET"]}}],"collection":[{"href":"https:\/\/www.europesays.com\/fr\/wp-json\/wp\/v2\/posts"}],"about":[{"href":"https:\/\/www.europesays.com\/fr\/wp-json\/wp\/v2\/types\/post"}],"author":[{"embeddable":true,"href":"https:\/\/www.europesays.com\/fr\/wp-json\/wp\/v2\/users\/2"}],"replies":[{"embeddable":true,"href":"https:\/\/www.europesays.com\/fr\/wp-json\/wp\/v2\/comments?post=503836"}],"version-history":[{"count":0,"href":"https:\/\/www.europesays.com\/fr\/wp-json\/wp\/v2\/posts\/503836\/revisions"}],"wp:featuredmedia":[{"embeddable":true,"href":"https:\/\/www.europesays.com\/fr\/wp-json\/wp\/v2\/media\/503837"}],"wp:attachment":[{"href":"https:\/\/www.europesays.com\/fr\/wp-json\/wp\/v2\/media?parent=503836"}],"wp:term":[{"taxonomy":"category","embeddable":true,"href":"https:\/\/www.europesays.com\/fr\/wp-json\/wp\/v2\/categories?post=503836"},{"taxonomy":"post_tag","embeddable":true,"href":"https:\/\/www.europesays.com\/fr\/wp-json\/wp\/v2\/tags?post=503836"}],"curies":[{"name":"wp","href":"https:\/\/api.w.org\/{rel}","templated":true}]}}