{"id":503842,"date":"2025-11-01T05:27:16","date_gmt":"2025-11-01T05:27:16","guid":{"rendered":"https:\/\/www.europesays.com\/fr\/503842\/"},"modified":"2025-11-01T05:27:16","modified_gmt":"2025-11-01T05:27:16","slug":"top-10-des-quartiers-de-paris-ou-scolariser-ses-enfants-les-epinettes-difficile-de-trouver-mieux-ailleurs","status":"publish","type":"post","link":"https:\/\/www.europesays.com\/fr\/503842\/","title":{"rendered":"Top 10 des quartiers de Paris o\u00f9 scolariser ses enfants\u00a0: les \u00c9pinettes, \u00ab\u00a0difficile de trouver mieux ailleurs\u00a0\u00bb"},"content":{"rendered":"<p class=\"paragraph text_align_left lp-f-body-02\">Un joyeux vacarme de rires et de cris d\u2019excitation enveloppe le square des \u00c9pinettes. Ce mercredi midi de vacances scolaires, sous les arbres roux du c\u0153ur de ce quartier du <a href=\"https:\/\/www.leparisien.fr\/paris-75\/paris-75017\/\" target=\"_self\" rel=\"nofollow noopener\">XVIIe arrondissement de Paris<\/a>, les enfants sont rois. Leurs parents aussi.<\/p>\n<p class=\"paragraph text_align_left lp-f-body-02\">Les \u00c9pinettes, d\u00e9limit\u00e9es au nord par la fronti\u00e8re avec Clichy-la-Garenne (Hauts-de-Seine), <a href=\"https:\/\/www.leparisien.fr\/paris-75\/cest-trop-tot-le-passage-a-lheure-dhiver-relance-le-debat-sur-la-fermeture-avancee-des-parcs-parisiens-18-10-2025-IKVVQZGKSZBTLD3QWHC6U2ZGP4.php\" target=\"_self\" rel=\"nofollow noopener\">le parc Martin-Luther-King<\/a> \u00e0 l\u2019Ouest et l\u2019avenue de Saint-Ouen \u00e0 l\u2019Est, sont \u00ab l\u2019outsider \u00bb du top 10 des meilleurs quartiers parisien o\u00f9 scolariser ses enfants. Selon notre classement, ce secteur o\u00f9 r\u00e8gne encore une grande mixit\u00e9 sociale \u2014 malgr\u00e9 une tendance \u00e0 la gentrification \u2014 grimpe cette ann\u00e9e \u00e0 la 8e place. Juste derri\u00e8re le Val-de-Gr\u00e2ce (Ve) et devant Necker (XVe).<\/p>\n","protected":false},"excerpt":{"rendered":"Un joyeux vacarme de rires et de cris d\u2019excitation enveloppe le square des \u00c9pinettes. Ce mercredi midi de&hellip;\n","protected":false},"author":2,"featured_media":503843,"comment_status":"","ping_status":"","sticky":false,"template":"","format":"standard","meta":{"footnotes":""},"categories":[1888],"tags":[11,1777,674,1011,27,1944,12,626,25,104],"class_list":{"0":"post-503842","1":"post","2":"type-post","3":"status-publish","4":"format-standard","5":"has-post-thumbnail","7":"category-paris","8":"tag-actualites","9":"tag-eu","10":"tag-europe","11":"tag-fr","12":"tag-france","13":"tag-ma-ville","14":"tag-news","15":"tag-paris","16":"tag-republique-francaise","17":"tag-societe"},"share_on_mastodon":{"url":"https:\/\/pubeurope.com\/@fr\/115472789949895264","error":""},"_links":{"self":[{"href":"https:\/\/www.europesays.com\/fr\/wp-json\/wp\/v2\/posts\/503842","targetHints":{"allow":["GET"]}}],"collection":[{"href":"https:\/\/www.europesays.com\/fr\/wp-json\/wp\/v2\/posts"}],"about":[{"href":"https:\/\/www.europesays.com\/fr\/wp-json\/wp\/v2\/types\/post"}],"author":[{"embeddable":true,"href":"https:\/\/www.europesays.com\/fr\/wp-json\/wp\/v2\/users\/2"}],"replies":[{"embeddable":true,"href":"https:\/\/www.europesays.com\/fr\/wp-json\/wp\/v2\/comments?post=503842"}],"version-history":[{"count":0,"href":"https:\/\/www.europesays.com\/fr\/wp-json\/wp\/v2\/posts\/503842\/revisions"}],"wp:featuredmedia":[{"embeddable":true,"href":"https:\/\/www.europesays.com\/fr\/wp-json\/wp\/v2\/media\/503843"}],"wp:attachment":[{"href":"https:\/\/www.europesays.com\/fr\/wp-json\/wp\/v2\/media?parent=503842"}],"wp:term":[{"taxonomy":"category","embeddable":true,"href":"https:\/\/www.europesays.com\/fr\/wp-json\/wp\/v2\/categories?post=503842"},{"taxonomy":"post_tag","embeddable":true,"href":"https:\/\/www.europesays.com\/fr\/wp-json\/wp\/v2\/tags?post=503842"}],"curies":[{"name":"wp","href":"https:\/\/api.w.org\/{rel}","templated":true}]}}