{"id":503859,"date":"2025-11-01T05:36:14","date_gmt":"2025-11-01T05:36:14","guid":{"rendered":"https:\/\/www.europesays.com\/fr\/503859\/"},"modified":"2025-11-01T05:36:14","modified_gmt":"2025-11-01T05:36:14","slug":"que-se-passe-t-il-en-tanzanie-ou-des-manifestations-anti-regime-ont-fait-des-centaines-de-morts","status":"publish","type":"post","link":"https:\/\/www.europesays.com\/fr\/503859\/","title":{"rendered":"Que se passe-t-il en Tanzanie, o\u00f9 des manifestations anti-r\u00e9gime ont fait des centaines de morts\u00a0?"},"content":{"rendered":"<p>        <img decoding=\"async\" loading=\"lazy\" src=\"https:\/\/www.europesays.com\/fr\/wp-content\/uploads\/2025\/11\/4ec289a_upload-1-qyqmziu0rido-afp-20251029-82cm6h9-v4-midres-topshottanzaniazanzibarvote.jpg\"  width=\"728\" height=\"410\" alt=\"Un policier intercepte un homme dans un bureau de vote de Stone Town, le 29\u00a0octobre 2025, en Tanzanie.\"\/>  <\/p>\n<p>MARCO LONGARI \/ AFP<\/p>\n<p>Un policier intercepte un homme dans un bureau de vote de Stone Town, le 29\u00a0octobre 2025, en Tanzanie.<\/p>\n<p class=\"asset asset-text\">INTERNATIONAL &#8211; Le pays de 68\u00a0millions d\u2019habitants a bascul\u00e9 dans le chaos. Quelque 700 personnes ont \u00e9t\u00e9 tu\u00e9es lors de <a href=\"https:\/\/www.huffingtonpost.fr\/international\/video\/en-georgie-des-manifestants-tentent-d-envahir-le-palais-presidentiel-le-gouvernement-crie-au-coup-d-etat_255623.html\" rel=\"nofollow noopener\" target=\"_blank\">violences \u00e9lectorales<\/a> en Tanzanie, affirme ce vendredi 31\u00a0octobre le principal parti d\u2019opposition de ce pays d\u2019<a href=\"https:\/\/www.huffingtonpost.fr\/international\/article\/pour-emmanuel-macron-l-afrique-a-oublie-de-dire-merci-a-la-france-ces-dirigeants-lui-repondent_244463.html\" rel=\"nofollow noopener\" target=\"_blank\">Afrique <\/a>de l\u2019Est toujours sous une chape de plomb. Des chiffres rejet\u00e9s par le gouvernement qui r\u00e9cuse tout \u00ab\u00a0usage excessif de la force\u00a0\u00bb.<\/p>\n<p class=\"asset asset-text\">Les violences ont commenc\u00e9 mercredi, jour d\u2019\u00e9lections pr\u00e9sidentielle et l\u00e9gislatives qui se sont d\u00e9roul\u00e9es sans opposition. Les deux principaux adversaires de la cheffe de l\u2019\u00c9tat, Samia Suluhu Hassan, ayant \u00e9t\u00e9 soit emprisonn\u00e9, soit disqualifi\u00e9.<\/p>\n<p class=\"asset asset-text\">Un journaliste de l\u2019AFP a entendu mercredi des tirs nourris dans la capitale \u00e9conomique et plus grosse ville du pays, Dar es Salaam, alors que des centaines de personnes protestaient, incendiant notamment un commissariat. La contestation s\u2019est ensuite \u00e9tendue dans le pays.<\/p>\n<p>    Le secr\u00e9taire de l\u2019ONU r\u00e9clame une enqu\u00eate \u00ab\u00a0minutieuse\u00a0\u00bb    <\/p>\n<p class=\"asset asset-text\">\u00ab\u00a0Au moment o\u00f9 nous parlons, le nombre de morts \u00e0 Dar (es Salaam) est d\u2019environ 350 et il y en a plus de 200 \u00e0 Mwanza (nord). Si l\u2019on ajoute les chiffres des autres endroits dans le pays, on arrive \u00e0 un total d\u2019environ 700 morts\u00a0\u00bb, a d\u00e9clar\u00e9 \u00e0 l\u2019AFP le porte-parole du parti d\u2019opposition Chadema, John Kitoka.<\/p>\n<p class=\"asset asset-text\">\u00ab\u00a0Il n\u2019y a eu aucun usage excessif de la force\u00a0\u00bb, a r\u00e9pondu le ministre tanzanien des Affaires \u00e9trang\u00e8re Mahmoud Thabit Kombo sur la cha\u00eene Al-Jazeera, faisant \u00e9tat de \u00ab\u00a0poches de violence\u00a0\u00bb dans le pays. \u00ab\u00a0Je n\u2019ai pas vu ces 700 morts\u00a0\u00bb, a-t-il poursuivi. \u00ab\u00a0Nous n\u2019avons encore aucun chiffre pour aucune victime dans le pays.\u00a0\u00bb<\/p>\n<p class=\"asset asset-text\">Le bilan de l\u2019opposition a pourtant \u00e9t\u00e9 qualifi\u00e9 de \u00ab\u00a0plut\u00f4t cr\u00e9dible\u00a0\u00bb par une source diplomatique, qui a fait \u00e9tat de \u00ab\u00a0centaines de morts\u00a0\u00bb. Une source s\u00e9curitaire interrog\u00e9e par l\u2019AFP a re\u00e7u des informations similaires.<\/p>\n<p class=\"asset asset-text\">\u00ab\u00a0Les forces de s\u00e9curit\u00e9 sont dans les h\u00f4pitaux. Elles essaient de contr\u00f4ler le narratif\u00a0\u00bb sur le nombre de victimes pour ne pas mettre en difficult\u00e9 le gouvernement, a indiqu\u00e9 un chercheur d\u2019Amnesty international, interrog\u00e9 par l\u2019AFP.<\/p>\n<p class=\"asset asset-text\">Le secr\u00e9taire g\u00e9n\u00e9ral de l\u2019ONU Antonio Guterres, \u00ab\u00a0tr\u00e8s inquiet\u00a0\u00bb, a r\u00e9clam\u00e9 vendredi dans un communiqu\u00e9 une \u00ab\u00a0enqu\u00eate minutieuse et impartiale sur les accusations d\u2019utilisation excessive de la force\u00a0\u00bb, appelant toutes les parties \u00e0 la \u00ab\u00a0retenue\u00a0\u00bb et \u00e0 \u00ab\u00a0emp\u00eacher toute nouvelle escalade\u00a0\u00bb.<\/p>\n<p>    Manifestation contre la cheffe d\u2019\u00c9tat malgr\u00e9 un confinement d\u00e9cr\u00e9t\u00e9    <\/p>\n<p class=\"asset asset-text\">Le Haut-Commissariat de l\u2019ONU aux droits humains a, pour sa part, appel\u00e9 vendredi les forces de s\u00e9curit\u00e9 tanzaniennes \u00e0 ne pas recourir \u00e0 une force \u00ab\u00a0disproportionn\u00e9e\u00a0\u00bb contre les manifestants, et \u00e9voqu\u00e9 des \u00ab\u00a0rapports cr\u00e9dibles\u00a0\u00bb faisant \u00e9tat de 10 morts.<\/p>\n<p class=\"asset asset-text\">Malgr\u00e9 un confinement d\u00e9cr\u00e9t\u00e9 \u00e0 Dar es Salaam, des centaines de personnes marchaient vendredi dans les rues de la ville, ont indiqu\u00e9 \u00e0 l\u2019AFP John Kitoka et la source s\u00e9curitaire. La cible de leur courroux est la cheffe de l\u2019\u00c9tat Samia Suluhu Hassan, promue \u00e0 la t\u00eate de la Tanzanie \u00e0 la mort de son pr\u00e9d\u00e9cesseur John Magufuli en 2021, qui aspire cette fois \u00e0 \u00eatre \u00e9lue.<\/p>\n<p class=\"asset asset-text\">Salu\u00e9e dans un premier temps pour avoir assoupli les restrictions instaur\u00e9es par son pr\u00e9d\u00e9cesseur, elle a \u00e9t\u00e9 accus\u00e9e ensuite de mener une r\u00e9pression s\u00e9v\u00e8re contre ses critiques, notamment en amont du scrutin.<\/p>\n<p class=\"asset asset-text\">Les sites d\u2019information locaux n\u2019ont pas \u00e9t\u00e9 mis \u00e0 jour depuis mercredi et Samia Suluhu Hassan n\u2019a fait aucun commentaire sur les troubles. Le chef des arm\u00e9es, Jacob Mkunda, a qualifi\u00e9 jeudi soir les manifestants de \u00ab\u00a0criminels\u00a0\u00bb.<\/p>\n<p>    \u00ab\u00a0Jamais d\u2019\u00e9lection cr\u00e9dible\u00a0\u00bb    <\/p>\n<p class=\"asset asset-text\">Le d\u00e9compte des votes est toujours en cours, avec des mises \u00e0 jour r\u00e9guli\u00e8rement annonc\u00e9es sur la t\u00e9l\u00e9vision nationale qui ne mentionne pas les troubles mais montre, sans surprise, un raz-de-mar\u00e9e du parti au pouvoir CCM.<\/p>\n<p class=\"asset asset-text\">Sur l\u2019\u00eele de Zanzibar, haut lieu touristique, le CCM a \u00e9t\u00e9 d\u00e9clar\u00e9 vainqueur des \u00e9lections locales jeudi soir.\u00a0Mais le parti d\u2019opposition ACT-Wazalendo, arriv\u00e9 second, a rejet\u00e9 les r\u00e9sultats, d\u00e9nonc\u00e9 des irr\u00e9gularit\u00e9s en s\u2019estimant \u00ab\u00a0vol\u00e9\u00a0\u00bb et exig\u00e9 un nouveau scrutin.<\/p>\n<p class=\"asset asset-text\">\u00ab\u00a0Il n\u2019y a jamais eu d\u2019\u00e9lection cr\u00e9dible depuis 1995\u00a0\u00bb, a regrett\u00e9, en r\u00e9f\u00e9rence aux premi\u00e8res \u00e9lections multipartites en Tanzanie, un homme de 70\u00a0ans \u00e0 un rassemblement de l\u2019opposition \u00e0 Zanzibar. Aucune des personnes interrog\u00e9es n\u2019a os\u00e9 donner son nom.<\/p>\n<p class=\"asset asset-text\">L\u2019ACT-Wazalendo a \u00e9t\u00e9 autoris\u00e9 \u00e0 participer aux \u00e9lections \u00e0 Zanzibar, mais son candidat \u00e0 la pr\u00e9sidentielle Luhaga Mpina a \u00e9t\u00e9 disqualifi\u00e9 sur la partie continentale de la Tanzanie. La formation Chadema a \u00e9t\u00e9 exclue des \u00e9lections et a appel\u00e9 au boycott du scrutin. Son chef Tundu Lissu, arr\u00eat\u00e9 en avril, est jug\u00e9 pour trahison, une accusation passible de la peine capitale.<\/p>\n","protected":false},"excerpt":{"rendered":"MARCO LONGARI \/ AFP Un policier intercepte un homme dans un bureau de vote de Stone Town, le&hellip;\n","protected":false},"author":2,"featured_media":503860,"comment_status":"","ping_status":"","sticky":false,"template":"","format":"standard","meta":{"footnotes":""},"categories":[2],"tags":[11,879,5949,1011,27,14,2088,12,25],"class_list":{"0":"post-503859","1":"post","2":"type-post","3":"status-publish","4":"format-standard","5":"has-post-thumbnail","7":"category-actualites","8":"tag-actualites","9":"tag-afrique","10":"tag-elections","11":"tag-fr","12":"tag-france","13":"tag-international","14":"tag-manifestation","15":"tag-news","16":"tag-republique-francaise"},"share_on_mastodon":{"url":"https:\/\/pubeurope.com\/@fr\/115472826154070507","error":""},"_links":{"self":[{"href":"https:\/\/www.europesays.com\/fr\/wp-json\/wp\/v2\/posts\/503859","targetHints":{"allow":["GET"]}}],"collection":[{"href":"https:\/\/www.europesays.com\/fr\/wp-json\/wp\/v2\/posts"}],"about":[{"href":"https:\/\/www.europesays.com\/fr\/wp-json\/wp\/v2\/types\/post"}],"author":[{"embeddable":true,"href":"https:\/\/www.europesays.com\/fr\/wp-json\/wp\/v2\/users\/2"}],"replies":[{"embeddable":true,"href":"https:\/\/www.europesays.com\/fr\/wp-json\/wp\/v2\/comments?post=503859"}],"version-history":[{"count":0,"href":"https:\/\/www.europesays.com\/fr\/wp-json\/wp\/v2\/posts\/503859\/revisions"}],"wp:featuredmedia":[{"embeddable":true,"href":"https:\/\/www.europesays.com\/fr\/wp-json\/wp\/v2\/media\/503860"}],"wp:attachment":[{"href":"https:\/\/www.europesays.com\/fr\/wp-json\/wp\/v2\/media?parent=503859"}],"wp:term":[{"taxonomy":"category","embeddable":true,"href":"https:\/\/www.europesays.com\/fr\/wp-json\/wp\/v2\/categories?post=503859"},{"taxonomy":"post_tag","embeddable":true,"href":"https:\/\/www.europesays.com\/fr\/wp-json\/wp\/v2\/tags?post=503859"}],"curies":[{"name":"wp","href":"https:\/\/api.w.org\/{rel}","templated":true}]}}