{"id":503865,"date":"2025-11-01T05:41:14","date_gmt":"2025-11-01T05:41:14","guid":{"rendered":"https:\/\/www.europesays.com\/fr\/503865\/"},"modified":"2025-11-01T05:41:14","modified_gmt":"2025-11-01T05:41:14","slug":"atp-rolex-paris-masters-bublik-renverse-encore-de-minaur-et-se-hisse-dans-le-dernier-carre-sports","status":"publish","type":"post","link":"https:\/\/www.europesays.com\/fr\/503865\/","title":{"rendered":"ATP &#8211; Rolex Paris Masters : Bublik renverse encore De Minaur et se hisse dans le dernier carr\u00e9 : Sports"},"content":{"rendered":"<p class=\"date\">\n                                                            Aur\u00e9lien Canot, Media365, publi\u00e9 le vendredi 31 octobre 2025 \u00e0 18h27\n                                                    <\/p>\n<p>Comme il l&rsquo;avait d\u00e9j\u00e0 fait, sur la terre battue de Roland-Garros en mai dernier, Alexander Bublik, d\u00e9cid\u00e9ment dans la forme de sa vie, a de nouveau renvers\u00e9 Alex De Minaur (6-7, 6-4, 7-5), ce vendredi \u00e0 Nanterre en quarts de finale du Rolex Paris Masters. Voici le Kazakh, qui affrontera Felix Auger-Aliassime, en demi-finales d&rsquo;un Masters 1000 pour la premi\u00e8re fois de sa carri\u00e8re.<\/p>\n<p>Alexander Bublik a refait le coup. Cinq mois apr\u00e8s avoir renvers\u00e9 Alex De Minaur (2-6, 2-6, 6-4, 6-3, 6-2) au 2e tour de Roland-Garros, sur la terre battue de la Porte d&rsquo;Auteuil, alors que l&rsquo;Australien avait remport\u00e9 les deux premi\u00e8res manches, le Kazakh s&rsquo;est de nouveau offert le num\u00e9ro 7 mondial, de surcro\u00eet sur une nouvelle victoire renversante (6-7, 6-4, 7-5) et de nouveau dans la capitale mais cette fois en indoor, ce vendredi \u00e0 La Paris La D\u00e9fense Arena dans le deuxi\u00e8me quart de finale du jour de ce premier Rolex Paris Masters \u00e0 Nanterre.<\/p>\n<p>M\u00e9tamorphos\u00e9 depuis le d\u00e9but de la saison, ce \u00ab\u00a0nouveau Bublik\u00a0\u00bb pass\u00e9 en six mois de la 87e place \u00e0 la 16e place au classement mondial a confirm\u00e9 son incroyable ann\u00e9e 2025 en s&rsquo;offrant ainsi le droit de disputer sa toute premi\u00e8re demi-finale en Masters 1000, samedi contre Felix-Auger-Aliassime, bourreau dans le premier match du jour du Mon\u00e9gasque Valentin Vacherot, qui semblait pourtant imbattable.<\/p>\n<p><strong>Bublik injouable mentalement !<\/strong><\/p>\n<p>Au lendemain de son exploit face au num\u00e9ro 4 mondial Taylor Fritz, Bublik, qui n&rsquo;avait pas perdu le moindre set de la semaine avant de retrouver De Minaur vendredi, a souffert plus que jamais depuis le d\u00e9but du tournoi pour faire de nouveau mordre la poussi\u00e8re \u00e0 l&rsquo;Australien. Toutefois, m\u00eame men\u00e9 pour la premi\u00e8re fois, il a une nouvelle fois fait preuve d&rsquo;une force mentale assez d\u00e9routante pour revenir \u00e0 hauteur et se donner le droit de r\u00eaver \u00e0 une nouvelle sensation \u00e0 l&rsquo;aube du troisi\u00e8me set.<\/p>\n<p>De Minaur, qui avait fait tr\u00e8s forte impression face \u00e0 Karen Kachanov, ex-vainqueur de l&rsquo;\u00e9preuve, a longtemps fait la course en t\u00eate dans cette manche d\u00e9cisive avant de craquer alors que les deux joueurs \u00e9taient \u00e0 \u00e9galit\u00e9 5-5 apr\u00e8s que Bublik a recoll\u00e9 en surprenant la t\u00eate de s\u00e9rie num\u00e9ro 6 sur une amortie, lui qui en a manqu\u00e9 beaucoup vendredi alors qu&rsquo;il s&rsquo;agit de l&rsquo;un de ses atouts habituellement.<\/p>\n<p>Pour un troisi\u00e8me titre en France ?<\/p>\n<p>D\u00e9j\u00e0 tout pr\u00e8s de faire chuter son adversaire sur de sa mise en jeu pr\u00e9c\u00e9dente &#8211; malgr\u00e9 trois doubles-fautes, l&rsquo;Australien s&rsquo;en \u00e9tait sorti &#8211; le Kazakh assur\u00e9 de faire partie lundi du Top 15, qui pourrait tr\u00e8s vite frapper aux portes du Top 15 et peut toujours r\u00eaver de disputer le Masters, n&rsquo;a pas laiss\u00e9 passer l&rsquo;occasion ensuite de valider son ticket pour le dernier carr\u00e9.<\/p>\n<p>Sur un dernier ace, Bublik, d\u00e9j\u00e0 vainqueur de cinq titres cette saison, a confirm\u00e9 qu&rsquo;il n&rsquo;\u00e9tait jamais aussi \u00e0 l&rsquo;aise qu&rsquo;en France, lui qui a d\u00e9j\u00e0 remport\u00e9 deux fois le tournoi de Montpellier, avait atteint les quarts de finale du dernier Roland-Garros et se retrouve maintenant en demi-finales du Rolex Paris Masters pour la premi\u00e8re fois de sa vie. Une vie qui a tout d&rsquo;un r\u00eave \u00e9veill\u00e9 ces derniers temps pour celui qui avait pourtant song\u00e9 un temps \u00e0 tout arr\u00eater, faute de prendre du plaisir sur le court. Une \u00e9poque qui para\u00eet bien loin aujourd&rsquo;hui.<\/p>\n","protected":false},"excerpt":{"rendered":"Aur\u00e9lien Canot, Media365, publi\u00e9 le vendredi 31 octobre 2025 \u00e0 18h27 Comme il l&rsquo;avait d\u00e9j\u00e0 fait, sur la&hellip;\n","protected":false},"author":2,"featured_media":503866,"comment_status":"","ping_status":"","sticky":false,"template":"","format":"standard","meta":{"footnotes":""},"categories":[1415],"tags":[1011,27,60,1467],"class_list":{"0":"post-503865","1":"post","2":"type-post","3":"status-publish","4":"format-standard","5":"has-post-thumbnail","7":"category-tennis","8":"tag-fr","9":"tag-france","10":"tag-sports","11":"tag-tennis"},"share_on_mastodon":{"url":"https:\/\/pubeurope.com\/@fr\/115472844913114406","error":""},"_links":{"self":[{"href":"https:\/\/www.europesays.com\/fr\/wp-json\/wp\/v2\/posts\/503865","targetHints":{"allow":["GET"]}}],"collection":[{"href":"https:\/\/www.europesays.com\/fr\/wp-json\/wp\/v2\/posts"}],"about":[{"href":"https:\/\/www.europesays.com\/fr\/wp-json\/wp\/v2\/types\/post"}],"author":[{"embeddable":true,"href":"https:\/\/www.europesays.com\/fr\/wp-json\/wp\/v2\/users\/2"}],"replies":[{"embeddable":true,"href":"https:\/\/www.europesays.com\/fr\/wp-json\/wp\/v2\/comments?post=503865"}],"version-history":[{"count":0,"href":"https:\/\/www.europesays.com\/fr\/wp-json\/wp\/v2\/posts\/503865\/revisions"}],"wp:featuredmedia":[{"embeddable":true,"href":"https:\/\/www.europesays.com\/fr\/wp-json\/wp\/v2\/media\/503866"}],"wp:attachment":[{"href":"https:\/\/www.europesays.com\/fr\/wp-json\/wp\/v2\/media?parent=503865"}],"wp:term":[{"taxonomy":"category","embeddable":true,"href":"https:\/\/www.europesays.com\/fr\/wp-json\/wp\/v2\/categories?post=503865"},{"taxonomy":"post_tag","embeddable":true,"href":"https:\/\/www.europesays.com\/fr\/wp-json\/wp\/v2\/tags?post=503865"}],"curies":[{"name":"wp","href":"https:\/\/api.w.org\/{rel}","templated":true}]}}