{"id":503875,"date":"2025-11-01T05:50:20","date_gmt":"2025-11-01T05:50:20","guid":{"rendered":"https:\/\/www.europesays.com\/fr\/503875\/"},"modified":"2025-11-01T05:50:20","modified_gmt":"2025-11-01T05:50:20","slug":"la-villa-des-coeurs-brises-spoiler-oceane-craque-et-veut-quitter-la-villa-la-villa-des-coeurs-brises","status":"publish","type":"post","link":"https:\/\/www.europesays.com\/fr\/503875\/","title":{"rendered":"La Villa des C\u0153urs Bris\u00e9s &#8211; SPOILER &#8211; Oc\u00e9ane craque et veut quitter la villa &#8211; La Villa des C\u0153urs Bris\u00e9s"},"content":{"rendered":"<p id=\"descriptionPanel\" class=\"text-secondary mr-2 line-clamp-2 pr-2.5 overflow-visible\">Le jeu \u00ab\u00a0Je ne t&rsquo;ai jamais dit\u00a0\u00bb tourne au vinaigre. Ma\u00efssane, Clarysse et M\u00e9lanie d\u00e9cident de pimenter la soir\u00e9e en \u00e9crivant un mot anonyme : \u00ab\u00a0Maxime te manque\u00a0\u00bb. Apr\u00e8s avoir d\u00e9j\u00e0 mal pris une remarque sur sa fa\u00e7on de couper la parole, Oc\u00e9ane re\u00e7oit ce mot comme une attaque. Elle s&rsquo;\u00e9nerve, mais Simone la soutient. C&rsquo;est une derni\u00e8re pique sur sa fa\u00e7on de s&rsquo;habiller qui fait tout exploser. N&rsquo;en pouvant plus, Oc\u00e9ane vrille, se l\u00e8ve de table et annonce qu&rsquo;elle se casse. Elle veut quitter la villa, maintenant. Extrait de La Villa des C\u0153urs Bris\u00e9s Saison 10 Episode 62.<br \/>En savoir plus sur <a class=\"text-white hover:text-blue-500\" href=\"https:\/\/www.tf1.fr\/dossier\/oceane-el-himer-97296149\" target=\"_blank\" rel=\"noopener\">Oc\u00e9ane El Himer<\/a><\/p>\n<p>Afficher la version longue du r\u00e9sum\u00e9<a class=\"shrink-0\" href=\"https:\/\/www.tf1.fr\/tfx\/la-villa-des-coeurs-brises\" target=\"_blank\" rel=\"noopener\"><img decoding=\"async\" src=\"https:\/\/www.europesays.com\/fr\/wp-content\/uploads\/2025\/08\/program-card-portrait-1-la-villa-2025-75e2fc-899f4e-0@1x.jpg\" width=\"138\" height=\"184\" alt=\"\" loading=\"eager\" fetchpriority=\"auto\" class=\"rounded-3px aspect-[3\/4] h-24 w-auto\" aria-hidden=\"true\"\/><\/a><\/p>\n","protected":false},"excerpt":{"rendered":"Le jeu \u00ab\u00a0Je ne t&rsquo;ai jamais dit\u00a0\u00bb tourne au vinaigre. Ma\u00efssane, Clarysse et M\u00e9lanie d\u00e9cident de pimenter la&hellip;\n","protected":false},"author":2,"featured_media":503876,"comment_status":"","ping_status":"","sticky":false,"template":"","format":"standard","meta":{"footnotes":""},"categories":[1356],"tags":[58,59,3483,46764,46765,46763,1011,27,38731,46766,46767,44380,44384,44369,44381,44385,44377,44376,44382,44383,44378,44379,252,1364,44374,44375],"class_list":{"0":"post-503875","1":"post","2":"type-post","3":"status-publish","4":"format-standard","5":"has-post-thumbnail","7":"category-television","8":"tag-divertissement","9":"tag-entertainment","10":"tag-extrait","11":"tag-extrait-la-villa-des-coeurs-brises","12":"tag-extrait-la-villa-des-coeurs-brises-tfx","13":"tag-extrait-tfx","14":"tag-fr","15":"tag-france","16":"tag-la-villa-des-coeurs-brises","17":"tag-la-villa-des-coeurs-brises-extrait","18":"tag-la-villa-des-coeurs-brises-extrait-tfx","19":"tag-la-villa-des-coeurs-brises-streaming","20":"tag-la-villa-des-coeurs-brises-streaming-gratuit","21":"tag-la-villa-des-coeurs-brises-tfx","22":"tag-la-villa-des-coeurs-brises-tfx-streaming","23":"tag-la-villa-des-coeurs-brises-tfx-streaming-gratuit","24":"tag-la-villa-des-coeurs-brises-tfx-video","25":"tag-la-villa-des-coeurs-brises-video","26":"tag-streaming-gratuit-la-villa-des-coeurs-brises","27":"tag-streaming-gratuit-la-villa-des-coeurs-brises-tfx","28":"tag-streaming-la-villa-des-coeurs-brises","29":"tag-streaming-la-villa-des-coeurs-brises-tfx","30":"tag-television","31":"tag-tv","32":"tag-video-la-villa-des-coeurs-brises","33":"tag-video-la-villa-des-coeurs-brises-tfx"},"share_on_mastodon":{"url":"","error":"Validation failed: Text character limit of 500 exceeded"},"_links":{"self":[{"href":"https:\/\/www.europesays.com\/fr\/wp-json\/wp\/v2\/posts\/503875","targetHints":{"allow":["GET"]}}],"collection":[{"href":"https:\/\/www.europesays.com\/fr\/wp-json\/wp\/v2\/posts"}],"about":[{"href":"https:\/\/www.europesays.com\/fr\/wp-json\/wp\/v2\/types\/post"}],"author":[{"embeddable":true,"href":"https:\/\/www.europesays.com\/fr\/wp-json\/wp\/v2\/users\/2"}],"replies":[{"embeddable":true,"href":"https:\/\/www.europesays.com\/fr\/wp-json\/wp\/v2\/comments?post=503875"}],"version-history":[{"count":0,"href":"https:\/\/www.europesays.com\/fr\/wp-json\/wp\/v2\/posts\/503875\/revisions"}],"wp:featuredmedia":[{"embeddable":true,"href":"https:\/\/www.europesays.com\/fr\/wp-json\/wp\/v2\/media\/503876"}],"wp:attachment":[{"href":"https:\/\/www.europesays.com\/fr\/wp-json\/wp\/v2\/media?parent=503875"}],"wp:term":[{"taxonomy":"category","embeddable":true,"href":"https:\/\/www.europesays.com\/fr\/wp-json\/wp\/v2\/categories?post=503875"},{"taxonomy":"post_tag","embeddable":true,"href":"https:\/\/www.europesays.com\/fr\/wp-json\/wp\/v2\/tags?post=503875"}],"curies":[{"name":"wp","href":"https:\/\/api.w.org\/{rel}","templated":true}]}}