{"id":503877,"date":"2025-11-01T05:51:17","date_gmt":"2025-11-01T05:51:17","guid":{"rendered":"https:\/\/www.europesays.com\/fr\/503877\/"},"modified":"2025-11-01T05:51:17","modified_gmt":"2025-11-01T05:51:17","slug":"billie-eilish-encourage-les-milliardaires-a-utiliser-leur-fortune-pour-la-bonne-cause","status":"publish","type":"post","link":"https:\/\/www.europesays.com\/fr\/503877\/","title":{"rendered":"Billie Eilish encourage les milliardaires \u00e0 utiliser leur fortune pour la bonne cause"},"content":{"rendered":"<p class=\"article-p mdl\">\u00ab\u00a0Nous vivons une p\u00e9riode o\u00f9 le monde est vraiment (\u2026) mauvais et sombre, et o\u00f9 les gens ont plus que jamais besoin d\u2019empathie et d\u2019aide, en particulier dans notre pays.\u00a0\u00bb \u00c0 seulement 23 ans, Billie Eilish <strong>n&rsquo;h\u00e9site pas \u00e0 r\u00e9primander gentiment <\/strong>ses a\u00een\u00e9s, notamment les plus riches.\u00a0<\/p>\n<p class=\"article-p mdl\">Le 29 octobre 2025, elle a exhort\u00e9 les milliardaires am\u00e9ricains \u00e0<strong> utiliser leur fortune \u00e0 bon escient<\/strong> lors de la r\u00e9ception du prestigieux prix de l&rsquo;innovation musicale du Wall Street Journal.<\/p>\n<p class=\"article-p mdl\">\u00ab\u00a0Si vous \u00eates milliardaire, pourquoi \u00eates-vous milliardaire ? Pas de haine. <strong>Donnez votre argent<\/strong>, les gars\u00a0\u00bb, a-t-elle lanc\u00e9, l&rsquo;air espi\u00e8gle, devant une salle r\u00e9unissant certains membres de l&rsquo;\u00e9lite am\u00e9ricaine.\u00a0<a class=\"link\" href=\"https:\/\/www.rtl.fr\/culture\/musique\/grammy-awards-2020-le-palmares-de-la-ceremonie-marquee-par-le-sacre-de-billie-eilish-7799969423\" target=\"_blank\" rel=\"noopener\">Billie Eilish\u00a0<\/a>a ajout\u00e9 : \u00ab\u00a0Je vous aime tous, mais il y a quelques personnes ici qui ont beaucoup plus d&rsquo;argent que moi.\u00a0\u00bb<\/p>\n<\/p>\n<p>Une c\u00e9l\u00e9brit\u00e9 tr\u00e8s engag\u00e9e<\/p>\n<p class=\"article-p mdl\">La d\u00e9claration de cette compositrice, d\u00e9tentrice de <strong>deux Oscars et neuf Grammy Awards<\/strong>, n&rsquo;a pas fait l&rsquo;unanimit\u00e9 parmi la foule r\u00e9unie au Mus\u00e9e M\u00e9tropolitain de l&rsquo;Art Moderne, \u00e0 New York. Selon le magazine\u00a0<a class=\"link\" href=\"https:\/\/people.com\/billie-eilish-calls-out-billionaires-in-room-with-mark-zuckerberg-11840118\" target=\"_blank\" rel=\"noopener\">People<\/a>, Mark Zuckerberg \u00ab\u00a0<strong>n&rsquo;a pas applaudi<\/strong> avec le reste du public\u00a0\u00bb \u00e0 la fin du discours de la jeune femme.<\/p>\n<p class=\"article-p mdl\">Quelques minutes avant l&rsquo;intervention de Billie Eilish,\u00a0<a class=\"link\" href=\"https:\/\/www.rtl.fr\/actu\/international\/late-show-de-stephen-colbert-l-emission-televisee-ne-sera-plus-diffusee-en-2026-7900524406\" target=\"_blank\" rel=\"noopener\">Stephen Colbert\u00a0<\/a>avait r\u00e9v\u00e9l\u00e9 qu&rsquo;elle avait elle-m\u00eame contribu\u00e9 financi\u00e8rement \u00e0 des causes sociales, en utilisant une partie des fonds r\u00e9colt\u00e9s lors de sa tourn\u00e9e Hit me Hard and Soft.\u00a0<\/p>\n<p class=\"article-p mdl\">Selon l&rsquo;animateur du Late Show, la chanteuse a vers\u00e9 <strong>11,5 millions de dollars<\/strong> \u00e0 \u00ab\u00a0des organisations, des projets et des voix d\u00e9di\u00e9s \u00e0 l&rsquo;\u00e9quit\u00e9 alimentaire, \u00e0 la justice climatique, \u00e0 la r\u00e9duction de la pollution au carbone et \u00e0 la lutte contre la crise climatique\u00a0\u00bb. \u00ab\u00a0C&rsquo;est formidable ! Billie, <strong>au nom de l&rsquo;humanit\u00e9 enti\u00e8re, merci<\/strong>\u00ab\u00a0, a r\u00e9sum\u00e9 Stephen Colbert.<\/p>\n<p class=\"article-p mdl\">Tr\u00e8s engag\u00e9e, la jeune chanteuse lutte publiquement depuis des ann\u00e9es contre le changement climatique. Elle avait \u00e9galement \u00e9t\u00e9 tr\u00e8s active pendant\u00a0<a class=\"link\" href=\"https:\/\/www.rtl.fr\/actu\/international\/presidentielle-americaine-quelles-celebrites-soutiennent-donald-trump-et-kamala-harris-7900416664\" target=\"_blank\" rel=\"noopener\">la campagne de Donald Trump en 2024<\/a>. Apr\u00e8s l&rsquo;annonce de sa r\u00e9\u00e9lection, la chanteuse avait qualifi\u00e9 le pr\u00e9sident am\u00e9ricain de \u00ab\u00a0pr\u00e9dateur condamn\u00e9 (\u2026) <strong>qui d\u00e9teste profond\u00e9ment<\/strong> les femmes\u00a0\u00bb.<\/p>\n<p>    La r\u00e9daction vous recommande<\/p>\n<p class=\"s-newsletter__title\">\n                L\u2019actualit\u00e9 par la r\u00e9daction de RTL dans votre bo\u00eete mail.\n            <\/p>\n<p class=\"s-newsletter__subtitle\">\n                Gr\u00e2ce \u00e0 votre compte RTL abonnez-vous \u00e0 la newsletter RTL info pour suivre toute l&rsquo;actualit\u00e9 au quotidien\n            <\/p>\n<p>\n                                    Lire la suite\n                                <\/p>\n","protected":false},"excerpt":{"rendered":"\u00ab\u00a0Nous vivons une p\u00e9riode o\u00f9 le monde est vraiment (\u2026) mauvais et sombre, et o\u00f9 les gens ont&hellip;\n","protected":false},"author":2,"featured_media":503878,"comment_status":"","ping_status":"","sticky":false,"template":"","format":"standard","meta":{"footnotes":""},"categories":[1355],"tags":[58,59,73,2414,107,1011,27,1361,873,973],"class_list":{"0":"post-503877","1":"post","2":"type-post","3":"status-publish","4":"format-standard","5":"has-post-thumbnail","7":"category-musique","8":"tag-divertissement","9":"tag-entertainment","10":"tag-etats-unis","11":"tag-fil-culture","12":"tag-fil-info","13":"tag-fr","14":"tag-france","15":"tag-music","16":"tag-musique","17":"tag-people"},"share_on_mastodon":{"url":"https:\/\/pubeurope.com\/@fr\/115472884906844553","error":""},"_links":{"self":[{"href":"https:\/\/www.europesays.com\/fr\/wp-json\/wp\/v2\/posts\/503877","targetHints":{"allow":["GET"]}}],"collection":[{"href":"https:\/\/www.europesays.com\/fr\/wp-json\/wp\/v2\/posts"}],"about":[{"href":"https:\/\/www.europesays.com\/fr\/wp-json\/wp\/v2\/types\/post"}],"author":[{"embeddable":true,"href":"https:\/\/www.europesays.com\/fr\/wp-json\/wp\/v2\/users\/2"}],"replies":[{"embeddable":true,"href":"https:\/\/www.europesays.com\/fr\/wp-json\/wp\/v2\/comments?post=503877"}],"version-history":[{"count":0,"href":"https:\/\/www.europesays.com\/fr\/wp-json\/wp\/v2\/posts\/503877\/revisions"}],"wp:featuredmedia":[{"embeddable":true,"href":"https:\/\/www.europesays.com\/fr\/wp-json\/wp\/v2\/media\/503878"}],"wp:attachment":[{"href":"https:\/\/www.europesays.com\/fr\/wp-json\/wp\/v2\/media?parent=503877"}],"wp:term":[{"taxonomy":"category","embeddable":true,"href":"https:\/\/www.europesays.com\/fr\/wp-json\/wp\/v2\/categories?post=503877"},{"taxonomy":"post_tag","embeddable":true,"href":"https:\/\/www.europesays.com\/fr\/wp-json\/wp\/v2\/tags?post=503877"}],"curies":[{"name":"wp","href":"https:\/\/api.w.org\/{rel}","templated":true}]}}