{"id":503887,"date":"2025-11-01T05:57:31","date_gmt":"2025-11-01T05:57:31","guid":{"rendered":"https:\/\/www.europesays.com\/fr\/503887\/"},"modified":"2025-11-01T05:57:31","modified_gmt":"2025-11-01T05:57:31","slug":"le-black-friday-demarre-avant-lheure-voici-les-premieres-offres-qui-meritent-votre-attention","status":"publish","type":"post","link":"https:\/\/www.europesays.com\/fr\/503887\/","title":{"rendered":"Le Black Friday d\u00e9marre avant l&rsquo;heure : voici les premi\u00e8res offres qui m\u00e9ritent votre attention"},"content":{"rendered":"<p>Le Black Friday 2025 a bien lieu le vendredi 28 novembre, mais les enseignes n\u2019ont pas attendu cette date pour lancer les hostilit\u00e9s. D\u00e8s le 31 octobre, les offres en avant-premi\u00e8re se multiplient d\u00e9j\u00e0 dans tous les rayons\u2026 On vous regroupe ici uniquement les meilleures promotions rep\u00e9r\u00e9es en ligne.<\/p>\n<p>Depuis plusieurs ann\u00e9es, les e-commer\u00e7ants et les marques n\u2019attendent plus le vendredi qui suit Thanksgiving pour barrer les prix. D\u00e8s le d\u00e9but du mois de novembre (et m\u00eame un peu avant cette ann\u00e9e), les enseignes capitalisent sur l\u2019\u00e9v\u00e9nement dans la dur\u00e9e. Le calendrier est difficile \u00e0 d\u00e9crypter et varie selon les enseignes et les marques.<\/p>\n<p>Quoi qu\u2019il en soit, les offres sont d\u00e9j\u00e0 l\u00e0 (notamment chez Boulanger) et certaines valent le coup. Par cons\u00e9quent, il n\u2019est pas forc\u00e9ment pertinent d\u2019attendre le 28 novembre pour r\u00e9aliser des \u00e9conomies sur des produits que vous avez rep\u00e9r\u00e9s. Chez Numerama, on fouille aussi et on r\u00e9pertorie ici toutes les meilleures promotions Black Friday en ligne.<\/p>\n<p>Les meilleures offres du Black Friday en avant-premi\u00e8re<\/p>\n<p>            mises \u00e0 jour disponibles<\/p>\n<p><a href=\"https:\/\/www.numerama.com\/wp-content\/uploads\/2025\/10\/apple-wathc-ultra-2-black-friday.jpg\" rel=\"nofollow noopener\" target=\"_blank\"><img decoding=\"async\" width=\"1024\" height=\"576\" loading=\"lazy\" alt=\"Apple Watch Ultra 2\" title=\"Apple Watch Ultra 2\" class=\"wp-image-2107269 placeholder-default wp-image\" src=\"https:\/\/www.europesays.com\/fr\/wp-content\/uploads\/2025\/11\/apple-wathc-ultra-2-black-friday-1024x576.jpg\" \/><\/a>Apple Watch Ultra 2 \/\/ Source : Numerama<\/p>\n<p>Apple a sorti \u00e0 la rentr\u00e9e une nouvelle version de son mod\u00e8le haut de gamme : l\u2019<a href=\"https:\/\/www.numerama.com\/montres-connectes\/watch-ultra-3\/\" rel=\"nofollow noopener\" target=\"_blank\">Apple Watch Ultra 3<\/a>. Elle gagne largement en autonomie, profite d\u2019un \u00e9cran plus lumineux et quelques optimisations logicielles li\u00e9es \u00e0 watchOS 11, mais dans l\u2019ensemble, les \u00e9volutions restent mineures. Pour <a href=\"https:\/\/shop.numerama.com\/7o50ekkr\" target=\"_blank\" rel=\"noreferrer noopener sponsored nofollow\">699 \u20ac au lieu de 899 \u20ac,<\/a> la g\u00e9n\u00e9ration pr\u00e9c\u00e9dente, l\u2019Apple Watch Ultra 2, reste une option tout \u00e0 fait pertinente.<\/p>\n<p>Toujours aussi robuste avec son bo\u00eetier en titane, son \u00e9cran plat ultra-lumineux et son autonomie d\u2019environ deux jours, l\u2019<a href=\"https:\/\/www.numerama.com\/montres-connectes\/watch-ultra-2\/\" rel=\"nofollow noopener\" target=\"_blank\">Ultra 2<\/a> reste une montre taill\u00e9e pour l\u2019aventure et le sport. Elle embarque tous les capteurs de sant\u00e9 d\u2019Apple, un GPS bi-fr\u00e9quence d\u2019une grande pr\u00e9cision, une \u00e9tanch\u00e9it\u00e9 jusqu\u2019\u00e0 100 m\u00e8tres, et une compatibilit\u00e9 avec watchOS 11.<\/p>\n<p><a href=\"https:\/\/www.numerama.com\/wp-content\/uploads\/2025\/10\/ecran-pc-gamer-asus-xg27ucdmg-4k-black-friday.jpg\" rel=\"nofollow noopener\" target=\"_blank\"><img decoding=\"async\" width=\"1024\" height=\"576\" loading=\"lazy\" alt=\"Moniteur PC gamer Asus\u00a04K (240Hz)\" title=\"Moniteur PC gamer Asus\u00a04K (240Hz)\" class=\"wp-image-2107829 placeholder-default wp-image\" src=\"https:\/\/www.europesays.com\/fr\/wp-content\/uploads\/2025\/11\/ecran-pc-gamer-asus-xg27ucdmg-4k-black-friday-1024x576.jpg\" \/><\/a>Moniteur PC gamer Asus\u00a04K (240Hz) \/\/ Source : Numerama<\/p>\n<p>Si vous cherchez parmi ce qui se fait de mieux en termes d\u2019\u00e9cran gaming (et que <a href=\"https:\/\/www.numerama.com\/tech\/1778030-quel-est-le-meilleur-pc-gamer-nos-3-configs-de-pc-fixe-pour-tous-les-budgets.html\" rel=\"nofollow noopener\" target=\"_blank\">votre configuration le permet<\/a>), cette r\u00e9f\u00e9rence Asus <a href=\"https:\/\/shop.numerama.com\/zzt1dq2k\" target=\"_blank\" rel=\"noreferrer noopener sponsored nofollow\">perd 100 \u20ac sur Boulanger<\/a>.<\/p>\n<p>Il s\u2019agit d\u2019un \u00e9cran 27 pouces avec une r\u00e9solution 4K reposant sur une dalle OLED pour appr\u00e9cier tous les moindres d\u00e9tails des derniers AAA. Il n\u2019en reste pas moins performant pour celles et ceux qui appr\u00e9cient les jeux nerveux avec un taux de rafraichissement allant jusqu\u2019\u00e0 240Hz. <\/p>\n<p><a href=\"https:\/\/www.numerama.com\/wp-content\/uploads\/2025\/10\/copie-de-preblackfriday-numerama-solo-4.jpg\" rel=\"nofollow noopener\" target=\"_blank\"><img decoding=\"async\" width=\"1024\" height=\"576\" loading=\"lazy\" alt=\"Bar de son Sony Bravia Theatre Bar 8\" title=\"Bar de son Sony Bravia Theatre Bar 8\" class=\"wp-image-2107743 placeholder-default wp-image\" src=\"https:\/\/www.europesays.com\/fr\/wp-content\/uploads\/2025\/11\/copie-de-preblackfriday-numerama-solo-4-1024x576.jpg\" \/><\/a>Bar de son Sony Bravia Theatre Bar 8 \/\/ Source : Numerama<\/p>\n<p>Les TV, m\u00eame les mod\u00e8les haut de gamme, peinent \u00e0 sortir un son convaincant si vous voulez une immersion totale comme au cin\u00e9ma. Pour les avant-premi\u00e8res, on trouve la barre de son Sony Bravia Theatre Bar 8\u00a0 \u00e0 <a href=\"https:\/\/shop.numerama.com\/weybwd6e\" target=\"_blank\" rel=\"noreferrer noopener sponsored nofollow\" data-gtm=\"{&quot;event&quot;:&quot;afficlic&quot;,&quot;nom_marchand&quot;:&quot;boulanger&quot;,&quot;nom_produit&quot;:&quot;inconnu&quot;,&quot;categorie_produit&quot;:&quot;inconnu&quot;,&quot;module_produit&quot;:&quot;editolink&quot;,&quot;position_marchand&quot;:0,&quot;texte&quot;:&quot;649-e-au-lieu-de-990-e&quot;,&quot;offer_url&quot;:&quot;https:\/\/shop.numerama.com\/weybwd6e&quot;,&quot;zone&quot;:&quot;contenu-page&quot;}\">649 \u20ac au lieu de 990 \u20ac<\/a>. Avec ses 11 haut-parleurs int\u00e9gr\u00e9s, elle est compatible Dolby Atmos, DTS:X, Hi-Res Audio et restitue une spatialisation sonore agr\u00e9able pour profiter au mieux des films et des s\u00e9ries.<\/p>\n<p><a href=\"https:\/\/www.numerama.com\/wp-content\/uploads\/2025\/10\/pack-google-pixel-9a-jbl-go-black-friday.jpg\" rel=\"nofollow noopener\" target=\"_blank\"><img decoding=\"async\" width=\"1024\" height=\"576\" loading=\"lazy\" alt=\"Pack Google Pixel 9A + JBL GO\" title=\"Pack Google Pixel 9A + JBL GO\" class=\"wp-image-2106227 placeholder-default wp-image\" src=\"https:\/\/www.europesays.com\/fr\/wp-content\/uploads\/2025\/11\/pack-google-pixel-9a-jbl-go-black-friday-1024x576.jpg\" \/><\/a>Pack Google Pixel 9A + JBL GO \/\/ Source : Numerama<\/p>\n<p>Le Pixel 9a fait partie des derniers survivants de la gamme 9, remplac\u00e9e en \u00e9t\u00e9 dernier par la s\u00e9rie de Pixel 10. Pour autant <a href=\"https:\/\/www.numerama.com\/tech\/1978209-test-du-google-pixel-9a-on-vous-recommande-vraiment-ce-smartphone.html\" rel=\"nofollow noopener\" target=\"_blank\">le smartphone reste encore l\u2019un des meilleurs rapports qualit\u00e9-prix<\/a> dans la mesure o\u00f9 il est encore seul sur ce segment chez Google, son successeur le Pixel 10a \u00e9tant pr\u00e9vu pour l\u2019ann\u00e9e prochaine.<\/p>\n<p>Ici pour <a href=\"https:\/\/shop.numerama.com\/5ygqm8lp\" target=\"_blank\" rel=\"noreferrer noopener sponsored nofollow\">un peu moins de 430 \u20ac<\/a> (ou 329 \u20ac gr\u00e2ce \u00e0 l\u2019offre de reprise) vous avez un t\u00e9l\u00e9phone fiable, \u00e9quilibr\u00e9 avec un bel \u00e9cran 120 Hz de 6,3 pouces. Son excellente autonomie permet de pousser jusqu\u2019\u00e0 presque deux jours et il a surtout un tr\u00e8s bon appareil photo pour ce prix. En prime, on n\u2019oublie pas la petite enceinte nomade JBL GO 3 inclus dans le pack qui permet d\u2019\u00e9conomiser tout de m\u00eame une trentaine d\u2019euros.<\/p>\n<p><a href=\"https:\/\/www.numerama.com\/wp-content\/uploads\/2025\/10\/xiaomi-redmi-note-14-black-friday.jpg\" rel=\"nofollow noopener\" target=\"_blank\"><img decoding=\"async\" width=\"1024\" height=\"576\" loading=\"lazy\" alt=\"Xiaomi Redmi Note 14\" title=\"Xiaomi Redmi Note 14\" class=\"wp-image-2106777 placeholder-default wp-image\" src=\"https:\/\/www.europesays.com\/fr\/wp-content\/uploads\/2025\/11\/xiaomi-redmi-note-14-black-friday-1024x576.jpg\" \/><\/a>Xiaomi Redmi Note 14 \/\/ Source : Numerama<\/p>\n<p>Le <a href=\"https:\/\/www.numerama.com\/smartphones\/redmi-note-14\/\" rel=\"nofollow noopener\" target=\"_blank\">Xiaomi Redmi Note 14<\/a> passe \u00e0 <a href=\"https:\/\/shop.numerama.com\/f8t0zgdu\" target=\"_blank\" rel=\"noreferrer noopener sponsored nofollow\">169,99 \u20ac au lieu de 249,99 \u20ac<\/a> pendant les avant-premi\u00e8res Black Friday de Boulanger. \u00c0 ce prix, <a href=\"https:\/\/www.numerama.com\/tech\/1209008-un-bon-smartphone-pas-cher-cest-possible-notre-selection-a-moins-de-300-euros.html\" rel=\"nofollow noopener\" target=\"_blank\">c\u2019est clairement l\u2019un des meilleurs rapports qualit\u00e9-prix<\/a>. Attention toutefois : il ne prend pas en charge la 5G \u2014 un point \u00e0 garder en t\u00eate si votre forfait est compatible.<\/p>\n<p>Malgr\u00e9 un design sans grande \u00e9volution par rapport au pr\u00e9c\u00e9dent mod\u00e8le, le Redmi Note 14 reste bien construit et agr\u00e9able en main. Son \u00e9cran AMOLED est une belle surprise \u00e0 ce niveau de prix : bien calibr\u00e9, fluide et pr\u00e9cis, il rend l\u2019exp\u00e9rience de navigation ou de streaming tr\u00e8s plaisante. L\u2019autonomie reste convenable avec plus d\u2019une journ\u00e9e compl\u00e8te.<\/p>\n<p><a href=\"https:\/\/www.numerama.com\/wp-content\/uploads\/2025\/10\/galaxy-s25fe-black-friday.jpg\" rel=\"nofollow noopener\" target=\"_blank\"><img decoding=\"async\" width=\"1024\" height=\"576\" loading=\"lazy\" alt=\"Samsung Galaxy S25FE\" title=\"Samsung Galaxy S25FE\" class=\"wp-image-2106813 placeholder-default wp-image\" src=\"https:\/\/www.europesays.com\/fr\/wp-content\/uploads\/2025\/11\/galaxy-s25fe-black-friday-1024x576.jpg\" \/><\/a>Samsung Galaxy S25FE \/\/ Source : Numerama<\/p>\n<p>Le <a href=\"https:\/\/www.numerama.com\/smartphones\/galaxy-s25-fe\/\" rel=\"nofollow noopener\" target=\"_blank\">Samsung Galaxy S25 FE<\/a> se trouve \u00e0 <a href=\"https:\/\/shop.numerama.com\/bv0gwpv3\" target=\"_blank\" rel=\"noreferrer noopener sponsored nofollow\">599 \u20ac au lieu de 749,99 \u20ac<\/a> sur Boulanger. Il s\u2019agit ici du mod\u00e8le Entreprise \u00e9dition avec des options de s\u00e9curit\u00e9 et un support logiciel avanc\u00e9s.<\/p>\n<p>Ce smartphone reprend presque tout du <a href=\"https:\/\/www.numerama.com\/smartphones\/galaxy-s25-2\/\" rel=\"nofollow noopener\" target=\"_blank\">Galaxy S25+<\/a> pour un tarif bien plus abordable. Il arbore un design quasiment similaire : verre, aluminium, \u00e9tanch\u00e9it\u00e9 IP68, finitions impeccables. Son \u00e9cran OLED 120 Hz n\u2019est pas LTPO et se limite au Full HD+, mais reste lumineux, pr\u00e9cis et agr\u00e9able au quotidien. C\u00f4t\u00e9 performances, la puce Exynos 2400 assure une excellente fluidit\u00e9 et il tourne sur Android 16 avec One UI 8 et Galaxy AI.<\/p>\n<p><a href=\"https:\/\/www.numerama.com\/wp-content\/uploads\/2025\/10\/black-friday.jpg\" rel=\"nofollow noopener\" target=\"_blank\"><img decoding=\"async\" width=\"1024\" height=\"576\" loading=\"lazy\" alt=\"Proton VPN Black Friday\" title=\"Proton VPN Black Friday\" class=\"wp-image-2106115 placeholder-default wp-image\" src=\"https:\/\/www.europesays.com\/fr\/wp-content\/uploads\/2025\/11\/black-friday-1024x576.jpg\" \/><\/a>Proton VPN Black Friday \/\/ Source : Numerama<\/p>\n<p>Si vous cherchez un VPN en promo pour le Black Friday, il y a Proton VPN, <a href=\"https:\/\/www.numerama.com\/cyberguerre\/1546558-proton-vpn-notre-avis-sur-le-couteau-suisse-du-vpn.html\" rel=\"nofollow noopener\" target=\"_blank\">l\u2019un des meilleurs sur le march\u00e9<\/a>. Son interface est fluide et parfaitement intuitive. Il permet de se connecter \u00e0 plus de 15\u00a0000\u00a0serveurs r\u00e9partis dans 126 pays sans pour autant brider votre  connexion avec des serveurs <a href=\"https:\/\/www.numerama.com\/tech\/1790500-box-internet-10-gb-s-comment-profiter-de-la-derniere-generation-de-fibre-optique.html\" rel=\"nofollow noopener\" target=\"_blank\">allant jusqu\u2019\u00e0 10 Gbit\/s<\/a>.<\/p>\n<p>Deux promotions sont propos\u00e9es\u00a0:<\/p>\n<ul class=\"wp-block-list\">\n<li>L\u2019offre VPN\u00a0Plus \u00e0 2,49 \u20ac par mois  au lieu de 2,99 \u20ac (engagement de 24 mois) : elle permet d\u2019acc\u00e9der au VPN et \u00e0 ses nombreuses fonctionnalit\u00e9s de s\u00e9curit\u00e9 avanc\u00e9es comme le <a href=\"https:\/\/www.numerama.com\/cyberguerre\/1123678-quest-ce-quun-kill-switch.html\" data-popover-target=\"definition\" data-tag=\"Qu\u2019est-ce qu\u2019un kill switch\u00a0?\" data-chapo=\"Le kill switch est un bouton d\u2019arr\u00eat d\u2019urgence. Dans les VPN, la fonction kill switch sert \u00e0 ajouter une deuxi\u00e8me couche de protection de l\u2019utilisateur, assurant que son adresse IP ne soit jamais visible, m\u00eame si la connexion du VPN venait \u00e0 faillir.\" data-image=\"https:\/\/c0.lestechnophiles.com\/www.numerama.com\/wp-content\/uploads\/2022\/09\/def-cyberguerre-killswitch-1024x576.jpg?key=780c335b\" rel=\"nofollow noopener\" target=\"_blank\">kill switch<\/a>, Tor over VPN ou le bloqueur de publicit\u00e9s.<\/li>\n<li>L\u2019offe Proton Mail \u00e0 1,99 \u20ac par mois (engagement de 12 mois) : un abonnement qui donne acc\u00e8s \u00e0 un compte mail s\u00e9curis\u00e9 avec un chiffrement de bout en bout et plusieurs options avanc\u00e9es de s\u00e9curit\u00e9.<\/li>\n<\/ul>\n<p><a href=\"https:\/\/www.numerama.com\/wp-content\/uploads\/2025\/10\/dyson-wash-g1-black-friday.jpg\" rel=\"nofollow noopener\" target=\"_blank\"><img decoding=\"async\" width=\"1024\" height=\"576\" loading=\"lazy\" alt=\"Dyson Wash G1\" title=\"Dyson Wash G1\" class=\"wp-image-2107349 placeholder-default wp-image\" src=\"https:\/\/www.europesays.com\/fr\/wp-content\/uploads\/2025\/11\/dyson-wash-g1-black-friday-1024x576.jpg\" \/><\/a>Dyson Wash G1 \/\/ Source : Numerama<\/p>\n<p>L\u2019heure est aujourd\u2019hui aux aspirateurs balais qui lavent et aspirent en m\u00eame temps. Le <a href=\"https:\/\/www.numerama.com\/autres\/dyson-wash-g1\/\" rel=\"nofollow noopener\" target=\"_blank\">Wash G1<\/a>, lui, s\u2019attaque \u00e0 une seule t\u00e2che : le lavage. Sorti au prix de 699 \u20ac, il \u00e9tait difficile de le recommander \u00e0 son plein tarif, mais pendant le Black Friday, <a href=\"https:\/\/shop.numerama.com\/g1i2ww5m\" target=\"_blank\" rel=\"noreferrer noopener sponsored nofollow\" data-gtm=\"{&quot;event&quot;:&quot;afficlic&quot;,&quot;nom_marchand&quot;:&quot;boulanger&quot;,&quot;nom_produit&quot;:&quot;inconnu&quot;,&quot;categorie_produit&quot;:&quot;inconnu&quot;,&quot;module_produit&quot;:&quot;editolink&quot;,&quot;position_marchand&quot;:0,&quot;texte&quot;:&quot;il-tombe-a-50&quot;,&quot;offer_url&quot;:&quot;https:\/\/shop.numerama.com\/g1i2ww5m&quot;,&quot;zone&quot;:&quot;contenu-page&quot;}\">il tombe \u00e0 -50 %<\/a>, ce qui peut \u00eatre particuli\u00e8rement int\u00e9ressant si vous avez d\u00e9j\u00e0 un aspirateur-balai. Pour vous faire un avis sur l\u2019efficacit\u00e9 de ce dernier, vous pouvez  <a href=\"https:\/\/www.numerama.com\/tech\/1904749-on-a-teste-le-wash-g1-de-dyson-loutil-de-menage-qui-vous-prouve-que-votre-sol-est-sale.html\" rel=\"nofollow noopener\" target=\"_blank\">consulter notre test<\/a>.<\/p>\n<p><a href=\"https:\/\/www.numerama.com\/wp-content\/uploads\/2025\/10\/tv-mini-ledlg65qned86a-black-friday.jpg\" rel=\"nofollow noopener\" target=\"_blank\"><img decoding=\"async\" width=\"1024\" height=\"576\" loading=\"lazy\" alt=\"TV Mini Led\u00a0LG\u00a065QNED86A\" title=\"TV Mini Led\u00a0LG\u00a065QNED86A\" class=\"wp-image-2107179 placeholder-default wp-image\" src=\"https:\/\/www.europesays.com\/fr\/wp-content\/uploads\/2025\/11\/tv-mini-ledlg65qned86a-black-friday-1024x576.jpg\" \/><\/a>TV Mini Led\u00a0LG\u00a065QNED86A \/\/ Source : Numerama<\/p>\n<p>Le LG 65QNED86A profite d\u2019une belle remise \u00e0 l\u2019occasion des avant-premi\u00e8res Black Friday de Boulanger : <a href=\"https:\/\/shop.numerama.com\/qvhnzn4k\" target=\"_blank\" rel=\"noreferrer noopener sponsored nofollow\">749 \u20ac au lieu de 899 \u20ac<\/a>. Ce t\u00e9l\u00e9viseur Mini LED 4K de 65 pouces se positionne comme un excellent compromis entre les mod\u00e8les LCD classiques et les tr\u00e8s co\u00fbteux \u00e9crans OLED.<\/p>\n<p>Sa technologie QNED, qui combine Mini LED, Quantum Dots et NanoCell ce qui permet d\u2019obtenir des couleurs \u00e9clatantes et un contraste bien plus profond qu\u2019un LCD standard \u2014 tout en gardant une tr\u00e8s bonne luminosit\u00e9. Le rafra\u00eechissement peut pousser jusqu\u2019\u00e0  144 Hz de quoi jouer dans de bonnes conditions.<\/p>\n<p><a href=\"https:\/\/www.numerama.com\/wp-content\/uploads\/2025\/10\/samsung-the-premiere-7-black-friday.jpg\" rel=\"nofollow noopener\" target=\"_blank\"><img decoding=\"async\" width=\"1024\" height=\"576\" loading=\"lazy\" alt=\"Vid\u00e9oprojecteur Samsung The premiere 7\" title=\"Vid\u00e9oprojecteur Samsung The premiere 7\" class=\"wp-image-2107161 placeholder-default wp-image\" src=\"https:\/\/www.europesays.com\/fr\/wp-content\/uploads\/2025\/11\/samsung-the-premiere-7-black-friday-1024x576.jpg\" \/><\/a>Vid\u00e9oprojecteur Samsung The premiere 7 \/\/ Source : Numerama<\/p>\n<p>Le vid\u00e9oprojecteur Samsung The Premiere 7 (petit fr\u00e8re du <a target=\"_blank\" href=\"https:\/\/www.frandroid.com\/marques\/samsung\/2451610_test-du-samsung-the-premiere-9-sp-lpu9d-un-bon-videoprojecteur-ultra-courte-focale-mais-qui-a-un-certain-prix\" rel=\"nofollow noopener\">The Premiere 9<\/a>) passe \u00e0 <a href=\"https:\/\/shop.numerama.com\/akiqs85i\" target=\"_blank\" rel=\"noreferrer noopener sponsored nofollow\" data-gtm=\"{&quot;event&quot;:&quot;afficlic&quot;,&quot;nom_marchand&quot;:&quot;boulanger&quot;,&quot;nom_produit&quot;:&quot;inconnu&quot;,&quot;categorie_produit&quot;:&quot;inconnu&quot;,&quot;module_produit&quot;:&quot;editolink&quot;,&quot;position_marchand&quot;:0,&quot;texte&quot;:&quot;1-499-e-au-lieu-de-1-999-e&quot;,&quot;offer_url&quot;:&quot;https:\/\/shop.numerama.com\/akiqs85i&quot;,&quot;zone&quot;:&quot;contenu-page&quot;}\">1 499 \u20ac au lieu de 1 999 \u20ac<\/a> pendant les avant-premi\u00e8res Black Friday de Boulanger. Ce vid\u00e9oprojecteur 4K \u00e0 ultra-courte focale peut \u00eatre plac\u00e9 \u00e0 seulement quelques centim\u00e8tres du mur tout en projetant une image allant jusqu\u2019\u00e0 120 pouces ce qui le rend parfaitement adapt\u00e9 aux petits espaces.<\/p>\n<p>Gr\u00e2ce \u00e0 sa technologie laser et sa luminosit\u00e9 de 2 400 lumens, il offre des couleurs vives et un contraste convaincant, m\u00eame dans une pi\u00e8ce l\u00e9g\u00e8rement \u00e9clair\u00e9e. Son processeur Quantum 4K dop\u00e9 \u00e0 l\u2019IA optimise chaque sc\u00e8ne en temps r\u00e9el, ajustant contraste et luminosit\u00e9 selon l\u2019environnement. Les formats HDR10+ et HLG sont bien s\u00fbr de la partie, et le son n\u2019est pas en reste avec un syst\u00e8me 2.2 canaux Dolby Atmos.<\/p>\n<p><a href=\"https:\/\/www.numerama.com\/wp-content\/uploads\/2025\/10\/tv-sony-bravia-8.jpg\" rel=\"nofollow noopener\" target=\"_blank\"><img decoding=\"async\" width=\"1024\" height=\"576\" loading=\"lazy\" alt=\"TV Sony Bravia 8\" title=\"TV Sony Bravia 8\" class=\"wp-image-2106169 placeholder-default wp-image\" src=\"https:\/\/www.europesays.com\/fr\/wp-content\/uploads\/2025\/11\/tv-sony-bravia-8-1024x576.jpg\" \/><\/a>TV Sony Bravia 8 \/\/ Source : Numerama<\/p>\n<p>Avec sa s\u00e9rie Bravia 8, Sony propose des t\u00e9l\u00e9viseurs avec une qualit\u00e9 d\u2019image qui fait partie du haut du panier face aux mod\u00e8les de LG ou de Samsung. Le mod\u00e8le 55\u2033 est encore plus int\u00e9ressant pendant le Black Friday avec un prix de <a href=\"https:\/\/shop.numerama.com\/ghyev45c\" target=\"_blank\" rel=\"noreferrer noopener sponsored nofollow\" data-gtm=\"{&quot;event&quot;:&quot;afficlic&quot;,&quot;nom_marchand&quot;:&quot;boulanger&quot;,&quot;nom_produit&quot;:&quot;inconnu&quot;,&quot;categorie_produit&quot;:&quot;inconnu&quot;,&quot;module_produit&quot;:&quot;editolink&quot;,&quot;position_marchand&quot;:0,&quot;texte&quot;:&quot;1-799-e-au-lieu-de-2-199-e&quot;,&quot;offer_url&quot;:&quot;https:\/\/shop.numerama.com\/ghyev45c&quot;,&quot;zone&quot;:&quot;contenu-page&quot;}\">1 799 \u20ac au lieu de 2 199 \u20ac<\/a>. Si vous souhaitez plus grand, il est aussi disponible en 65\u2033 \u00e0 2 299 \u20ac au lieu de  2 699\u20ac.<\/p>\n<p>Sa dalle QD-OLED offre un contraste g\u00e9n\u00e9reux et surtout une gamme de couleurs qui surpasse les dalles OLED standard du march\u00e9. La luminosit\u00e9 n\u2019est pas son point fort mais il permet tout de m\u00eame des pics autour de 1680 cd\/m\u00b2, ce qui reste bien pour un TV Oled.<\/p>\n<p><a href=\"https:\/\/www.numerama.com\/wp-content\/uploads\/2025\/10\/pc-gamer-lenovo-black-friday.jpg\" rel=\"nofollow noopener\" target=\"_blank\"><img decoding=\"async\" width=\"1024\" height=\"576\" loading=\"lazy\" alt=\"Lenovo\u00a0LOQ 15IRX10 (RTX 5070)\" title=\"Lenovo\u00a0LOQ 15IRX10 (RTX 5070)\" class=\"wp-image-2106907 placeholder-default wp-image\" src=\"https:\/\/www.europesays.com\/fr\/wp-content\/uploads\/2025\/11\/pc-gamer-lenovo-black-friday-1024x576.jpg\" \/><\/a>Lenovo\u00a0LOQ 15IRX10 (RTX 5070) \/\/ Source : Numerama<\/p>\n<p>Si vous cherchez un PC portable avec une configuration \u00e9quilibr\u00e9e et un prix int\u00e9ressant, on a trouv\u00e9 ce Lenovo\u00a0LOQ 15IRX10 \u00e0 <a href=\"https:\/\/shop.numerama.com\/wr6g1k54\" target=\"_blank\" rel=\"noreferrer noopener sponsored nofollow\">1 199 \u20ac au lieu de 1 599 \u20ac<\/a> avec le code <strong>GAMER100<\/strong>.<\/p>\n<p><a href=\"https:\/\/www.numerama.com\/autres\/geforce-rtx-5070\/\" rel=\"nofollow noopener\" target=\"_blank\">RTX 5070<\/a>, processeur, i7 de 13\u1d49 g\u00e9n\u00e9ration et \u00e9cran 144Hz : il embarque tout ce qu\u2019il faut pour jouer dans de bonnes conditions aux titres r\u00e9cents comme <a href=\"https:\/\/www.numerama.com\/pop-culture\/2090193-test-de-battlefield-6-sur-pc.html\" rel=\"nofollow noopener\" target=\"_blank\">Battlefield 6<\/a> ou <a href=\"https:\/\/www.numerama.com\/pop-culture\/2104497-redsec-tout-ce-quil-faut-savoir-sur-le-nouveau-battle-royale-gratuit-de-battlefield.html\" rel=\"nofollow noopener\" target=\"_blank\">son nouveau mode Battle Royale gratuit.<\/a><\/p>\n<p><a href=\"https:\/\/www.numerama.com\/wp-content\/uploads\/2025\/10\/nordvpn-black-friday.jpg\" rel=\"nofollow noopener\" target=\"_blank\"><img decoding=\"async\" width=\"1024\" height=\"576\" loading=\"lazy\" alt=\"NordVPN\" title=\"NordVPN\" class=\"wp-image-2106865 placeholder-default wp-image\" src=\"https:\/\/www.europesays.com\/fr\/wp-content\/uploads\/2025\/11\/nordvpn-black-friday-1024x576.jpg\" \/><\/a>NordVPN \/\/ Source : Numerama<\/p>\n<p>NordVPN a \u00e9t\u00e9 l\u2019un des premiers \u00e0 inaugurer le Black Friday cette ann\u00e9e. <a href=\"https:\/\/www.numerama.com\/cyberguerre\/2097147-nordvpn-nattend-personne-pour-le-black-friday-et-propose-deja-ses-abonnements-en-promo.html\" rel=\"nofollow noopener\" target=\"_blank\">Depuis la mi-octobre<\/a>, le fournisseur affiche d\u00e9j\u00e0 des r\u00e9ductions allant jusqu\u2019\u00e0 68 % sur l\u2019ensemble de ses abonnements, avec 3 mois offerts pour toute nouvelle souscription. On retrouve :<\/p>\n<ul class=\"wp-block-list\">\n<li><strong>L\u2019abonnement Basique<\/strong>\u00a0de deux ans est propos\u00e9\u00a0<a href=\"https:\/\/shop.numerama.com\/xpt7w7q6\" target=\"_blank\" rel=\"noreferrer noopener nofollow\">au prix de 2,99 \u20ac par mois<\/a>, ou 80,76 \u20ac pour 27 mois, au lieu de 312,93 \u20ac.<\/li>\n<li><strong>L\u2019abonnement Plus<\/strong>, le plus populaire chez le fournisseur, est\u00a0<a href=\"https:\/\/shop.numerama.com\/xpt7w7q6\" target=\"_blank\" rel=\"noreferrer noopener nofollow\">au prix de 3,89 \u20ac par mois<\/a>, ou 105,03 \u20ac pour 27 mois, au lieu de 404,73 \u20ac.<\/li>\n<li>Enfin,\u00a0<strong>l\u2019abonnement Ultime<\/strong>, le plus complet, qui comprend les utilitaires NordPass et NordLocker, est en ce moment\u00a0<a href=\"https:\/\/shop.numerama.com\/xpt7w7q6\" target=\"_blank\" rel=\"noreferrer noopener nofollow\">au prix de 6,39 \u20ac par mois<\/a>, ou 172,53 \u20ac pour 27 mois, au lieu de 672,03 \u20ac habituellement.<\/li>\n<\/ul>\n<p>Avec plus de 7 400 serveurs r\u00e9partis dans 118 pays annonc\u00e9s, NordVPN reste une r\u00e9f\u00e9rence du march\u00e9. Son protocole maison NordLynx garantit d\u2019excellents d\u00e9bits et une vrai stabilit\u00e9, m\u00eame en streaming ou en t\u00e9l\u00e9chargement. L\u2019interface est claire, la configuration rapide, et les options de s\u00e9curit\u00e9 comme le kill switch ou Meshnet renforcent votre confidentialit\u00e9 en ligne.<\/p>\n<p><a href=\"https:\/\/www.numerama.com\/wp-content\/uploads\/2025\/10\/powerbank-belkin-black-friday.jpg\" rel=\"nofollow noopener\" target=\"_blank\"><img decoding=\"async\" width=\"1024\" height=\"576\" loading=\"lazy\" alt=\"Batterie externe Belkin 10 000 mAh\" title=\"Batterie externe Belkin 10 000 mAh\" class=\"wp-image-2106791 placeholder-default wp-image\" src=\"https:\/\/www.europesays.com\/fr\/wp-content\/uploads\/2025\/11\/powerbank-belkin-black-friday-1024x576.jpg\" \/><\/a>Batterie externe Belkin 10 000 mAh \/\/ Source : Numerama<\/p>\n<p>La batterie externe Belkin 10 000 mAh tombe <a href=\"https:\/\/shop.numerama.com\/o3ks3lc4\" target=\"_blank\" rel=\"noreferrer noopener sponsored nofollow\">\u00e0 moiti\u00e9 prix<\/a> pendant les avant-premi\u00e8res Black Friday de Boulanger. Une bonne occasion de s\u2019\u00e9quiper d\u2019une batterie externe fiable sans se ruiner, surtout si vous cherchez un mod\u00e8le compact. Avec sa capacit\u00e9 de 10 000 mAh, elle permet de recharger un smartphone jusqu\u2019\u00e0 deux fois selon le mod\u00e8le. Elle int\u00e8gre deux ports USB-A et un port USB-C pour brancher plusieurs appareils \u00e0 la fois.<\/p>\n<p><a href=\"https:\/\/www.numerama.com\/wp-content\/uploads\/2025\/10\/tv-tcl-98c79k.jpg\" rel=\"nofollow noopener\" target=\"_blank\"><img decoding=\"async\" width=\"1024\" height=\"576\" loading=\"lazy\" alt=\"TV TCL 98C79K\" title=\"TV TCL 98C79K\" class=\"wp-image-2106101 placeholder-default wp-image\" src=\"https:\/\/www.europesays.com\/fr\/wp-content\/uploads\/2025\/11\/tv-tcl-98c79k-1024x576.jpg\" \/><\/a>TV TCL 98C79K \/\/ Source : Numerama<\/p>\n<p>Si vous voulez ce qu\u2019il se fait de plus grand sur <a href=\"https:\/\/www.numerama.com\/tech\/1762432-quelle-tv-4k-choisir.html\" rel=\"nofollow noopener\" target=\"_blank\">le march\u00e9 TV,<\/a> en cherchez pas plus longtemps. Ce t\u00e9l\u00e9viseur 98 pouces, soit 248 centim\u00e8tres de diagonale, <a href=\"https:\/\/shop.numerama.com\/06g8rsp5\" target=\"_blank\" rel=\"noreferrer noopener sponsored nofollow\">perd 300 \u20ac<\/a> sur Boulanger. Un prix assez rare pour un \u00e9cran de ce gabarit.<\/p>\n<p>Le mod\u00e8le ne mise pour autant pas tout sur sa taille. Ce TV TCL embarque une dalle Mini-LED bien plus lumineuse qu\u2019une dalle LCD classique. Le taux de rafraichissement du mod\u00e8le monte jusqu\u2019\u00e0 144 Hz ce qui le rend, malgr\u00e9 sa taille gigantesque, aussi efficace pour y brancher une console et jouer dans des conditions fluides.<\/p>\n<p><a href=\"https:\/\/www.numerama.com\/wp-content\/uploads\/2025\/10\/casque-jbl-live-775-nc-black-friday.jpg\" rel=\"nofollow noopener\" target=\"_blank\"><img decoding=\"async\" width=\"1024\" height=\"576\" loading=\"lazy\" alt=\"Casque JBL Live 775 NC\" title=\"Casque JBL Live 775 NC\" class=\"wp-image-2106149 placeholder-default wp-image\" src=\"https:\/\/www.europesays.com\/fr\/wp-content\/uploads\/2025\/11\/casque-jbl-live-775-nc-black-friday-1024x576.jpg\" \/><\/a>Casque JBL Live 775 NC \/\/ Source : Numerama<\/p>\n<p>Habituellement vendu autour de 179,99 \u20ac, le casque JBL Live 775 tombe <a href=\"https:\/\/shop.numerama.com\/tgts8id7\" target=\"_blank\" rel=\"noreferrer noopener sponsored nofollow\" data-gtm=\"{&quot;event&quot;:&quot;afficlic&quot;,&quot;nom_marchand&quot;:&quot;boulanger&quot;,&quot;nom_produit&quot;:&quot;inconnu&quot;,&quot;categorie_produit&quot;:&quot;inconnu&quot;,&quot;module_produit&quot;:&quot;editolink&quot;,&quot;position_marchand&quot;:0,&quot;texte&quot;:&quot;sous-la-barre-des-100-e&quot;,&quot;offer_url&quot;:&quot;https:\/\/shop.numerama.com\/tgts8id7&quot;,&quot;zone&quot;:&quot;contenu-page&quot;}\">sous la barre des 100 \u20ac<\/a> pendant les avant-premi\u00e8res Black Friday de Boulanger. Ce mod\u00e8le restitue une bonne qualit\u00e9 sonore avec des basses bien pr\u00e9sentes \u2014 la marque de fabrique JBL. Mais l\u00e0 o\u00f9 il excelle, c\u2019est dans l\u2019autonomie avec pas moins de 65 heures en r\u00e9serve ou 50 avec la r\u00e9duction de bruit active. <\/p>\n<p><a href=\"https:\/\/www.numerama.com\/wp-content\/uploads\/2025\/10\/packdampoules-connectees-philips-hue-black-friday.jpg\" rel=\"nofollow noopener\" target=\"_blank\"><img decoding=\"async\" width=\"1024\" height=\"576\" loading=\"lazy\" alt=\"Pack\u00a0d'ampoules connect\u00e9es Philips HUE\" title=\"Pack\u00a0d'ampoules connect\u00e9es Philips HUE\" class=\"wp-image-2106183 placeholder-default wp-image\" src=\"https:\/\/www.europesays.com\/fr\/wp-content\/uploads\/2025\/11\/packdampoules-connectees-philips-hue-black-friday-1024x576.jpg\" \/><\/a>Pack\u00a0d\u2019ampoules connect\u00e9es Philips HUE \/\/ Source : Numerama<\/p>\n<p>Le pack d\u2019ampoules connect\u00e9es Philips HUE <a href=\"https:\/\/shop.numerama.com\/nrzpurkl\" target=\"_blank\" rel=\"noreferrer noopener sponsored nofollow\" data-gtm=\"{&quot;event&quot;:&quot;afficlic&quot;,&quot;nom_marchand&quot;:&quot;boulanger&quot;,&quot;nom_produit&quot;:&quot;inconnu&quot;,&quot;categorie_produit&quot;:&quot;inconnu&quot;,&quot;module_produit&quot;:&quot;editolink&quot;,&quot;position_marchand&quot;:0,&quot;texte&quot;:&quot;perd-55-sur-boulanger&quot;,&quot;offer_url&quot;:&quot;https:\/\/shop.numerama.com\/nrzpurkl&quot;,&quot;zone&quot;:&quot;contenu-page&quot;}\">perd 55% sur Boulanger<\/a> pendant les avant-premi\u00e8res Black Friday. Une bonne offre pour des produits relativement couteux en temps normal. Le pack contient, comme son nom l\u2019indique, tout ce qu\u2019il faut pour commencer, \u00e0 savoir :<\/p>\n<ul class=\"wp-block-list\">\n<li>deux ampoules E27 \u00e0 visser ;<\/li>\n<li>un pont Hue Bridge pour contr\u00f4ler en simultan\u00e9 les ampoules ;<\/li>\n<li>une t\u00e9l\u00e9commande pour choisir l\u2019intensit\u00e9 et modifier la couleur.<\/li>\n<\/ul>\n<p><a href=\"https:\/\/www.numerama.com\/wp-content\/uploads\/2025\/10\/aspirateur-balai-jet-85-pro.jpg\" rel=\"nofollow noopener\" target=\"_blank\"><img decoding=\"async\" width=\"1024\" height=\"576\" loading=\"lazy\" alt=\"Aspirateur balai Jet 85 Pro\" title=\"Aspirateur balai Jet 85 Pro\" class=\"wp-image-2106235 placeholder-default wp-image\" src=\"https:\/\/www.europesays.com\/fr\/wp-content\/uploads\/2025\/11\/aspirateur-balai-jet-85-pro-1024x576.jpg\" \/><\/a>Aspirateur balai Jet 85 Pro \/\/ Source : Numerama<\/p>\n<p>Samsung n\u2019est pas forc\u00e9ment reconnu pour ses aspirateurs balais mais le constructeur propose de solides r\u00e9f\u00e9rences. Si le Jet 85 Pro n\u2019est pas forc\u00e9ment le mod\u00e8le le plus recommandable \u00e0 699 \u20ac (face \u00e0 un Dyson par exemple), pour <a href=\"https:\/\/shop.numerama.com\/p2irp419\" data-type=\"link\" data-id=\"https:\/\/shop.numerama.com\/p2irp419\" target=\"_blank\" rel=\"noreferrer noopener sponsored nofollow\">300 \u20ac de moins<\/a> : il est vraiment int\u00e9ressant.<\/p>\n<p>Avec son gabarit l\u00e9ger de 2,63 kg, il poss\u00e8de une brosse par\u00e9e pour les poils d\u2019animaux et affiche une puissance de 580 W. Son autonomie peut grimper jusqu\u2019\u00e0 soixante minutes mais est r\u00e9duite de moiti\u00e9 en utilisation standard. Seul hic, un mode turbo qui permet seulement trois petites minutes d\u2019aspiration.<\/p>\n<p>Cet article sera actualis\u00e9 tout au long du Black Friday. Les meilleures affaires partent souvent vite et certaines r\u00e9f\u00e9rences risquent d\u2019\u00eatre rapidement en rupture de stock. N\u2019h\u00e9sitez pas \u00e0 revenir r\u00e9guli\u00e8rement si vous ne trouvez pas votre bonheur du premier coup.<\/p>\n<p>Nos autres bons plans et s\u00e9lections du Black Friday<\/p>\n<p><a href=\"https:\/\/www.numerama.com\/tech\/2106091-boulanger-degaine-son-black-friday-en-avance-voici-les-meilleures-promos.html\" rel=\"nofollow noopener\" target=\"_blank\">\u27a1\ufe0f Boulanger d\u00e9gaine son Black Friday en avance\u00a0: voici les meilleures promos<\/a><br \/><a href=\"https:\/\/www.numerama.com\/tech\/2106755-boulanger-profite-du-black-friday-pour-baisser-le-prix-du-google-pixel-10.html\" rel=\"nofollow noopener\" target=\"_blank\">\u27a1\ufe0f Le Google Pixel 10 est moins cher sur Boulanger<\/a><\/p>\n<p>Black Friday 2025 : tout ce qu\u2019il faut savoir<\/p>\n<p>Depuis une dizaine d\u2019ann\u00e9es, le <a href=\"https:\/\/www.numerama.com\/tag\/black-friday\/\" rel=\"nofollow noopener\" target=\"_blank\">Black Friday<\/a> s\u2019est infiltr\u00e9 dans le calendrier commercial des grandes marques et enseignes fran\u00e7aises. Avec l\u2019exp\u00e9rience, on peut vous dire que cet \u00e9v\u00e8nement fait partie des meilleurs moments pour faire de bonnes affaires.<\/p>\n<p>Les dates du Black Friday<\/p>\n<p>Bien qu\u2019il porte encore le nom du vendredi noir, le Black Friday s\u2019\u00e9tend d\u00e9sormais sur un mois chez la plupart des revendeurs. Un format moins typique qui lui retire un peu son petit c\u00f4t\u00e9 FOMO. On dirait presque les soldes, finalement. Mais c\u2019est aussi moins le rush, ce qui est finalement une bonne chose pour ceux qui veulent faire des achats plus raisonn\u00e9s. Globalement, on peut r\u00e9sumer ce Black Friday en quatre temps forts :<\/p>\n<ul class=\"wp-block-list\">\n<li>D\u00e9but novembre\u00a0: les avant-premi\u00e8res Black Friday<\/li>\n<li>21\u00a0novembre\u00a0: la Black Week qui commence 1 semaine avant le jour J<\/li>\n<li>28 au 30 novembre : le Black Friday<\/li>\n<li>1\u1d49\u02b3\u00a0d\u00e9cembre\u00a0: le Cyber Monday<\/li>\n<\/ul>\n<p>Quels sites participent au Black Friday ?<\/p>\n<p>Dans les cat\u00e9gories qui nous int\u00e9ressent sur Numerama, on peut lister les r\u00e9ductions des enseignes suivantes :<\/p>\n<p>Que faut-il acheter pendant le Black Friday ?<\/p>\n<p>Bonne question. Globalement tous les rayons profitent des remises, mais il ne faut pour autant pas se jeter sur les premiers prix brad\u00e9s. N\u2019oubliez pas que <a href=\"https:\/\/www.numerama.com\/tech\/1834992-balck-friday-2025-dates-offres-et-sites.html\" rel=\"nofollow noopener\" target=\"_blank\">pour les enseignes ce moment est aussi l\u2019occasion de d\u00e9stocker de vieux produits<\/a>, dont les plus remis\u00e9s fr\u00f4lent parfois l\u2019obsolescence.<\/p>\n<p>Qu\u2019il s\u2019agisse d\u2019un t\u00e9l\u00e9viseur, d\u2019un smartphone, d\u2019un casque sans-fil, d\u2019un aspirateur balai, on ne peut que vous conseiller de suivre <a href=\"https:\/\/www.numerama.com\/tag\/guide-dachat\/\" rel=\"nofollow noopener\" target=\"_blank\">nos guides d\u2019achats<\/a> d\u00e9di\u00e9s pour savoir quels mod\u00e8les valent le coup en 2025.<\/p>\n<p>Pour les produits phares comme des AirPods, des PS5, un iPhone, un Galaxy S25, la question se pose moins, mais sachez que <a href=\"https:\/\/www.numerama.com\/tag\/test\/\" rel=\"nofollow noopener\" target=\"_blank\">nos tests<\/a> sont l\u00e0 pour vous aider \u00e0 savoir s\u2019ils m\u00e9ritent votre argent.<\/p>\n<p>Quoi qu\u2019il en soit chez Numerama nous faisons d\u00e9j\u00e0 le tri \u00e0 votre place en relayant uniquement <a href=\"https:\/\/www.numerama.com\/tag\/bons-plans\/\" rel=\"nofollow noopener\" target=\"_blank\">des bons plans<\/a> pertinents : des offres sur des produits \u00e0 la fois int\u00e9ressant et dont le prix est le meilleur observ\u00e9 en ligne.<\/p>\n<p>            <img decoding=\"async\" src=\"https:\/\/www.europesays.com\/fr\/wp-content\/uploads\/2025\/04\/iPhone-16-pro.png\" alt=\"Toute l'actu tech en un clien d'oeil\"\/><\/p>\n<p class=\"card-install-pwa__title\">Toute l&rsquo;actu tech en un clin d&rsquo;\u0153il<\/p>\n<p class=\"card-install-pwa__description\">Ajoutez Numerama \u00e0 votre \u00e9cran d&rsquo;accueil et restez connect\u00e9s au futur !<\/p>\n<p>            <img decoding=\"async\" src=\"https:\/\/www.numerama.com\/wp-content\/themes\/numerama-next\/assets\/images\/premium\/logo-card-pwa-coupe.svg\" alt=\"Logo PWA\"\/><\/p>\n<p>       Installer Numerama<\/p>\n","protected":false},"excerpt":{"rendered":"Le Black Friday 2025 a bien lieu le vendredi 28 novembre, mais les enseignes n\u2019ont pas attendu cette&hellip;\n","protected":false},"author":2,"featured_media":503888,"comment_status":"","ping_status":"","sticky":false,"template":"","format":"standard","meta":{"footnotes":""},"categories":[6],"tags":[4239,62374,677,2938,15124,16677,34481,6247,35,4304,16678,16679,33,34,13553,1011,27],"class_list":{"0":"post-503887","1":"post","2":"type-post","3":"status-publish","4":"format-standard","5":"has-post-thumbnail","7":"category-economie","8":"tag-amazon","9":"tag-black-friday-2025","10":"tag-bons-plans","11":"tag-bons-plans-gaming","12":"tag-bons-plans-smartphones","13":"tag-bons-plans-tv","14":"tag-bons-plans-velos-electriques","15":"tag-boulanger","16":"tag-business","17":"tag-carrefour","18":"tag-cdiscount","19":"tag-darty","20":"tag-economie","21":"tag-economy","22":"tag-fnac","23":"tag-fr","24":"tag-france"},"share_on_mastodon":{"url":"https:\/\/pubeurope.com\/@fr\/115472909114020988","error":""},"_links":{"self":[{"href":"https:\/\/www.europesays.com\/fr\/wp-json\/wp\/v2\/posts\/503887","targetHints":{"allow":["GET"]}}],"collection":[{"href":"https:\/\/www.europesays.com\/fr\/wp-json\/wp\/v2\/posts"}],"about":[{"href":"https:\/\/www.europesays.com\/fr\/wp-json\/wp\/v2\/types\/post"}],"author":[{"embeddable":true,"href":"https:\/\/www.europesays.com\/fr\/wp-json\/wp\/v2\/users\/2"}],"replies":[{"embeddable":true,"href":"https:\/\/www.europesays.com\/fr\/wp-json\/wp\/v2\/comments?post=503887"}],"version-history":[{"count":0,"href":"https:\/\/www.europesays.com\/fr\/wp-json\/wp\/v2\/posts\/503887\/revisions"}],"wp:featuredmedia":[{"embeddable":true,"href":"https:\/\/www.europesays.com\/fr\/wp-json\/wp\/v2\/media\/503888"}],"wp:attachment":[{"href":"https:\/\/www.europesays.com\/fr\/wp-json\/wp\/v2\/media?parent=503887"}],"wp:term":[{"taxonomy":"category","embeddable":true,"href":"https:\/\/www.europesays.com\/fr\/wp-json\/wp\/v2\/categories?post=503887"},{"taxonomy":"post_tag","embeddable":true,"href":"https:\/\/www.europesays.com\/fr\/wp-json\/wp\/v2\/tags?post=503887"}],"curies":[{"name":"wp","href":"https:\/\/api.w.org\/{rel}","templated":true}]}}