{"id":503894,"date":"2025-11-01T06:01:16","date_gmt":"2025-11-01T06:01:16","guid":{"rendered":"https:\/\/www.europesays.com\/fr\/503894\/"},"modified":"2025-11-01T06:01:16","modified_gmt":"2025-11-01T06:01:16","slug":"seules-3-des-rues-portent-le-nom-dune-femme","status":"publish","type":"post","link":"https:\/\/www.europesays.com\/fr\/503894\/","title":{"rendered":"seules 3\u00a0% des rues portent le nom d\u2019une femme"},"content":{"rendered":"<p>Le cours Fauriel, le boulevard Jules-Janin, la rue \u00c9tienne-Mimard, la place Jean-Jaur\u00e8s\u2026 Ces noms font partie du paysage st\u00e9phanois depuis des d\u00e9cennies et on emprunte ces voies sans vraiment r\u00e9fl\u00e9chir \u00e0 leur d\u00e9nomination. Pourtant, elles ont un point commun\u00a0: toutes font r\u00e9f\u00e9rence \u00e0 des hommes.<\/p>\n<p>Denis Escoffier, L\u00e9on Nautin, le G\u00e9n\u00e9ral Foy\u2026 Parmi plus de 1\u00a0500 rues qui quadrillent la ville de Saint-\u00c9tienne, beaucoup rendent hommage \u00e0 des hommes, dont le nom, inscrit en lettres noires sur fond jaune, traverse les \u00e2ges. Et les femmes alors\u00a0?<\/p>\n<p>\u00ab\u00a0Oh, il doit bien y avoir une rue Marie-Curie\u2026\u00a0\u00bb<\/p>\n<p>\u00ab\u00a0Alors l\u00e0, vous me posez une colle\u2026\u00a0\u00bb, nous r\u00e9pond une St\u00e9phanoise, interdite. Cela fait pourtant quarante ans que Chahira vit \u00e0 Saint-\u00c9tienne, \u00ab\u00a0et je fais tout \u00e0 pied\u00a0!\u00a0\u00bb, assure-t-elle. Apr\u00e8s quelques secondes de r\u00e9flexion, la rue Sainte-Catherine lui&#8230;<\/p>\n","protected":false},"excerpt":{"rendered":"Le cours Fauriel, le boulevard Jules-Janin, la rue \u00c9tienne-Mimard, la place Jean-Jaur\u00e8s\u2026 Ces noms font partie du paysage&hellip;\n","protected":false},"author":2,"featured_media":503895,"comment_status":"","ping_status":"","sticky":false,"template":"","format":"standard","meta":{"footnotes":""},"categories":[9653],"tags":[1111,11,2430,7539,1777,674,6757,107,1011,27,3367,12,25,4001,7538,104],"class_list":{"0":"post-503894","1":"post","2":"type-post","3":"status-publish","4":"format-standard","5":"has-post-thumbnail","7":"category-saint-etienne","8":"tag-actu","9":"tag-actualites","10":"tag-auvergne-rhone-alpes","11":"tag-edition-loire-sud","12":"tag-eu","13":"tag-europe","14":"tag-feminisme","15":"tag-fil-info","16":"tag-fr","17":"tag-france","18":"tag-loire","19":"tag-news","20":"tag-republique-francaise","21":"tag-saint-etienne","22":"tag-saint-etienne-ville","23":"tag-societe"},"share_on_mastodon":{"url":"https:\/\/pubeurope.com\/@fr\/115472923685939207","error":""},"_links":{"self":[{"href":"https:\/\/www.europesays.com\/fr\/wp-json\/wp\/v2\/posts\/503894","targetHints":{"allow":["GET"]}}],"collection":[{"href":"https:\/\/www.europesays.com\/fr\/wp-json\/wp\/v2\/posts"}],"about":[{"href":"https:\/\/www.europesays.com\/fr\/wp-json\/wp\/v2\/types\/post"}],"author":[{"embeddable":true,"href":"https:\/\/www.europesays.com\/fr\/wp-json\/wp\/v2\/users\/2"}],"replies":[{"embeddable":true,"href":"https:\/\/www.europesays.com\/fr\/wp-json\/wp\/v2\/comments?post=503894"}],"version-history":[{"count":0,"href":"https:\/\/www.europesays.com\/fr\/wp-json\/wp\/v2\/posts\/503894\/revisions"}],"wp:featuredmedia":[{"embeddable":true,"href":"https:\/\/www.europesays.com\/fr\/wp-json\/wp\/v2\/media\/503895"}],"wp:attachment":[{"href":"https:\/\/www.europesays.com\/fr\/wp-json\/wp\/v2\/media?parent=503894"}],"wp:term":[{"taxonomy":"category","embeddable":true,"href":"https:\/\/www.europesays.com\/fr\/wp-json\/wp\/v2\/categories?post=503894"},{"taxonomy":"post_tag","embeddable":true,"href":"https:\/\/www.europesays.com\/fr\/wp-json\/wp\/v2\/tags?post=503894"}],"curies":[{"name":"wp","href":"https:\/\/api.w.org\/{rel}","templated":true}]}}