{"id":503904,"date":"2025-11-01T06:06:17","date_gmt":"2025-11-01T06:06:17","guid":{"rendered":"https:\/\/www.europesays.com\/fr\/503904\/"},"modified":"2025-11-01T06:06:17","modified_gmt":"2025-11-01T06:06:17","slug":"la-fregate-marocaine-mohammed-vi-arrive-a-toulon-pour-participer-a-lexercice-chebec-25","status":"publish","type":"post","link":"https:\/\/www.europesays.com\/fr\/503904\/","title":{"rendered":"La fr\u00e9gate marocaine Mohammed VI arrive \u00e0 Toulon pour participer \u00e0 l\u2019exercice Chebec 25"},"content":{"rendered":"<p>\t<img loading=\"lazy\" decoding=\"async\" src=\"https:\/\/www.europesays.com\/fr\/wp-content\/uploads\/2025\/11\/20251101_mohammed_vi_toulon-3d7d1.jpg\" width=\"800\" height=\"532\"\/><\/p>\n<p>\n        Arriv\u00e9e \u00e0 Toulon de la fr\u00e9gate marocaine Mohammed VI<\/p>\n<p>\t\tCr\u00e9dits : Marine nationale\n      <\/p>\n<p>    Previous<\/p>\n<p>    Next<\/p>\n<p>La fr\u00e9gate Mohammed VI a accost\u00e9 ce vendredi matin au port de Toulon. Elle participera la semaine prochaine \u00e0 l\u2019exercice franco-marocain Chebec 25. \u00ab\u00a0Chebec\u00a0\u00bb, exercice naval de coop\u00e9ration militaire organis\u00e9 chaque ann\u00e9e entre la Marine royale marocaine et la Marine nationale fran\u00e7aise, tire son nom d\u2019un navire de guerre rapide, l\u00e9ger et man\u0153uvrable.<\/p>\n<p>Retrouvez l\u2019article sur le site du journal.<\/p>\n<p>Source : <a href=\"https:\/\/fr.le360.ma\/politique\/arrivee-a-toulon-de-la-fregate-mohammed-vi-pour-lexercice-naval-maroco-francais-chebec-25_XPYVQOERIBFFBIRH2B3J3HMOO4\/\" target=\"_blank\" rel=\"nofollow noopener\">Le 360 (Maroc)<\/a><\/p>\n","protected":false},"excerpt":{"rendered":"Arriv\u00e9e \u00e0 Toulon de la fr\u00e9gate marocaine Mohammed VI Cr\u00e9dits : Marine nationale Previous Next La fr\u00e9gate Mohammed&hellip;\n","protected":false},"author":2,"featured_media":503905,"comment_status":"","ping_status":"","sticky":false,"template":"","format":"standard","meta":{"footnotes":""},"categories":[9619],"tags":[1111,11,1777,674,1011,27,1110,567,12,882,25,36558,15169,2310],"class_list":{"0":"post-503904","1":"post","2":"type-post","3":"status-publish","4":"format-standard","5":"has-post-thumbnail","7":"category-toulon","8":"tag-actu","9":"tag-actualites","10":"tag-eu","11":"tag-europe","12":"tag-fr","13":"tag-france","14":"tag-informations","15":"tag-marine-nationale","16":"tag-news","17":"tag-provence-alpes-cote-dazur","18":"tag-republique-francaise","19":"tag-sous-marin","20":"tag-sous-marins","21":"tag-toulon"},"share_on_mastodon":{"url":"https:\/\/pubeurope.com\/@fr\/115472943358646465","error":""},"_links":{"self":[{"href":"https:\/\/www.europesays.com\/fr\/wp-json\/wp\/v2\/posts\/503904","targetHints":{"allow":["GET"]}}],"collection":[{"href":"https:\/\/www.europesays.com\/fr\/wp-json\/wp\/v2\/posts"}],"about":[{"href":"https:\/\/www.europesays.com\/fr\/wp-json\/wp\/v2\/types\/post"}],"author":[{"embeddable":true,"href":"https:\/\/www.europesays.com\/fr\/wp-json\/wp\/v2\/users\/2"}],"replies":[{"embeddable":true,"href":"https:\/\/www.europesays.com\/fr\/wp-json\/wp\/v2\/comments?post=503904"}],"version-history":[{"count":0,"href":"https:\/\/www.europesays.com\/fr\/wp-json\/wp\/v2\/posts\/503904\/revisions"}],"wp:featuredmedia":[{"embeddable":true,"href":"https:\/\/www.europesays.com\/fr\/wp-json\/wp\/v2\/media\/503905"}],"wp:attachment":[{"href":"https:\/\/www.europesays.com\/fr\/wp-json\/wp\/v2\/media?parent=503904"}],"wp:term":[{"taxonomy":"category","embeddable":true,"href":"https:\/\/www.europesays.com\/fr\/wp-json\/wp\/v2\/categories?post=503904"},{"taxonomy":"post_tag","embeddable":true,"href":"https:\/\/www.europesays.com\/fr\/wp-json\/wp\/v2\/tags?post=503904"}],"curies":[{"name":"wp","href":"https:\/\/api.w.org\/{rel}","templated":true}]}}