{"id":503911,"date":"2025-11-01T06:13:11","date_gmt":"2025-11-01T06:13:11","guid":{"rendered":"https:\/\/www.europesays.com\/fr\/503911\/"},"modified":"2025-11-01T06:13:11","modified_gmt":"2025-11-01T06:13:11","slug":"ces-animations-a-ne-pas-rater-pour-le-week-end-douverture","status":"publish","type":"post","link":"https:\/\/www.europesays.com\/fr\/503911\/","title":{"rendered":"ces animations \u00e0 ne pas rater pour le week-end d&rsquo;ouverture"},"content":{"rendered":"<p>            Par<br \/>\n        <strong><br \/>\n            <a href=\"https:\/\/actu.fr\/auteur\/redaction-grenoble\" title=\"Consulter tous les articles de R\u00e9daction Grenoble\" rel=\"nofollow noopener\" target=\"_blank\">R\u00e9daction Grenoble<\/a><br \/>\n        <\/strong><\/p>\n<p>        Publi\u00e9 le<\/p>\n<p>            1 nov. 2025 \u00e0 6h30        <\/p>\n<p>La Foire de <a href=\"https:\/\/actu.fr\/auvergne-rhone-alpes\/grenoble_38185\" rel=\"nofollow noopener\" target=\"_blank\">Grenoble<\/a> est de retour \u00e0 <a href=\"https:\/\/actu.fr\/auvergne-rhone-alpes\/grenoble_38185\/grenoble-le-rachat-d-alpexpo-fait-debat-la-metropole-a-rate-la-gestion-de-cet-outil_62911069.html\" rel=\"nofollow noopener\" target=\"_blank\">Alpexpo<\/a> d\u00e8s samedi 1er novembre \u00e0 10 heures. Jusqu\u2019au mardi 11 novembre inclus, environ <strong>350 exposants r\u00e9partis sur 42 000 m\u00b2<\/strong> vont proposer leurs produits, services et innovations, tandis que diverses animations ont \u00e9t\u00e9 programm\u00e9es par les organisateurs.<\/p>\n<p class=\" wall-content\">Pour ce premier week-end de la Foire, plac\u00e9e cette ann\u00e9e sous le th\u00e8me \u00ab\u00a0Vintage\u00a0\u00bb, voici les rendez-vous \u00e0 ne pas manquer.<\/p>\n<p>Sports, jeux de r\u00f4le et shopping<\/p>\n<p class=\" wall-content\">Jusqu\u2019au dimanche 2 novembre inclus, <strong>trois \u00e9v\u00e9nements \u00e9ph\u00e9m\u00e8res<\/strong> sont pr\u00e9vus.<\/p>\n<p class=\" wall-content\">Il y a d\u2019abord le <strong>village des sports<\/strong>, regroupant plusieurs clubs et associations is\u00e9rois, pour \u00ab\u00a0des d\u00e9monstrations et initiations sportives ouvertes \u00e0 tous\u00a0\u00bb, d\u00e9roule l\u2019organisation de la Foire de Grenoble.\u00a0<\/p>\n<p class=\" wall-content\">Ceux plut\u00f4t int\u00e9ress\u00e9s par les jeux de plateau et de r\u00f4le vont se diriger vers la <strong>premi\u00e8re \u00e9dition du festival d\u2019Is\u00e8RPG<\/strong>, organis\u00e9 par l\u2019association Lasso Meuh-Jeux-Table. Il sera possible de tester divers jeux de r\u00f4le, en tant que d\u00e9butant ou initi\u00e9, et de rencontrer des \u00e9diteurs de jeux pr\u00e9sentant leurs nouveaut\u00e9s.<\/p>\n<p>    <a href=\"https:\/\/www.facebook.com\/plugins\/post.php?href=https%3A%2F%2Fwww.facebook.com%2Fpermalink.php%3Fstory_fbid%3Dpfbid0xngLCFjAdvuBaTK9mWYwc7NmWK5h5QxKgsgnp7cCK6v9h1Dj6feuKANzNo2W41Gyl%26id%3D61575663161165&amp;show_text=true&amp;width=350\" title=\"Ouvrie le lien\" rel=\"nofollow noopener\" target=\"_blank\">Cliquez ici pour visualiser le contenu<\/a><\/p>\n<p class=\" wall-content\">Quant au pop-up mobile Violette Sauvage, il organise un <strong>vide-dressing \u00e9ph\u00e9m\u00e8re<\/strong> avec des <a href=\"https:\/\/actu.fr\/auvergne-rhone-alpes\/grenoble_38185\/a-grenoble-les-boutiques-de-seconde-main-ont-le-vent-en-poupe_47280367.html\" rel=\"nofollow noopener\" target=\"_blank\">v\u00eatements de seconde main<\/a> \u00e0 petits prix, des pi\u00e8ces de cr\u00e9ateurs et des produits vintages.<\/p>\n<p>Votre r\u00e9gion, votre actu !<\/p>\n<p>Recevez chaque jour les infos qui comptent pour vous.<\/p>\n<p>\t<a href=\"https:\/\/actu.fr\/newsletter\" class=\"ac-btn ac-btn--corner ac-btn--medium ac-btn--blue800\" rel=\"nofollow noopener\" target=\"_blank\">S&rsquo;incrire<\/a><\/p>\n<p class=\" wall-content\"><a href=\"https:\/\/www.instagram.com\/reel\/DQXQ2dYEWj4\/embed\" title=\"Ouvrir le lien sur Instagram\" rel=\"nofollow noopener\" target=\"_blank\">Visualiser le contenu sur Instagram<\/a><\/p>\n<p>Une nocturne ce samedi<\/p>\n<p class=\" wall-content\">Dans les all\u00e9es, l\u2019animation musicale va \u00eatre assur\u00e9e les deux premi\u00e8res journ\u00e9es. Les plus petits vont \u00e9galement pouvoir profiter de la <strong>pr\u00e9sence de mascottes<\/strong> de personnages de dessins anim\u00e9s samedi.<\/p>\n<p class=\" wall-content\">Enfin, il est \u00e9galement \u00e0 noter que pour la journ\u00e9e d\u2019ouverture samedi, une nocturne <strong>jusqu\u2019\u00e0 22 heures<\/strong> est annonc\u00e9e.<\/p>\n<p>Foire de Grenoble \u00e0 Alpexpo, de 10 heures \u00e0 19 heures du samedi 1er au mardi 11 novembre. Tarif : 7 euros l\u2019entr\u00e9e, gratuit moins de 16 ans, PMR et titulaires de la carte d\u2019invalidit\u00e9.<\/p>\n<p class=\" wall-content\">Personnalisez votre actualit\u00e9 en ajoutant vos villes et m\u00e9dias en favori avec <a href=\"https:\/\/moncompte.actu.fr\" title=\"D\u00e9couvez Mon Actu\" rel=\"nofollow noopener\" data-trk=\"{&quot;cta&quot;:{&quot;action&quot;:&quot;https:\\\/\\\/moncompte.actu.fr&quot;,&quot;category&quot;:&quot;mon compte&quot;,&quot;from&quot;:&quot;article footer&quot;,&quot;name&quot;:&quot;Mon actu&quot;,&quot;type&quot;:&quot;cta&quot;}}\" target=\"_blank\">Mon Actu<\/a>.<\/p>\n<p>                    <script async src=\"\/\/www.instagram.com\/embed.js\"><\/script><\/p>\n","protected":false},"excerpt":{"rendered":"Par R\u00e9daction Grenoble Publi\u00e9 le 1 nov. 2025 \u00e0 6h30 La Foire de Grenoble est de retour \u00e0&hellip;\n","protected":false},"author":2,"featured_media":503912,"comment_status":"","ping_status":"","sticky":false,"template":"","format":"standard","meta":{"footnotes":""},"categories":[9566],"tags":[1111,11,1063,2430,1777,674,1011,27,2731,12,25,104],"class_list":{"0":"post-503911","1":"post","2":"type-post","3":"status-publish","4":"format-standard","5":"has-post-thumbnail","7":"category-grenoble","8":"tag-actu","9":"tag-actualites","10":"tag-animations","11":"tag-auvergne-rhone-alpes","12":"tag-eu","13":"tag-europe","14":"tag-fr","15":"tag-france","16":"tag-grenoble","17":"tag-news","18":"tag-republique-francaise","19":"tag-societe"},"share_on_mastodon":{"url":"https:\/\/pubeurope.com\/@fr\/115472970809934084","error":""},"_links":{"self":[{"href":"https:\/\/www.europesays.com\/fr\/wp-json\/wp\/v2\/posts\/503911","targetHints":{"allow":["GET"]}}],"collection":[{"href":"https:\/\/www.europesays.com\/fr\/wp-json\/wp\/v2\/posts"}],"about":[{"href":"https:\/\/www.europesays.com\/fr\/wp-json\/wp\/v2\/types\/post"}],"author":[{"embeddable":true,"href":"https:\/\/www.europesays.com\/fr\/wp-json\/wp\/v2\/users\/2"}],"replies":[{"embeddable":true,"href":"https:\/\/www.europesays.com\/fr\/wp-json\/wp\/v2\/comments?post=503911"}],"version-history":[{"count":0,"href":"https:\/\/www.europesays.com\/fr\/wp-json\/wp\/v2\/posts\/503911\/revisions"}],"wp:featuredmedia":[{"embeddable":true,"href":"https:\/\/www.europesays.com\/fr\/wp-json\/wp\/v2\/media\/503912"}],"wp:attachment":[{"href":"https:\/\/www.europesays.com\/fr\/wp-json\/wp\/v2\/media?parent=503911"}],"wp:term":[{"taxonomy":"category","embeddable":true,"href":"https:\/\/www.europesays.com\/fr\/wp-json\/wp\/v2\/categories?post=503911"},{"taxonomy":"post_tag","embeddable":true,"href":"https:\/\/www.europesays.com\/fr\/wp-json\/wp\/v2\/tags?post=503911"}],"curies":[{"name":"wp","href":"https:\/\/api.w.org\/{rel}","templated":true}]}}