{"id":503913,"date":"2025-11-01T06:14:11","date_gmt":"2025-11-01T06:14:11","guid":{"rendered":"https:\/\/www.europesays.com\/fr\/503913\/"},"modified":"2025-11-01T06:14:11","modified_gmt":"2025-11-01T06:14:11","slug":"il-ny-a-pas-que-des-fusillades-dans-le-quartier-educateurs-de-rue-a-rennes-ils-racontent-leur-quotidien-aupres-des-jeunes","status":"publish","type":"post","link":"https:\/\/www.europesays.com\/fr\/503913\/","title":{"rendered":"\u00ab\u00a0Il n\u2019y a pas que des fusillades dans le quartier\u00a0\u00bb\u00a0: \u00e9ducateurs de rue \u00e0 Rennes, ils racontent leur quotidien aupr\u00e8s des jeunes"},"content":{"rendered":"<p>\u00ab\u00a0Y\u2019a plein de trucs chouettes \u00e0 Maurepas, il n\u2019y a pas que des fusillades.\u00a0\u00bb Avec enthousiasme, Cathy et Florent \u00e9voquent leurs sept ann\u00e9es pass\u00e9es comme \u00e9ducateurs au Relais SEA 35, aupr\u00e8s des jeunes de 10 \u00e0 21 ans, \u00e0 Maurepas, au nord-est Rennes. Un nom forc\u00e9ment associ\u00e9 aux multiples r\u00e8glements de compte qui y ont eu lieu, ces derniers mois, sur fond de narcotrafic. Ce ph\u00e9nom\u00e8ne, ils le connaissent bien, pour y assister aux premi\u00e8res loges.<\/p>\n<p>Sur les 248 jeunes qui ont \u00e9t\u00e9 en contact avec l\u2019association cette ann\u00e9e, difficile de dire combien participent au deal. \u00ab\u00a0Cela repr\u00e9sente peut-\u00eatre 10\u00a0% de notre public. Certains font \u00e7a un temps puis arr\u00eatent, recommencent\u2026, estime Florent. Notre but est justement d\u2019\u00e9viter qu\u2019ils ne tombent l\u00e0-dedans, de les aider \u00e0 en sortir, si c\u2019est encore possible. \ufeffOn est l\u00e0 pour discuter, pour composer avec la r\u00e9alit\u00e9. On essaye de tirer les jeunes vers le haut.\u00a0\u00bb<\/p>\n<p>Pas des indics<\/p>\n<p>Dans leur travail au quotidien, les \u00e9ducateurs vont \u00e0 la rencontre des jeunes qui occupent l\u2019espace public. Ils commencent par \u00e9changer quelques mots pour les conna\u00eetre. Puis, si le courant passe, ils peuvent leur proposer de participer \u00e0 des activit\u00e9s de loisirs\u00a0: futsal, escalade, patinoire. \u00ab\u00a0Ces \u00e9tapes pass\u00e9es, on peut commencer \u00e0 co-construire un projet \u00e9ducatif. On les met en contact avec des associations, on les accompagne pour qu\u2019ils trouvent un stage ou on les aide \u00e0 r\u00e9diger leur CV\u2026 Notre but est de construire une relation de confiance d\u2019abord avec eux mais aussi avec leur famille. Leur libre adh\u00e9sion est un principe fondamental de notre intervention\u00a0\u00bb.<\/p>\n<p>Autres principes\u00a0: les \u00e9ducateurs sont comp\u00e9tents sur un territoire et ne sont missionn\u00e9s par personne. Ni les juges, ni les services sociaux. Et ils ne diffusent aucune information \u00e0 l\u2019ext\u00e9rieur. \u00ab\u00a0Tout est bas\u00e9 sur la confiance, souffle Cathy. Quand on conna\u00eet les parents, qu\u2019on accueille les petits fr\u00e8res, on ne retire pas notre pr\u00e9sence. Notre relation avec les jeunes ne se termine pas avec une condamnation judiciaire. Le jeune est puni. Il paye sa dette \u00e0 la soci\u00e9t\u00e9. On peut aller le visiter en prison. \u00c7a reste un jeune qui a besoin de soutien. Notre stabilit\u00e9 et notre engagement permettent de tisser de r\u00e9els liens de confiance.\u00a0\u00bb<\/p>\n<p>Pour accomplir leur mission, les \u00e9ducateurs s\u2019appuient sur la vie du quartier. \u00ab\u00a0Il y a \u00e9norm\u00e9ment d\u2019associations, c\u2019est tr\u00e8s dynamique.\u00a0\u00bb Et les deux professionnels qui appartiennent \u00e0 une \u00e9quipe de cinq, de citer\u00a0: la f\u00eate du jeu et de la parentalit\u00e9, l\u2019espace ressource \u00ab\u00a0le Clair d\u00e9tour\u00a0\u00bb pour les plus de 16 ans, le Sunset pour les plus jeunes, l\u2019implication des Cadets de Bretagne et du Cercle Paul-Bert\u2026 Et puis, tout ce que Le Relais organise lui-m\u00eame.<\/p>\n<p>\u00ab\u00a0\u00c9viter que l\u2019ennui ne les pousse \u00e0 faire des b\u00eatises\u00a0\u00bb<\/p>\n<p>\u00ab\u00a0On a mis en place, avec nos partenaires, un tournoi d\u2019e-sport qui s\u2019appelle Time to play, on fait des courses de caisses \u00e0 savon\u2026 Aux prochaines vacances de No\u00ebl, on emm\u00e8ne un petit groupe de jeunes visiter le march\u00e9 de No\u00ebl et le Parlement europ\u00e9en de Strasbourg\u2026 Et puis, il y a les chantiers que l\u2019on propose aux jeunes toute l\u2019ann\u00e9e. Contre r\u00e9mun\u00e9ration, s\u2019ils le souhaitent, ils peuvent faire de la peinture, du jardinage, de la menuiserie. Le but, c\u2019est de leur redonner go\u00fbt au travail, de leur faire d\u00e9couvrir de nouvelles choses de les raccrocher \u00e0 des associations, des \u00e9coles, des boulots. D\u2019\u00e9viter que l\u2019ennui ne les pousse \u00e0 faire des b\u00eatises.\u00a0\u00bb<\/p>\n<p>Convaincus de leur utilit\u00e9, les deux \u00e9ducateurs sourient. Ce jour-l\u00e0, ils viennent d\u2019accueillir Enzo, un jeune homme de 21 ans, v\u00eatu d\u2019une chemise blanche impeccablement repass\u00e9e. \u00ab\u00a0On l\u2019a suivi pendant de longues ann\u00e9es, se souvient Cathy. Il a eu un parcours migratoire et une vie tr\u00e8s difficile mais il a r\u00e9ussi \u00e0 int\u00e9grer l\u2019arm\u00e9e, il y a quelques mois. Il travaille, aujourd\u2019hui, dans le sud de la France.\u00a0\u00bb Sap\u00e9 comme jamais, resplendissant au bras de sa petite amie, Enzo passe, cet apr\u00e8s-midi-l\u00e0, juste pour saluer ses \u00e9ducateurs. Leur dire \u00ab\u00a0merci \u00bb.<\/p>\n","protected":false},"excerpt":{"rendered":"\u00ab\u00a0Y\u2019a plein de trucs chouettes \u00e0 Maurepas, il n\u2019y a pas que des fusillades.\u00a0\u00bb Avec enthousiasme, Cathy et&hellip;\n","protected":false},"author":2,"featured_media":503914,"comment_status":"","ping_status":"","sticky":false,"template":"","format":"standard","meta":{"footnotes":""},"categories":[2821],"tags":[1111,11,829,765,1777,674,118,3383,1011,27,12,584,25],"class_list":{"0":"post-503913","1":"post","2":"type-post","3":"status-publish","4":"format-standard","5":"has-post-thumbnail","7":"category-rennes","8":"tag-actu","9":"tag-actualites","10":"tag-bretagne","11":"tag-en-continu","12":"tag-eu","13":"tag-europe","14":"tag-faits-divers","15":"tag-faits-divers-a-rennes","16":"tag-fr","17":"tag-france","18":"tag-news","19":"tag-rennes","20":"tag-republique-francaise"},"share_on_mastodon":{"url":"https:\/\/pubeurope.com\/@fr\/115472974779167241","error":""},"_links":{"self":[{"href":"https:\/\/www.europesays.com\/fr\/wp-json\/wp\/v2\/posts\/503913","targetHints":{"allow":["GET"]}}],"collection":[{"href":"https:\/\/www.europesays.com\/fr\/wp-json\/wp\/v2\/posts"}],"about":[{"href":"https:\/\/www.europesays.com\/fr\/wp-json\/wp\/v2\/types\/post"}],"author":[{"embeddable":true,"href":"https:\/\/www.europesays.com\/fr\/wp-json\/wp\/v2\/users\/2"}],"replies":[{"embeddable":true,"href":"https:\/\/www.europesays.com\/fr\/wp-json\/wp\/v2\/comments?post=503913"}],"version-history":[{"count":0,"href":"https:\/\/www.europesays.com\/fr\/wp-json\/wp\/v2\/posts\/503913\/revisions"}],"wp:featuredmedia":[{"embeddable":true,"href":"https:\/\/www.europesays.com\/fr\/wp-json\/wp\/v2\/media\/503914"}],"wp:attachment":[{"href":"https:\/\/www.europesays.com\/fr\/wp-json\/wp\/v2\/media?parent=503913"}],"wp:term":[{"taxonomy":"category","embeddable":true,"href":"https:\/\/www.europesays.com\/fr\/wp-json\/wp\/v2\/categories?post=503913"},{"taxonomy":"post_tag","embeddable":true,"href":"https:\/\/www.europesays.com\/fr\/wp-json\/wp\/v2\/tags?post=503913"}],"curies":[{"name":"wp","href":"https:\/\/api.w.org\/{rel}","templated":true}]}}