{"id":503915,"date":"2025-11-01T06:16:00","date_gmt":"2025-11-01T06:16:00","guid":{"rendered":"https:\/\/www.europesays.com\/fr\/503915\/"},"modified":"2025-11-01T06:16:00","modified_gmt":"2025-11-01T06:16:00","slug":"impressionnant-deploiement-de-pompiers-pour-un-incendie-dans-le-centre-ville-2","status":"publish","type":"post","link":"https:\/\/www.europesays.com\/fr\/503915\/","title":{"rendered":"Impressionnant d\u00e9ploiement de pompiers pour un incendie dans le centre-ville"},"content":{"rendered":"<p>C\u2019est une r\u00e9ponse \u00e0 ceux qui craignaient que <a href=\"https:\/\/www.20minutes.fr\/rennes\/3308923-20220616-rennes-pompiers-font-cartons-disent-revoir-saint-georges-centre-ville\" class=\"c-link c-link--is-underlined\" rel=\"nofollow noopener\" target=\"_blank\">le d\u00e9m\u00e9nagement de la caserne Saint-Georges<\/a> ne ralentisse <a href=\"https:\/\/www.20minutes.fr\/rennes\/3309495-20220616-rennes-demenagement-caserne-saint-georges-va-rallonger-arrivee-pompiers\" class=\"c-link c-link--is-underlined\" rel=\"nofollow noopener\" target=\"_blank\">l\u2019action des pompiers dans le centre-ville<\/a> de Rennes. Ce vendredi matin, les soldats du feu sont arriv\u00e9s tr\u00e8s vite sur la place Pasteur pour ma\u00eetriser un important incendie qui avait d\u00e9marr\u00e9 dans un immeuble surplombant la Vilaine. \u00ab\u00a0Notre intervention rapide a permis de limiter le feu aux trois appartements. La propagation \u00e0 la toiture a aussi \u00e9t\u00e9 limit\u00e9e gr\u00e2ce \u00e0 l\u2019action des sapeurs-pompiers\u00a0\u00bb, explique le capitaine Fabien Guinard.<\/p>\n<p>Le commandant des op\u00e9rations pr\u00e9cise qu\u2019il n\u2019y a \u00ab\u00a0aucune victime\u00a0\u00bb et que les occupants de l\u2019immeuble avaient \u00e9vacu\u00e9 avant leur arriv\u00e9e.<\/p>\n<p class=\"mb-xxl@xs color-ultramarine font-weight-semi-bold@xs font-source-serif-pro heading-s@xs\">L\u2019acc\u00e8s \u00e0 ce contenu a \u00e9t\u00e9 bloqu\u00e9 afin de respecter votre choix de consentement<\/p>\n<p class=\"mb-m@xs text-l@xs\">En cliquant sur\u00ab J\u2019accepte \u00bb, vous acceptez le d\u00e9p\u00f4t de cookies par des services externes et aurez ainsi acc\u00e8s aux contenus de nos partenaires.<\/p>\n<p class=\"mb-xl@xs text-s@xs\">Plus d\u2019informations sur la page<a href=\"https:\/\/www.20minutes.fr\/gestion-cookies\" class=\"mx-xxs@xs color-ultramarine\" rel=\"nofollow noopener\" target=\"_blank\">Politique de gestion des cookies<\/a><\/p>\n<p>J\u2019accepte<\/p>\n<p>Le d\u00e9ploiement \u00e9tait en tout cas impressionnant d\u00e8s 5h30 en plein c\u0153ur de <a href=\"https:\/\/www.20minutes.fr\/rennes\/\" class=\"c-link c-link--is-underlined\" rel=\"nofollow noopener\" target=\"_blank\">Rennes <\/a>(Ille-et-Vilaine). Une soixantaine de pompiers \u00e9taient pr\u00e9sents sur l\u2019op\u00e9ration. Une quinzaine de v\u00e9hicules du Service d\u00e9partemental d\u2019incendie et de secours (Sdis 35) \u00e9taient stationn\u00e9s au pied de l\u2019immeuble.<\/p>\n<p>La circulation paralys\u00e9e<\/p>\n<p>Au total, trois appartements ont \u00e9t\u00e9 touch\u00e9s par le sinistre. L\u2019origine du feu reste pour l\u2019heure inconnue. L\u2019incendie se serait d\u00e9clar\u00e9 \u00e0 l\u2019\u00e9tage d\u2019un appartement en duplex situ\u00e9 sous les combles.<\/p>\n<p><img decoding=\"async\" alt=\"Un important incendie s'est d\u00e9clar\u00e9 ce vendredi 31 octobre 2025 place Pasteur \u00e0 Rennes. Les pompiers sont intervenus en nombre pour le ma\u00eetriser.\" class=\"c-img\" loading=\"lazy\" fetchpriority=\"auto\" width=\"718\"  src=\"https:\/\/img.20mn.fr\/JfTw19ZuQOOAiTXfmkNxfSk\/718x0\" \/>Un important incendie s&rsquo;est d\u00e9clar\u00e9 ce vendredi 31 octobre 2025 place Pasteur \u00e0 Rennes. Les pompiers sont intervenus en nombre pour le ma\u00eetriser.\u2002-\u00a0C. Allain\/20 Minutes<\/p>\n<p>La circulation a \u00e9t\u00e9 coup\u00e9e sur l\u2019intersection et le pont enjambant la Vilaine. Elle devrait le rester toute la matin\u00e9e, le temps pour les pompiers de s\u00e9curiser la zone. Un drone a \u00e9t\u00e9 utilis\u00e9 pour survoler le b\u00e2timent. A 9h30, des pompiers \u00e9taient toujours pr\u00e9sents dans les combles pour v\u00e9rifier que l\u2019incendie avait bien \u00e9t\u00e9 \u00e9teint.<\/p>\n","protected":false},"excerpt":{"rendered":"C\u2019est une r\u00e9ponse \u00e0 ceux qui craignaient que le d\u00e9m\u00e9nagement de la caserne Saint-Georges ne ralentisse l\u2019action des&hellip;\n","protected":false},"author":2,"featured_media":503916,"comment_status":"","ping_status":"","sticky":false,"template":"","format":"standard","meta":{"footnotes":""},"categories":[2821],"tags":[1111,47,11,829,1777,674,118,7641,1312,1011,27,848,1310,12,1311,584,25,7009],"class_list":{"0":"post-503915","1":"post","2":"type-post","3":"status-publish","4":"format-standard","5":"has-post-thumbnail","7":"category-rennes","8":"tag-actu","9":"tag-actualite","10":"tag-actualites","11":"tag-bretagne","12":"tag-eu","13":"tag-europe","14":"tag-faits-divers","15":"tag-faits-divers-rennes","16":"tag-feu","17":"tag-fr","18":"tag-france","19":"tag-ille-et-vilaine","20":"tag-incendie","21":"tag-news","22":"tag-pompiers","23":"tag-rennes","24":"tag-republique-francaise","25":"tag-vilaine"},"share_on_mastodon":{"url":"https:\/\/pubeurope.com\/@fr\/115472983850034228","error":""},"_links":{"self":[{"href":"https:\/\/www.europesays.com\/fr\/wp-json\/wp\/v2\/posts\/503915","targetHints":{"allow":["GET"]}}],"collection":[{"href":"https:\/\/www.europesays.com\/fr\/wp-json\/wp\/v2\/posts"}],"about":[{"href":"https:\/\/www.europesays.com\/fr\/wp-json\/wp\/v2\/types\/post"}],"author":[{"embeddable":true,"href":"https:\/\/www.europesays.com\/fr\/wp-json\/wp\/v2\/users\/2"}],"replies":[{"embeddable":true,"href":"https:\/\/www.europesays.com\/fr\/wp-json\/wp\/v2\/comments?post=503915"}],"version-history":[{"count":0,"href":"https:\/\/www.europesays.com\/fr\/wp-json\/wp\/v2\/posts\/503915\/revisions"}],"wp:featuredmedia":[{"embeddable":true,"href":"https:\/\/www.europesays.com\/fr\/wp-json\/wp\/v2\/media\/503916"}],"wp:attachment":[{"href":"https:\/\/www.europesays.com\/fr\/wp-json\/wp\/v2\/media?parent=503915"}],"wp:term":[{"taxonomy":"category","embeddable":true,"href":"https:\/\/www.europesays.com\/fr\/wp-json\/wp\/v2\/categories?post=503915"},{"taxonomy":"post_tag","embeddable":true,"href":"https:\/\/www.europesays.com\/fr\/wp-json\/wp\/v2\/tags?post=503915"}],"curies":[{"name":"wp","href":"https:\/\/api.w.org\/{rel}","templated":true}]}}