{"id":503919,"date":"2025-11-01T06:18:13","date_gmt":"2025-11-01T06:18:13","guid":{"rendered":"https:\/\/www.europesays.com\/fr\/503919\/"},"modified":"2025-11-01T06:18:13","modified_gmt":"2025-11-01T06:18:13","slug":"volotea-va-ouvrir-une-nouvelle-ligne-depuis-strasbourg-vers-une-ville-mythique-berceau-de-la-renaissance","status":"publish","type":"post","link":"https:\/\/www.europesays.com\/fr\/503919\/","title":{"rendered":"Volotea va ouvrir une nouvelle ligne depuis Strasbourg vers une ville mythique, berceau de la Renaissance"},"content":{"rendered":"<p>            Par<br \/>\n        <strong><br \/>\n            <a href=\"https:\/\/actu.fr\/auteur\/thomas-blanc\" title=\"Consulter tous les articles de Thomas Blanc\" rel=\"nofollow noopener\" target=\"_blank\">Thomas Blanc<\/a><br \/>\n        <\/strong><\/p>\n<p>        Publi\u00e9 le<\/p>\n<p>            1 nov. 2025 \u00e0 7h04        <\/p>\n<p><a href=\"https:\/\/actu.fr\/tag\/volotea\" rel=\"nofollow noopener\" target=\"_blank\">Volotea<\/a> propose d\u00e9j\u00e0 <strong>26 destinations<\/strong> depuis l\u2019<a href=\"https:\/\/actu.fr\/tag\/aeroport-de-strasbourg\" rel=\"nofollow noopener\" target=\"_blank\">a\u00e9roport de Strasbourg Entzheim<\/a>, une 27e va venir s\u2019ajouter \u00e0 la liste. En 2026, elle en proposera une nouvelle et c\u2019est <strong>vers le sud que d\u00e9colleront ces avions<\/strong>. Voici o\u00f9 vous pourrez bient\u00f4t voyager depuis <a href=\"https:\/\/actu.fr\/strasbourg\/\" rel=\"nofollow noopener\" target=\"_blank\">Strasbourg<\/a>.<\/p>\n<p>Volotea lancera dans un an une ligne vers Florence depuis Strasbourg<\/p>\n<p class=\" wall-content\">L\u2019Alsace sera donc bient\u00f4t reli\u00e9e \u00e0 la Toscane puisque Volotea ouvrira le <strong>23 septembre 2026 une ligne vers Florence, berceau de la Renaissance<\/strong>. La liaison en direction de la cit\u00e9 du nord de l\u2019<a href=\"https:\/\/actu.fr\/tag\/italie\" rel=\"nofollow noopener\" target=\"_blank\">Italie<\/a> se fera <strong>deux fois par semaine<\/strong>, les mercredis et dimanches.<\/p>\n<p class=\" wall-content\">Les r\u00e9servations sont <strong>d\u2019ores et d\u00e9j\u00e0 ouvertes<\/strong> sur le site de la compagnie.\u00a0<\/p>\n<p>Une destination de plus en Italie<\/p>\n<p class=\" wall-content\">Depuis Strasbourg, il est d\u00e9j\u00e0 possible de se rendre <strong>\u00e0 Milan et Naples<\/strong> en Italie avec <a href=\"https:\/\/actu.fr\/tag\/easy-jet\" rel=\"nofollow noopener\" target=\"_blank\">easyJet<\/a> et \u00e0 <strong>Palerme et Rome<\/strong> avec Volotea, compagnie la plus pr\u00e9sente sur l\u2019a\u00e9roport bas-rhinois.<\/p>\n<p class=\" wall-content\">Personnalisez votre actualit\u00e9 en ajoutant vos villes et m\u00e9dias en favori avec <a href=\"https:\/\/moncompte.actu.fr\" title=\"D\u00e9couvez Mon Actu\" rel=\"nofollow noopener\" data-trk=\"{&quot;cta&quot;:{&quot;action&quot;:&quot;https:\\\/\\\/moncompte.actu.fr&quot;,&quot;category&quot;:&quot;mon compte&quot;,&quot;from&quot;:&quot;article footer&quot;,&quot;name&quot;:&quot;Mon actu&quot;,&quot;type&quot;:&quot;cta&quot;}}\" target=\"_blank\">Mon Actu<\/a>.<\/p>\n","protected":false},"excerpt":{"rendered":"Par Thomas Blanc Publi\u00e9 le 1 nov. 2025 \u00e0 7h04 Volotea propose d\u00e9j\u00e0 26 destinations depuis l\u2019a\u00e9roport de&hellip;\n","protected":false},"author":2,"featured_media":503920,"comment_status":"","ping_status":"","sticky":false,"template":"","format":"standard","meta":{"footnotes":""},"categories":[2820],"tags":[1111,11,30491,1777,674,1011,27,775,1305,12,25,640,11756,586],"class_list":{"0":"post-503919","1":"post","2":"type-post","3":"status-publish","4":"format-standard","5":"has-post-thumbnail","7":"category-strasbourg","8":"tag-actu","9":"tag-actualites","10":"tag-aeroport-de-strasbourg","11":"tag-eu","12":"tag-europe","13":"tag-fr","14":"tag-france","15":"tag-grand-est","16":"tag-lifestyle","17":"tag-news","18":"tag-republique-francaise","19":"tag-strasbourg","20":"tag-volotea","21":"tag-voyage"},"share_on_mastodon":{"url":"https:\/\/pubeurope.com\/@fr\/115472990458557266","error":""},"_links":{"self":[{"href":"https:\/\/www.europesays.com\/fr\/wp-json\/wp\/v2\/posts\/503919","targetHints":{"allow":["GET"]}}],"collection":[{"href":"https:\/\/www.europesays.com\/fr\/wp-json\/wp\/v2\/posts"}],"about":[{"href":"https:\/\/www.europesays.com\/fr\/wp-json\/wp\/v2\/types\/post"}],"author":[{"embeddable":true,"href":"https:\/\/www.europesays.com\/fr\/wp-json\/wp\/v2\/users\/2"}],"replies":[{"embeddable":true,"href":"https:\/\/www.europesays.com\/fr\/wp-json\/wp\/v2\/comments?post=503919"}],"version-history":[{"count":0,"href":"https:\/\/www.europesays.com\/fr\/wp-json\/wp\/v2\/posts\/503919\/revisions"}],"wp:featuredmedia":[{"embeddable":true,"href":"https:\/\/www.europesays.com\/fr\/wp-json\/wp\/v2\/media\/503920"}],"wp:attachment":[{"href":"https:\/\/www.europesays.com\/fr\/wp-json\/wp\/v2\/media?parent=503919"}],"wp:term":[{"taxonomy":"category","embeddable":true,"href":"https:\/\/www.europesays.com\/fr\/wp-json\/wp\/v2\/categories?post=503919"},{"taxonomy":"post_tag","embeddable":true,"href":"https:\/\/www.europesays.com\/fr\/wp-json\/wp\/v2\/tags?post=503919"}],"curies":[{"name":"wp","href":"https:\/\/api.w.org\/{rel}","templated":true}]}}