{"id":50392,"date":"2025-04-24T23:47:08","date_gmt":"2025-04-24T23:47:08","guid":{"rendered":"https:\/\/www.europesays.com\/fr\/50392\/"},"modified":"2025-04-24T23:47:08","modified_gmt":"2025-04-24T23:47:08","slug":"previsions-du-vendredi-25-avril-2025-3","status":"publish","type":"post","link":"https:\/\/www.europesays.com\/fr\/50392\/","title":{"rendered":"pr\u00e9visions du vendredi 25 avril 2025"},"content":{"rendered":"<p>Aujourd&rsquo;hui, encore des nuages dans le ciel qui emp\u00eachent le soleil d&rsquo;appara\u00eetre \u00e0 Strasbourg. Les temp\u00e9ratures avoisineront les 11\u00b0C. De petites averses rythmeront cette matin\u00e9e. Il fera 11\u00b0C en moyenne. Une brise de nord-ouest soufflera doucement. Dans l&rsquo;apr\u00e8s-midi, des pluies \u00e9parses sont attendues. Les valeurs afficheront entre 11 et 12\u00b0C. Le soir, les temp\u00e9ratures s&rsquo;\u00e9chelonneront entre 9 et 10\u00b0C. Un ciel d\u00e9pourvu de nuages est \u00e0 pr\u00e9voir dans la nuit reliant vendredi et samedi.<\/p>\n<p>Demain, \u00e0 Strasbourg, des nuages ne voudront pas laisser leur place au soleil. Une m\u00e9t\u00e9o plus chaude est pr\u00e9vue \u00e9tant donn\u00e9 que les temp\u00e9ratures vont conna\u00eetre une hausse. Les valeurs seront comprises entre 7 et 16\u00b0C. Un petit vent de nord-est sera ressenti par les habitants. Le soleil peinera \u00e0 percer au milieu des nuages qui perdureront dans la matin\u00e9e. Les temp\u00e9ratures afficheront entre 9\u00b0C et 12\u00b0C. Les nuages en pr\u00e9vision demain apr\u00e8s-midi, et un ciel encore gris. Des pluies \u00e9parses vont tomber sur la ville. En revanche, les temp\u00e9ratures vont monter de quelques degr\u00e9s. Les maximales iront jusqu&rsquo;\u00e0 16\u00b0C et les minimales seront de 14\u00b0C. Les valeurs s&rsquo;\u00e9chelonneront de 11 \u00e0 13\u00b0C sur l&rsquo;ensemble de la soir\u00e9e.<\/p>\n<p>Le temps des journ\u00e9es suivantes va s&rsquo;am\u00e9liorer. Le temps sera ensoleill\u00e9 avec des temp\u00e9ratures avoisinant 14\u00b0C.<\/p>\n<p><\/p>\n","protected":false},"excerpt":{"rendered":"Aujourd&rsquo;hui, encore des nuages dans le ciel qui emp\u00eachent le soleil d&rsquo;appara\u00eetre \u00e0 Strasbourg. Les temp\u00e9ratures avoisineront les&hellip;\n","protected":false},"author":2,"featured_media":50393,"comment_status":"","ping_status":"","sticky":false,"template":"","format":"standard","meta":{"footnotes":""},"categories":[2820],"tags":[1111,11,2389,2649,1777,674,1011,27,775,12,2119,25,640],"class_list":{"0":"post-50392","1":"post","2":"type-post","3":"status-publish","4":"format-standard","5":"has-post-thumbnail","7":"category-strasbourg","8":"tag-actu","9":"tag-actualites","10":"tag-alsace","11":"tag-bas-rhin","12":"tag-eu","13":"tag-europe","14":"tag-fr","15":"tag-france","16":"tag-grand-est","17":"tag-news","18":"tag-previsions-meteo","19":"tag-republique-francaise","20":"tag-strasbourg"},"share_on_mastodon":{"url":"https:\/\/pubeurope.com\/@fr\/114395614084489943","error":""},"_links":{"self":[{"href":"https:\/\/www.europesays.com\/fr\/wp-json\/wp\/v2\/posts\/50392","targetHints":{"allow":["GET"]}}],"collection":[{"href":"https:\/\/www.europesays.com\/fr\/wp-json\/wp\/v2\/posts"}],"about":[{"href":"https:\/\/www.europesays.com\/fr\/wp-json\/wp\/v2\/types\/post"}],"author":[{"embeddable":true,"href":"https:\/\/www.europesays.com\/fr\/wp-json\/wp\/v2\/users\/2"}],"replies":[{"embeddable":true,"href":"https:\/\/www.europesays.com\/fr\/wp-json\/wp\/v2\/comments?post=50392"}],"version-history":[{"count":0,"href":"https:\/\/www.europesays.com\/fr\/wp-json\/wp\/v2\/posts\/50392\/revisions"}],"wp:featuredmedia":[{"embeddable":true,"href":"https:\/\/www.europesays.com\/fr\/wp-json\/wp\/v2\/media\/50393"}],"wp:attachment":[{"href":"https:\/\/www.europesays.com\/fr\/wp-json\/wp\/v2\/media?parent=50392"}],"wp:term":[{"taxonomy":"category","embeddable":true,"href":"https:\/\/www.europesays.com\/fr\/wp-json\/wp\/v2\/categories?post=50392"},{"taxonomy":"post_tag","embeddable":true,"href":"https:\/\/www.europesays.com\/fr\/wp-json\/wp\/v2\/tags?post=50392"}],"curies":[{"name":"wp","href":"https:\/\/api.w.org\/{rel}","templated":true}]}}