{"id":503925,"date":"2025-11-01T06:21:18","date_gmt":"2025-11-01T06:21:18","guid":{"rendered":"https:\/\/www.europesays.com\/fr\/503925\/"},"modified":"2025-11-01T06:21:18","modified_gmt":"2025-11-01T06:21:18","slug":"a-nantes-le-fleuriste-kex-est-le-premier-influenfleur-de-france-et-cartonne-sur-instagram","status":"publish","type":"post","link":"https:\/\/www.europesays.com\/fr\/503925\/","title":{"rendered":"\u00c0 Nantes, le fleuriste Kex est \u00ab\u00a0le premier influenfleur de France\u00a0\u00bb et cartonne sur Instagram"},"content":{"rendered":"<p>            Par<br \/>\n        <strong><br \/>\n            <a href=\"https:\/\/actu.fr\/auteur\/clemence-pays02-actu-fr\" title=\"Consulter tous les articles de Cl\u00e9mence Pays\" target=\"_blank\" rel=\"noopener\">Cl\u00e9mence Pays<\/a><br \/>\n        <\/strong><\/p>\n<p>        Publi\u00e9 le<\/p>\n<p>            1 nov. 2025 \u00e0 6h50        <\/p>\n<p>Il pleut sur <a href=\"https:\/\/actu.fr\/nantes\/\" target=\"_blank\" rel=\"noopener\">Nantes<\/a>, en ce mercredi apr\u00e8s-midi 29\u00a0octobre. Le ciel et les rues sont gris. Place des Tonneliers, dans le quartier Saint-Joseph de Porterie, il faut se tourner vers <strong>Le Studio de Kex<\/strong> pour redonner des couleurs \u00e0 cette journ\u00e9e monotone. Sur le trottoir, plantes vertes et fleurs habillent la devanture. \u00c0 l\u2019int\u00e9rieur, la chienne Dolly accueille les clients avec une petite l\u00e9chouille sur la main, signe qu\u2019ils sont les bienvenus. Et Kex, propri\u00e9taire des lieux, lui embo\u00eete le pas, sourire aux l\u00e8vres. Cela fait d\u00e9sormais quatre ans qu\u2019il conseille les clients, trie sur le volet les fournisseurs et compose des bouquets \u00e0 la demande. Une aventure qui a d\u00e9marr\u00e9 <strong>sur un coup de t\u00eate. <\/strong><strong>\u00ab\u2009Je ne voulais pas \u00eatre \u00e0 mon compte\u2009\u00bb,<\/strong> se souvient le fleuriste.<\/p>\n<p>6m2 de bonheur durant le confinement<\/p>\n<p class=\" wall-content\">Une fois sa <strong>double licence d\u2019anglais et d\u2019italien<\/strong> en poche, Kex part vivre \u00e0 Sienne durant sept mois. De retour en France, il \u00ab\u2009ne savai [t] pas quoi faire\u2009\u00bb.<\/p>\n<p class=\" wall-content\">C\u2019est finalement vers <strong>l\u2019h\u00f4tellerie et la restauration<\/strong> qu\u2019il se tourne, dans l\u2019espoir de pouvoir mettre ses comp\u00e9tences linguistiques \u00e0 profit.<strong> \u00ab\u2009\u00c7a a \u00e9t\u00e9 affreux\u2009!\u2009\u00bb<\/strong> Face \u00e0 une direction peu sensible au bien-\u00eatre de ses employ\u00e9s, Kex se retrouve \u00ab\u2009d\u00e9truit\u2009\u00bb psychologiquement.<\/p>\n<p class=\" wall-content\">Vient alors le premier confinement. \u00ab\u2009J\u2019ai ador\u00e9 personnellement\u2009\u00bb, sourit le Nantais. Durant cette p\u00e9riode d\u2019isolement, il r\u00e9fl\u00e9chit et <strong>se recentre.<\/strong><\/p>\n<blockquote class=\"ac-article-quote wall-content\">\n<p>J&rsquo;ai pass\u00e9 le confinement sur ma terrasse de 6m2 entour\u00e9 de plantes et de fleurs. Je mettais des \u00e9tag\u00e8res pour ajouter encore plus de plantes.<\/p>\n<p>    <strong>Kex<\/strong><br \/>\n        Fleuriste \u00e0 Nantes    <\/p><\/blockquote>\n<p class=\" wall-content\">Une petite<strong> r\u00e9v\u00e9lation<\/strong> pour le jeune homme. \u00ab\u2009En ao\u00fbt, j\u2019ai d\u00e9missionn\u00e9 et appel\u00e9 une \u00e9cole. Ils m\u2019ont dit que si je trouvais une alternance, ils me prendraient pour la rentr\u00e9e de septembre.\u2009\u00bb Ni une ni deux, Kex trouve rapidement un professionnel aupr\u00e8s de qui se former et commence sa <strong>formation professionnelle d\u2019un an.<\/strong><\/p>\n<p>Le choix des fournisseurs locaux<\/p>\n<p class=\" wall-content\">Alors qu\u2019il s\u2019imagine plut\u00f4t salari\u00e9 que patron, le commer\u00e7ant regarde par curiosit\u00e9 les disponibilit\u00e9s des cellules commerciales. \u00ab\u2009J\u2019ai vu l\u2019annonce pour ce local un mardi soir. Le samedi je le visitais et<strong> j\u2019ai sign\u00e9 le compromis avant d\u2019avoir mon dipl\u00f4me\u2009<\/strong>!\u2009\u00bb<\/p>\n<p>Votre r\u00e9gion, votre actu !<\/p>\n<p>Recevez chaque jour les infos qui comptent pour vous.<\/p>\n<p>\t<a href=\"https:\/\/actu.fr\/newsletter\" class=\"ac-btn ac-btn--corner ac-btn--medium ac-btn--blue800\" target=\"_blank\" rel=\"noopener\">S&rsquo;incrire<\/a><\/p>\n<p class=\" wall-content\">En l\u2019espace de trois mois, Kex s\u2019est finalement retrouv\u00e9 \u00e0 son compte \u00ab\u2009sur une intuition\u2009\u00bb. <strong>\u00ab\u2009Cela fait quatre ans que je ne veux pas \u00eatre l\u00e0, mais que j\u2019adore ce que je fais\u2009\u00bb,<\/strong> s\u2019amuse celui qui n\u2019\u00e9changerait pour rien au monde sa place.<\/p>\n<p>    <img   decoding=\"async\" loading=\"lazy\" src=\"https:\/\/www.europesays.com\/fr\/wp-content\/uploads\/2025\/11\/dolly-chien-le-studio-de-kex-nantes-960x640.jpg\" alt=\"Dolly accueille les clients du Studio de Kex.\" width=\"960\" height=\"640\"\/><br \/>\n    Dolly accueille les clients du Studio de Kex. (\u00a9Cl\u00e9mence Pays\/actu Nantes)<\/p>\n<p class=\" wall-content\">Seul aux commandes, le jeune homme a pu <strong>fa\u00e7onner sa boutique \u00e0 son image.<\/strong> \u00ab\u2009Le v\u00e9lo, les petites tables \u00e0 droite \u00e0 gauche, ce sont des objets chin\u00e9s dans la famille\u2009\u00bb, montre Kex. Du sol au plafond, il y a des plantes. \u00ab\u2009Il y a un esprit jungle et en m\u00eame temps tr\u00e8s carr\u00e9. Comme dans ma t\u00eate\u2009: parfois c\u2019est le bordel (sic), d\u2019autre fois c\u2019est bien organis\u00e9\u2009\u00bb, analyse-t-il avec humour.<\/p>\n<blockquote class=\"ac-article-quote wall-content\">\n<p>Quand on entre dans ma boutique, on entre dans ma t\u00eate.<\/p>\n<p>    <strong>Kex<\/strong><br \/>\n        Fleuriste \u00e0 Nantes    <\/p><\/blockquote>\n<p class=\" wall-content\">Et c\u00f4t\u00e9 produit, Kex s\u2019att\u00e8le \u00e0 trouver des <strong>fournisseurs de qualit\u00e9.<\/strong> \u00ab\u2009Cela demande un certain temps de recherche\u2009\u00bb, admet-il. Qu\u2019importe, il pr\u00e9f\u00e8re travailler avec \u00ab\u2009des fournisseurs locaux, des fermes florales et des producteurs fran\u00e7ais\u2009\u00bb.<\/p>\n<p>Mariages, Toussaint, No\u00ebl\u2026<\/p>\n<p class=\" wall-content\">En plus de conseiller les clients qui franchissent le seuil du Studio de Kex, en qu\u00eate d\u2019un bouquet \u00e0 offrir ou d\u2019une plante d\u2019int\u00e9rieur, le fleuriste propose \u00e9galement ses services pour des \u00e9v\u00e9nements. \u00ab\u2009Tous les ans, j\u2019ai de plus en plus de demandes pour <strong>les mariages.<\/strong> Un tiers de mon agenda est d\u00e9j\u00e0 rempli pour l\u2019ann\u00e9e prochaine\u2009\u00bb, remarque Kex.<\/p>\n<blockquote class=\"ac-article-quote wall-content\">\n<p>L&rsquo;\u00e9v\u00e9nementiel, c&rsquo;est ce que je d\u00e9teste le plus et ce que je pr\u00e9f\u00e8re en m\u00eame temps !<\/p>\n<p>    <strong>Kex<\/strong><br \/>\n        Fleuriste \u00e0 Nantes    <\/p><\/blockquote>\n<p class=\" wall-content\">\u00ab\u2009C\u2019est <strong>beaucoup de stress,<\/strong> d\u2019aller-retour sur les devis, de gestion des commandes\u2026 Jusqu\u2019au jour de l\u2019installation, o\u00f9 on se l\u00e8ve \u00e0 5h. Et apr\u00e8s, quand tout est install\u00e9, les mari\u00e9s nous disent que c\u2019est trop beau, alors on est trop contents\u2009!\u2009\u00bb<\/p>\n<p class=\" wall-content\">Et \u00e7a, c\u2019est \u00ab\u2009d\u2019avril \u00e0 octobre\u2009\u00bb pour la p\u00e9riode la plus charg\u00e9e. S\u2019il est seul dans son magasin, Kex peut compter sur <strong>son mari<\/strong> pour l\u2019\u00e9pauler. \u00ab\u2009Antoine g\u00e8re la compta, l\u2019administratif. Le samedi, il vient m\u2019aider sur les mariages, les livraisons. <strong>C\u2019est l\u2019homme de l\u2019ombre\u2009\u00bb,<\/strong> souligne avec tendresse le Nantais.<\/p>\n<p>    <img   decoding=\"async\" loading=\"lazy\" src=\"https:\/\/www.europesays.com\/fr\/wp-content\/uploads\/2025\/11\/le-studio-de-kex-fleuriste-nantes-fleurs-bouquets-commercant-commerce-960x640.jpg\" alt=\"En plus des compositions qu'il cr\u00e9\u00e9 en boutique, Kex r\u00e9pond aux commandes \u00e9v\u00e9nementielles, comme les mariages.\" width=\"960\" height=\"640\"\/><br \/>\n    En plus des compositions qu\u2019il cr\u00e9e en boutique, Kex r\u00e9pond aux commandes \u00e9v\u00e9nementielles, comme les mariages. (\u00a9Cl\u00e9mence Pays\/actu Nantes)<\/p>\n<p class=\" wall-content\">En hiver, l\u2019activit\u00e9 ne retombe toutefois pas. \u00c0 la Toussaint, ce sont les commandes de chrysanth\u00e8mes. Puis arrivent <strong>les f\u00eates de fin d\u2019ann\u00e9e\u2009:<\/strong> \u00ab\u2009C\u2019est une grosse p\u00e9riode. On fait les devantures des boutiques de Saint-Jo et \u00e0 Nantes aussi.\u2009\u00bb Sans oublier, les id\u00e9es de cadeaux \u00e0 mettre en avant et les d\u00e9corations, comme les centres de tables. \u00ab\u2009On se creuse la t\u00eate\u2009!\u2009\u00bb<\/p>\n<p>Coulisses et tutos sur les r\u00e9seaux sociaux<\/p>\n<p class=\" wall-content\">En parall\u00e8le, d\u00e8s ses d\u00e9buts, Kex a partag\u00e9 son aventure sur <a href=\"https:\/\/actu.fr\/tag\/instagram\" target=\"_blank\" rel=\"noopener\">Instagram<\/a>. \u00ab\u2009Je ne m\u2019attendais \u00e0 rien. Je me disais que c\u2019\u00e9tait sympa pour la famille et les amis.\u2009\u00bb Il alimente son compte de mani\u00e8re al\u00e9atoire. <strong>\u00ab\u2009Et tout a explos\u00e9 d\u2019un seul coup.\u2009\u00bb<\/strong><\/p>\n<blockquote class=\"ac-article-quote wall-content\">\n<p>Il y a eu une semaine o\u00f9 \u00e7a a explos\u00e9. Je me couchais avec 2 000 abonn\u00e9s, je me r\u00e9veillais avec 4 000.<\/p>\n<p>    <strong>Kex<\/strong><br \/>\n        Fleuriste \u00e0 Nantes    <\/p><\/blockquote>\n<p class=\" wall-content\">Jusqu\u2019\u00e0 <strong>d\u00e9passer la barre des 10\u2009000 abonn\u00e9s.<\/strong> Depuis, le fleuriste montre les coulisses du m\u00e9tier et de la boutique. \u00ab\u2009Je prends en compte les r\u00e9flexions des clients, pour expliquer les choses. Ils adorent.\u2009\u00bb Tutos et conseils sont aussi partag\u00e9s.<\/p>\n<p class=\" wall-content\"><a href=\"https:\/\/www.instagram.com\/p\/DILRCWENS88\/embed\" title=\"Ouvrir le lien sur Instagram\" target=\"_blank\" rel=\"noopener\">Visualiser le contenu sur Instagram<\/a><\/p>\n<p class=\" wall-content\">Le fleuriste s\u2019est donc nomm\u00e9<strong> \u00ab\u2009premier influenfleur de France\u2009\u00bb.<\/strong> \u00ab\u2009Je faisais un live et \u00e0 un moment j\u2019ai dit que j\u2019\u00e9tais un influenfleur. \u00c7a a beaucoup fait rire et c\u2019est rest\u00e9.\u2009\u00bb<\/p>\n<p class=\" wall-content\">Cette notori\u00e9t\u00e9 sur les r\u00e9seaux sociaux attire de nouveaux clients. \u00ab\u2009Il y a des personnes qui font 45\u00a0minutes de route pour venir. <strong>\u00c7a me touche, je suis \u00e9mu.<\/strong> Et je suis content, ils sont tr\u00e8s bienveillants\u2009\u00bb, conclut Kex.<\/p>\n<p><strong>Infos pratiques\u2009:<\/strong><br \/>\nLe Studio de Kex, 5, place des Tonneliers, Nantes. Ouvert du mardi au dimanche.<br \/>\nCompte Instagram <a href=\"https:\/\/www.instagram.com\/kex_fleuriste_nantes\/\" target=\"_blank\" rel=\"noopener\">ici<\/a>\u2009; compte TikTok <a href=\"https:\/\/www.tiktok.com\/@kex.fleuriste.nantes\" target=\"_blank\" rel=\"noopener\">ici<\/a>.<\/p>\n<p class=\" wall-content\">Personnalisez votre actualit\u00e9 en ajoutant vos villes et m\u00e9dias en favori avec <a href=\"https:\/\/moncompte.actu.fr\" title=\"D\u00e9couvez Mon Actu\" rel=\"nofollow noopener\" data-trk=\"{&quot;cta&quot;:{&quot;action&quot;:&quot;https:\\\/\\\/moncompte.actu.fr&quot;,&quot;category&quot;:&quot;mon compte&quot;,&quot;from&quot;:&quot;article footer&quot;,&quot;name&quot;:&quot;Mon actu&quot;,&quot;type&quot;:&quot;cta&quot;}}\" target=\"_blank\">Mon Actu<\/a>.<\/p>\n<p>                    <script async src=\"\/\/www.instagram.com\/embed.js\"><\/script><script async src=\"\/\/www.tiktok.com\/embed.js\"><\/script><\/p>\n","protected":false},"excerpt":{"rendered":"Par Cl\u00e9mence Pays Publi\u00e9 le 1 nov. 2025 \u00e0 6h50 Il pleut sur Nantes, en ce mercredi apr\u00e8s-midi&hellip;\n","protected":false},"author":2,"featured_media":503926,"comment_status":"","ping_status":"","sticky":false,"template":"","format":"standard","meta":{"footnotes":""},"categories":[2818],"tags":[1111,11,33,1777,674,1011,27,2440,766,12,2636,9026,25,2439],"class_list":{"0":"post-503925","1":"post","2":"type-post","3":"status-publish","4":"format-standard","5":"has-post-thumbnail","7":"category-nantes","8":"tag-actu","9":"tag-actualites","10":"tag-economie","11":"tag-eu","12":"tag-europe","13":"tag-fr","14":"tag-france","15":"tag-instagram","16":"tag-nantes","17":"tag-news","18":"tag-pays-de-la-loire","19":"tag-portrait","20":"tag-republique-francaise","21":"tag-tiktok"},"share_on_mastodon":{"url":"https:\/\/pubeurope.com\/@fr\/115473002460476887","error":""},"_links":{"self":[{"href":"https:\/\/www.europesays.com\/fr\/wp-json\/wp\/v2\/posts\/503925","targetHints":{"allow":["GET"]}}],"collection":[{"href":"https:\/\/www.europesays.com\/fr\/wp-json\/wp\/v2\/posts"}],"about":[{"href":"https:\/\/www.europesays.com\/fr\/wp-json\/wp\/v2\/types\/post"}],"author":[{"embeddable":true,"href":"https:\/\/www.europesays.com\/fr\/wp-json\/wp\/v2\/users\/2"}],"replies":[{"embeddable":true,"href":"https:\/\/www.europesays.com\/fr\/wp-json\/wp\/v2\/comments?post=503925"}],"version-history":[{"count":0,"href":"https:\/\/www.europesays.com\/fr\/wp-json\/wp\/v2\/posts\/503925\/revisions"}],"wp:featuredmedia":[{"embeddable":true,"href":"https:\/\/www.europesays.com\/fr\/wp-json\/wp\/v2\/media\/503926"}],"wp:attachment":[{"href":"https:\/\/www.europesays.com\/fr\/wp-json\/wp\/v2\/media?parent=503925"}],"wp:term":[{"taxonomy":"category","embeddable":true,"href":"https:\/\/www.europesays.com\/fr\/wp-json\/wp\/v2\/categories?post=503925"},{"taxonomy":"post_tag","embeddable":true,"href":"https:\/\/www.europesays.com\/fr\/wp-json\/wp\/v2\/tags?post=503925"}],"curies":[{"name":"wp","href":"https:\/\/api.w.org\/{rel}","templated":true}]}}