{"id":503939,"date":"2025-11-01T06:30:22","date_gmt":"2025-11-01T06:30:22","guid":{"rendered":"https:\/\/www.europesays.com\/fr\/503939\/"},"modified":"2025-11-01T06:30:22","modified_gmt":"2025-11-01T06:30:22","slug":"marseille-une-route-a-sens-unique-va-t-elle-vraiment-voir-le-jour-dans-ce-quartier-les-habitants-inquiets","status":"publish","type":"post","link":"https:\/\/www.europesays.com\/fr\/503939\/","title":{"rendered":"Marseille. Une route \u00e0 sens unique va-t-elle vraiment voir le jour dans ce quartier ? Les habitants inquiets"},"content":{"rendered":"<p>            Par<br \/>\n        <strong><br \/>\n            <a href=\"https:\/\/actu.fr\/auteur\/thibault-nadal-actu-fr\" title=\"Consulter tous les articles de Thibault Nadal\" target=\"_blank\" rel=\"noopener\">Thibault Nadal<\/a><br \/>\n        <\/strong><\/p>\n<p>        Publi\u00e9 le<\/p>\n<p>            1 nov. 2025 \u00e0 6h24        <\/p>\n<p>C\u2019est un post <a href=\"https:\/\/www.facebook.com\/actufr.marseille\/?locale=fr_FR\" target=\"_blank\" rel=\"noopener\">Facebook<\/a> qui a <strong>r\u00e9veill\u00e9 de vieux d\u00e9mons que certains pensaient enterrer<\/strong>. \u00c0 la mi-octobre, Anne Meilhac, adjointe \u00e0 la mairie des 6e et 8e arrondissements de <a href=\"https:\/\/actu.fr\/marseille\/\" target=\"_blank\" rel=\"noopener\">Marseille<\/a>, publiait un long message f\u00e9licitant les propositions formul\u00e9es par les habitants dans le cadre du budget participatif. Avant de le supprimer d\u00e8s le lendemain. Mais une phrase a retenu l\u2019attention du CIQ de Bonneveine Vieille-Chapelle. \u00ab\u2009Nous avons <strong>esquiss\u00e9 un r\u00e9am\u00e9nagement qui devra \u00eatre travaill\u00e9 en format \u00e9largi<\/strong>. Nous avons not\u00e9 que la M\u00e9tropole annonce 100\u00a0millions d\u2019euros d\u2019investissement par an pour les am\u00e9nagements cyclables, et vous avez dit\u2009: chiche, vite.\u2009\u00bb<\/p>\n<p class=\" wall-content\">Le tout accompagn\u00e9 d\u2019un dessin sur lequel l\u2019on voit <strong>l\u2019avenue Joseph Vidal<\/strong> coup\u00e9e en deux avec de la v\u00e9g\u00e9tation d\u2019un c\u00f4t\u00e9 et une fl\u00e8che de l\u2019autre indiquant sa mise \u00e0 sens unique.<\/p>\n<p>    <img   decoding=\"async\" loading=\"lazy\" src=\"https:\/\/www.europesays.com\/fr\/wp-content\/uploads\/2025\/11\/design-sans-titre-73-960x640.png\" alt=\"Les posts d'Anne Meilhac, retir\u00e9s depuis.\" width=\"960\" height=\"640\"\/><br \/>\n    Les posts d\u2019Anne Meilhac, retir\u00e9s depuis, avant d\u2019\u00eatre int\u00e9gr\u00e9s dans une vid\u00e9o. (\u00a9Document remis \u00e0 actu Marseille)Le vieux projet de \u00ab\u2009Grande Boucle\u2009\u00bb inqui\u00e8te le CIQ<\/p>\n<p class=\" wall-content\">Il n\u2019en fallait pas moins pour que le Comit\u00e9 d\u2019int\u00e9r\u00eat de quartier \u2013 d\u00e9j\u00e0 alert\u00e9 par des habitants \u2013 r\u00e9agisse, inquiet de voir un vieux projet ressortir du carton\u2009: <strong>celui d\u2019une \u00ab\u2009Grande Boucle\u2009\u00bb<\/strong> dans le quartier de Bonneveine entre l\u2019avenue Joseph Vidal, le boulevard du Sablier et l\u2019avenue des Goumiers.<\/p>\n<p class=\" wall-content\">Pr\u00e9sent\u00e9 en 2022, il avait finalement \u00e9t\u00e9 abandonn\u00e9 par la mairie de secteur face aux nombreuses r\u00e9ticences. Le CIQ d\u00e9non\u00e7ait par exemple <strong>la suppression de places de stationnement au profit de pistes cyclables<\/strong> dans un quartier qui en manque d\u00e9j\u00e0. \u00ab\u2009Les gens n\u2019en veulent pas\u2009\u00bb, indique aupr\u00e8s d\u2019actu Marseille sa pr\u00e9sidente, Christine La Rocca.<\/p>\n<p>    <img   decoding=\"async\" loading=\"lazy\" src=\"https:\/\/www.europesays.com\/fr\/wp-content\/uploads\/2025\/11\/grande-boucle-bonneveine-marseille-960x640.png\" alt=\"\u00c0 Bonneveine (Marseille, 8e), un projet de \" width=\"960\" height=\"640\"\/><br \/>\n    \u00c0 Bonneveine (8e), un projet de \u00ab\u2009Grande Boucle\u2009\u00bb suscite l\u2019opposition depuis plusieurs ann\u00e9es. (\u00a9Capture d\u2019\u00e9cran p\u00e9tition)\u00ab\u2009Il n\u2019y a pas de projet\u2009\u00bb<\/p>\n<p class=\" wall-content\">Alors pour r\u00e9affirmer son opposition, <a href=\"https:\/\/www.change.org\/p\/non-%C3%A0-la-grande-boucle-%C3%A0-sens-unique-%C3%A0-bonneveine-13008-marseille?recruiter=1199096991&amp;recruited_by_id=28216880-a9cd-11eb-b106-b7913933e9ae&amp;utm_source=share_petition&amp;utm_campaign=petition_dashboard&amp;utm_medium=copylink\" target=\"_blank\" rel=\"noopener\">une p\u00e9tition<\/a> a \u00e9t\u00e9 lanc\u00e9e. Ce jeudi 30\u00a0octobre, elle totalise <strong>3000 signatures<\/strong> environ, selon Christine La Rocca.<\/p>\n<p>Votre r\u00e9gion, votre actu !<\/p>\n<p>Recevez chaque jour les infos qui comptent pour vous.<\/p>\n<p>\t<a href=\"https:\/\/actu.fr\/newsletter\" class=\"ac-btn ac-btn--corner ac-btn--medium ac-btn--blue800\" target=\"_blank\" rel=\"noopener\">S&rsquo;incrire<\/a><\/p>\n<p class=\" wall-content\">Elle regrette \u00e9galement un manque de concertation comme sur les travaux de <a href=\"https:\/\/actu.fr\/provence-alpes-cote-d-azur\/marseille_13055\/marseille-ils-denoncent-la-transformation-de-cette-avenue-c-est-un-enfer_62673092.html\" target=\"_blank\" rel=\"noopener\">l\u2019avenue Andr\u00e9 Zenatti<\/a> et de ne pas avoir \u00e9t\u00e9 convi\u00e9e \u00e0 cette r\u00e9union. \u00ab\u2009L\u2019\u00e9v\u00e9nement mentionn\u00e9 par le CIQ \u00e9tait un moment de convivialit\u00e9 <strong>\u00e0 l\u2019initiative d\u2019associations et de riverains<\/strong>\u2009\u00bb, nous fait savoir la mairie de secteur.<\/p>\n<p class=\" wall-content\">La pr\u00e9sidente rappelle que son comit\u00e9 d\u2019int\u00e9r\u00eat de quartier compte plus de <strong>4200 membres<\/strong>, dont certains copropri\u00e9taires de l\u2019avenue Joseph Vidal, et se questionne sur la composition de ce collectif d\u2019habitants mis en avant par la municipalit\u00e9.<\/p>\n<blockquote class=\"ac-article-quote wall-content\">\n<p>Il n\u2019y a pas de projet de boucle \u00e0 sens unique dans le quartier de Bonneveine et aucune \u00e9tude en ce sens n\u2019existe \u00e0 date.<\/p>\n<p>    <strong>Mairie des 6e et 8e arrondissements \u00e0 actu Marseille<\/strong>\n            <\/p><\/blockquote>\n<p>\u00ab\u2009La pol\u00e9mique est close\u2009\u00bb<\/p>\n<p class=\" wall-content\">Sur ce dernier point, Christine La Rocca affirme que des habitants ont vu <strong>des techniciens<\/strong> effectuer des relev\u00e9s et <strong>des rep\u00e8res<\/strong> ont \u00e9t\u00e9 plac\u00e9s \u00e0 diff\u00e9rents endroits de la rue. \u00ab\u2009J\u2019entends la position de la mairie, mais que faisaient-ils ici\u2009?\u2009\u00bb, s\u2019interroge-t-elle.<\/p>\n<p>    <img   decoding=\"async\" loading=\"lazy\" src=\"https:\/\/www.europesays.com\/fr\/wp-content\/uploads\/2025\/11\/design-sans-titre-75-960x640.png\" alt=\"Des traces des relev\u00e9s effectu\u00e9s sur l'avenue Joseph Vidal.\" width=\"960\" height=\"640\"\/><br \/>\n    Des traces des relev\u00e9s effectu\u00e9s sur l\u2019avenue Joseph Vidal. (\u00a9Document remis \u00e0 actu Marseille)<\/p>\n<p class=\" wall-content\">Apr\u00e8s les r\u00e9ponses de la mairie, sa pr\u00e9sidente assure que \u00ab\u2009la pol\u00e9mique est close\u2009\u00bb. Mais le comit\u00e9 d\u2019int\u00e9r\u00eat de quartier dit <strong>\u00ab\u2009rester vigilant\u2009\u00bb sur ce dossier<\/strong>.<\/p>\n<p class=\" wall-content\">Car il se pourrait qu\u2019il ne soit pas termin\u00e9. Dans son retour au CIQ \u2013 que nous avons consult\u00e9, la mairie de secteur indique que ce projet \u00ab\u2009n\u2019existe pas <strong>\u00e0 date<\/strong>\u2009\u00bb. Une formule qui inqui\u00e8te, tout comme le post d\u2019Anne Meilhac.<\/p>\n<p class=\" wall-content\">Communication pr\u00e9matur\u00e9e, erreur ou mauvaise interpr\u00e9tation\u2009? Le dossier semble pour le moment referm\u00e9, mais \u00e0 l\u2019approche des \u00e9lections municipales, il pourrait tr\u00e8s vite ressortir du placard.<\/p>\n<p class=\" wall-content\">Personnalisez votre actualit\u00e9 en ajoutant vos villes et m\u00e9dias en favori avec <a href=\"https:\/\/moncompte.actu.fr\" title=\"D\u00e9couvez Mon Actu\" rel=\"nofollow noopener\" data-trk=\"{&quot;cta&quot;:{&quot;action&quot;:&quot;https:\\\/\\\/moncompte.actu.fr&quot;,&quot;category&quot;:&quot;mon compte&quot;,&quot;from&quot;:&quot;article footer&quot;,&quot;name&quot;:&quot;Mon actu&quot;,&quot;type&quot;:&quot;cta&quot;}}\" target=\"_blank\">Mon Actu<\/a>.<\/p>\n","protected":false},"excerpt":{"rendered":"Par Thibault Nadal Publi\u00e9 le 1 nov. 2025 \u00e0 6h24 C\u2019est un post Facebook qui a r\u00e9veill\u00e9 de&hellip;\n","protected":false},"author":2,"featured_media":503940,"comment_status":"","ping_status":"","sticky":false,"template":"","format":"standard","meta":{"footnotes":""},"categories":[2814],"tags":[1111,11,646,1777,674,1011,27,884,12,4798,882,25,104],"class_list":{"0":"post-503939","1":"post","2":"type-post","3":"status-publish","4":"format-standard","5":"has-post-thumbnail","7":"category-marseille","8":"tag-actu","9":"tag-actualites","10":"tag-automobile","11":"tag-eu","12":"tag-europe","13":"tag-fr","14":"tag-france","15":"tag-marseille","16":"tag-news","17":"tag-pistes-cyclables","18":"tag-provence-alpes-cote-dazur","19":"tag-republique-francaise","20":"tag-societe"},"share_on_mastodon":{"url":"https:\/\/pubeurope.com\/@fr\/115473038224317852","error":""},"_links":{"self":[{"href":"https:\/\/www.europesays.com\/fr\/wp-json\/wp\/v2\/posts\/503939","targetHints":{"allow":["GET"]}}],"collection":[{"href":"https:\/\/www.europesays.com\/fr\/wp-json\/wp\/v2\/posts"}],"about":[{"href":"https:\/\/www.europesays.com\/fr\/wp-json\/wp\/v2\/types\/post"}],"author":[{"embeddable":true,"href":"https:\/\/www.europesays.com\/fr\/wp-json\/wp\/v2\/users\/2"}],"replies":[{"embeddable":true,"href":"https:\/\/www.europesays.com\/fr\/wp-json\/wp\/v2\/comments?post=503939"}],"version-history":[{"count":0,"href":"https:\/\/www.europesays.com\/fr\/wp-json\/wp\/v2\/posts\/503939\/revisions"}],"wp:featuredmedia":[{"embeddable":true,"href":"https:\/\/www.europesays.com\/fr\/wp-json\/wp\/v2\/media\/503940"}],"wp:attachment":[{"href":"https:\/\/www.europesays.com\/fr\/wp-json\/wp\/v2\/media?parent=503939"}],"wp:term":[{"taxonomy":"category","embeddable":true,"href":"https:\/\/www.europesays.com\/fr\/wp-json\/wp\/v2\/categories?post=503939"},{"taxonomy":"post_tag","embeddable":true,"href":"https:\/\/www.europesays.com\/fr\/wp-json\/wp\/v2\/tags?post=503939"}],"curies":[{"name":"wp","href":"https:\/\/api.w.org\/{rel}","templated":true}]}}