{"id":50394,"date":"2025-04-24T23:48:12","date_gmt":"2025-04-24T23:48:12","guid":{"rendered":"https:\/\/www.europesays.com\/fr\/50394\/"},"modified":"2025-04-24T23:48:12","modified_gmt":"2025-04-24T23:48:12","slug":"strasbourg-une-mini-explosion-dans-un-silo-a-bitume-mobilise-60-pompiers-chez-soprema","status":"publish","type":"post","link":"https:\/\/www.europesays.com\/fr\/50394\/","title":{"rendered":"Strasbourg. Une mini-explosion dans un silo \u00e0 bitume mobilise 60 pompiers chez Soprema"},"content":{"rendered":"<p>Un \u00ab\u00a0flash\u00a0\u00bb, une mini-explosion, s\u2019est produit ce jeudi 24\u00a0avril vers 15h45 dans un silo \u00e0 bitume sur le site industriel de l\u2019usine Soprema \u00e0 Strasbourg, dans le quartier du Port-du-Rhin. Les pompiers, qui ont engag\u00e9 30 engins et 60 hommes, ont rapidement ma\u00eetris\u00e9 la situation. Les flammes contenues dans le silo \u00e0 bitume ont \u00e9t\u00e9 circonscrites au moyen d\u2019une lance dop\u00e9e \u00e0 la mousse.<\/p>\n<p>Ce contenu est bloqu\u00e9 car vous n&rsquo;avez pas accept\u00e9 les cookies et autres traceurs.<\/p>\n<p>En cliquant sur \u00ab J\u2019accepte \u00bb, les cookies et autres traceurs seront d\u00e9pos\u00e9s et vous pourrez visualiser les contenus  (<a href=\"\" class=\"consentModule_policy\" target=\"_blank\" title=\"Consulter la politique de protection des donn\u00e9es du fournisseur\">plus d&rsquo;informations<\/a>).<\/p>\n<p>En cliquant sur \u00ab J\u2019accepte tous les cookies \u00bb, vous autorisez des d\u00e9p\u00f4ts de cookies et autres traceurs pour le stockage de vos donn\u00e9es sur nos sites et applications \u00e0 des fins de personnalisation et de ciblage publicitaire.<\/p>\n<p class=\"consentModule_secondaryText\">Vous gardez la possibilit\u00e9 de retirer votre consentement \u00e0 tout moment en consultant notre <a href=\"https:\/\/www.dna.fr\/protection-des-donnees\" target=\"_blank\" title=\"Consulter notre politique de protection des donn\u00e9es\" rel=\"nofollow noopener\">politique de protection des donn\u00e9es<\/a>. <br \/>&#13;<br \/>\n            <a href=\"https:\/\/www.dna.fr\/faits-divers-justice\/2025\/04\/24\/javascript:Didomi.notice.show()\" class=\"consentModule_cmp\" rel=\"nofollow noopener\" target=\"_blank\">G\u00e9rer mes choix<\/a>&#13;\n        <\/p>\n<p>&#13;<br \/>\n                        J&rsquo;accepte&#13;<br \/>\n            J&rsquo;accepte tous les cookies&#13;\n        <\/p>\n<p>Herv\u00e9 Claudon, chef de site et commandant des op\u00e9rations de secours, a \u00e9voqu\u00e9 un \u00ab\u00a0sinistre b\u00e9nin\u00a0\u00bb. Selon Olivier Weimann, directeur responsabilit\u00e9 soci\u00e9tale des entreprises (RSE) pour le groupe <a href=\"https:\/\/www.dna.fr\/economie\/2021\/04\/25\/pierre-etienne-bindschedler-pdg-de-soprema-un-mammouth-cheville-au-coeur\" target=\"_blank\" rel=\"nofollow noopener\">Soprema<\/a> , l\u2019incident n\u2019a fait aucun bless\u00e9. Il n\u2019y aurait aucune incidence sur l\u2019environnement. L\u2019entreprise, qui a d\u00e9clench\u00e9 son plan d\u2019op\u00e9ration interne, pr\u00e9cise que le bitume n\u2019est pas une mati\u00e8re dangereuse. \u00ab\u00a0Il faut maintenant identifier les causes du sinistre\u00a0\u00bb, a ajout\u00e9 Olivier Weimann.<\/p>\n<p>Un autre incident similaire avait d\u00e9j\u00e0 mobilis\u00e9 une troupe de pompiers il y a une quinzaine d\u2019ann\u00e9es.<\/p>\n<p>L\u2019activit\u00e9 de l\u2019usine s\u2019est interrompue le temps de l\u2019op\u00e9ration, soit environ deux heures. En tout, 150 personnes ont \u00e9t\u00e9 \u00e9vacu\u00e9es. Le site industriel a pu reprendre son fonctionnement vers 18h15.<\/p>\n","protected":false},"excerpt":{"rendered":"Un \u00ab\u00a0flash\u00a0\u00bb, une mini-explosion, s\u2019est produit ce jeudi 24\u00a0avril vers 15h45 dans un silo \u00e0 bitume sur le&hellip;\n","protected":false},"author":2,"featured_media":50395,"comment_status":"","ping_status":"","sticky":false,"template":"","format":"standard","meta":{"footnotes":""},"categories":[2820],"tags":[119,1111,11,2880,1777,674,274,107,1011,27,775,12,25,640,2879],"class_list":{"0":"post-50394","1":"post","2":"type-post","3":"status-publish","4":"format-standard","5":"has-post-thumbnail","7":"category-strasbourg","8":"tag-accident","9":"tag-actu","10":"tag-actualites","11":"tag-edition-strasbourg","12":"tag-eu","13":"tag-europe","14":"tag-faits-divers-justice","15":"tag-fil-info","16":"tag-fr","17":"tag-france","18":"tag-grand-est","19":"tag-news","20":"tag-republique-francaise","21":"tag-strasbourg","22":"tag-strasbourg-ville"},"share_on_mastodon":{"url":"https:\/\/pubeurope.com\/@fr\/114395617965177045","error":""},"_links":{"self":[{"href":"https:\/\/www.europesays.com\/fr\/wp-json\/wp\/v2\/posts\/50394","targetHints":{"allow":["GET"]}}],"collection":[{"href":"https:\/\/www.europesays.com\/fr\/wp-json\/wp\/v2\/posts"}],"about":[{"href":"https:\/\/www.europesays.com\/fr\/wp-json\/wp\/v2\/types\/post"}],"author":[{"embeddable":true,"href":"https:\/\/www.europesays.com\/fr\/wp-json\/wp\/v2\/users\/2"}],"replies":[{"embeddable":true,"href":"https:\/\/www.europesays.com\/fr\/wp-json\/wp\/v2\/comments?post=50394"}],"version-history":[{"count":0,"href":"https:\/\/www.europesays.com\/fr\/wp-json\/wp\/v2\/posts\/50394\/revisions"}],"wp:featuredmedia":[{"embeddable":true,"href":"https:\/\/www.europesays.com\/fr\/wp-json\/wp\/v2\/media\/50395"}],"wp:attachment":[{"href":"https:\/\/www.europesays.com\/fr\/wp-json\/wp\/v2\/media?parent=50394"}],"wp:term":[{"taxonomy":"category","embeddable":true,"href":"https:\/\/www.europesays.com\/fr\/wp-json\/wp\/v2\/categories?post=50394"},{"taxonomy":"post_tag","embeddable":true,"href":"https:\/\/www.europesays.com\/fr\/wp-json\/wp\/v2\/tags?post=50394"}],"curies":[{"name":"wp","href":"https:\/\/api.w.org\/{rel}","templated":true}]}}