{"id":503943,"date":"2025-11-01T06:32:09","date_gmt":"2025-11-01T06:32:09","guid":{"rendered":"https:\/\/www.europesays.com\/fr\/503943\/"},"modified":"2025-11-01T06:32:09","modified_gmt":"2025-11-01T06:32:09","slug":"cette-usine-pres-de-lyon-fait-vivre-lenfer-a-ses-voisins","status":"publish","type":"post","link":"https:\/\/www.europesays.com\/fr\/503943\/","title":{"rendered":"cette usine pr\u00e8s de Lyon fait vivre l&rsquo;enfer \u00e0 ses voisins"},"content":{"rendered":"<p>            Par<br \/>\n        <strong><br \/>\n            <a href=\"https:\/\/actu.fr\/auteur\/redaction-lyon\" title=\"Consulter tous les articles de R\u00e9daction Lyon\" rel=\"nofollow noopener\" target=\"_blank\">R\u00e9daction Lyon<\/a><br \/>\n        <\/strong><\/p>\n<p>        Publi\u00e9 le<\/p>\n<p>            1 nov. 2025 \u00e0 7h06        <\/p>\n<p>La cour administrative d\u2019appel de <a href=\"https:\/\/actu.fr\/auvergne-rhone-alpes\/lyon_69123\" rel=\"nofollow noopener\" target=\"_blank\">Lyon<\/a> a examin\u00e9 ce mardi 28 octobre 2025 le recours d\u2019un couple de riverains de D\u00e9cines-Charpieu (Rh\u00f4ne) qui r\u00e9clame la <strong>fermeture imm\u00e9diate de la centrale \u00e0 b\u00e9ton de B\u00e9ton Lyonnais<\/strong>, qu\u2019ils jugent trop polluante.<\/p>\n<p class=\" wall-content\">En mars 1993, la soci\u00e9t\u00e9 B\u00e9ton Lyonnais avait ainsi re\u00e7u de la pr\u00e9fecture du Rh\u00f4ne un \u00ab\u00a0r\u00e9c\u00e9piss\u00e9 pr\u00e9fectoral de d\u00e9claration au titre de la l\u00e9gislation sur les installations class\u00e9es pour la protection de l\u2019environnement\u00a0\u00bb pour l\u2019exploitation de sa \u00ab\u00a0centrale \u00e0 b\u00e9ton\u00a0\u00bb comportant \u00ab\u00a0une installation de broyage, concassage, criblage de produits min\u00e9raux artificiels et emploi de mat\u00e9riel vibrant pour la fabrication de mat\u00e9riaux\u00a0\u00bb,\u00a0sur le lieu-dit La Rubina, \u00e0 D\u00e9cines-Charpieu.<\/p>\n<p>\u00ab\u00a0Emissions de poussi\u00e8res\u00a0\u00bb et des \u00ab\u00a0nuisances sonores\u00a0\u00bb<\/p>\n<p class=\" wall-content\">Trente ans plus tard, Philippe et M\u00e9lissa X., un couple voisin de la centrale, se bat pour obtenir la fermeture de cette installation et la \u00ab\u00a0cessation imm\u00e9diate des travaux, op\u00e9rations, activit\u00e9s et am\u00e9nagements sur le site d\u2019exploitation\u00a0\u00bb.<\/p>\n<p class=\" wall-content\">Ils se plaignent notamment des \u00ab\u00a0\u00e9missions de poussi\u00e8res\u00a0\u00bb et des \u00ab\u00a0nuisances sonores\u00a0\u00bb g\u00e9n\u00e9r\u00e9es par la structure, mais aussi de la \u00ab\u00a0pollution des eaux\u00a0\u00bb : l\u2019entreprise est en fait install\u00e9e <strong>sur une zone de captage d\u2019eau potable<\/strong> de la m\u00e9tropole de Lyon.<\/p>\n<p class=\" wall-content\">En 2019, l\u2019inspection des installations class\u00e9es avait ainsi relev\u00e9 \u00ab\u00a0une \u00e9paisse couche de poussi\u00e8res sur les voies de circulation\u00a0\u00bb et \u00ab\u00a0des nuages de poussi\u00e8res sur l\u2019espace public g\u00e9n\u00e9r\u00e9s par la circulation des camions\u00a0\u00bb.<\/p>\n<p class=\" wall-content\">Une poussi\u00e8re qui, selon le couple de requ\u00e9rants, \u00ab\u00a0s\u2019incruste aux fen\u00eatres de leur habitation\u00a0\u00bb. Philippe et M\u00e9lissa X. vivent aussi avec \u00ab\u00a0les bruits et vibrations caus\u00e9s par le passage des v\u00e9hicules, de travaux bruyants, parfois t\u00f4t le matin, tout pr\u00e8s\u00a0\u00bb de leur habitation.<\/p>\n<p>    <a href=\"https:\/\/www.google.com\/maps\/embed?pb=!1m18!1m12!1m3!1d23719.248727858347!2d4.919025469273379!3d45.774039415403024!2m3!1f0!2f0!3f0!3m2!1i1024!2i768!4f13.1!3m3!1m2!1s0x47f4c0b66b001141%3A0x962db3885099012!2sBeton%20Lyonnais!5e1!3m2!1sfr!2sfr!4v1761926869466!5m2!1sfr!2sfr\" title=\"Ouvrie le lien\" rel=\"nofollow noopener\" target=\"_blank\">Cliquez ici pour visualiser le contenu<\/a><\/p>\n<p>Votre r\u00e9gion, votre actu !<\/p>\n<p>Recevez chaque jour les infos qui comptent pour vous.<\/p>\n<p>\t<a href=\"https:\/\/actu.fr\/newsletter\" class=\"ac-btn ac-btn--corner ac-btn--medium ac-btn--blue800\" rel=\"nofollow noopener\" target=\"_blank\">S&rsquo;incrire<\/a><br \/>\nLeur recours rejet\u00e9 par le tribunal administratif de Lyon<\/p>\n<p class=\" wall-content\">Mais leur recours avait \u00e9t\u00e9 rejet\u00e9 par le tribunal administratif de Lyon en f\u00e9vrier 2023 : Philippe et M\u00e9lissa X. avaient \u00ab\u00a0\u00e9chou\u00e9 \u00e0 d\u00e9montrer que le fonctionnement de l\u2019installation\u00a0\u00bb ne serait pas conforme \u00ab\u00a0aux prescriptions\u00a0\u00bb, selon les premiers juges.<\/p>\n<p class=\" wall-content\">Ils avaient donc fait appel et la r\u00e9gie publique des Eaux du Grand Lyon. Le service d\u2019eau potable de la M\u00e9tropole avait d\u00e9pos\u00e9 une \u00ab\u00a0intervention volontaire\u00a0\u00bb au soutien de leur action.<\/p>\n<p class=\" wall-content\">Probl\u00e8me : selon la rapporteure publique, qui a conclu au rejet de leur requ\u00eate et dont les avis sont souvent suivis par les juges, l\u2019administration ne peut pas \u00ab\u00a0abroger un r\u00e9c\u00e9piss\u00e9 \u00e0 la demande d\u2019un tiers\u00a0\u00bb.<\/p>\n<p class=\" wall-content\">Lors de l\u2019audience ce mardi 28 octobre 2025, elle a malgr\u00e9 tout rappel\u00e9 que la pr\u00e9fecture avait \u00ab\u00a0plusieurs leviers administratifs\u00a0\u00bb pour parvenir \u00e0 ses fins : \u00ab\u00a0la mise en demeure\u00a0\u00bb, puis \u00ab\u00a0l\u2019astreinte\u00a0\u00bb, \u00ab\u00a0la suspension\u00a0\u00bb de l\u2019arr\u00eat\u00e9 d\u2019exploitation, voire \u00ab\u00a0la fermeture et la remise en \u00e9tat du site\u00a0\u00bb.<\/p>\n<p>L\u2019\u00c9tat a d\u00e9j\u00e0 cibl\u00e9 l\u2019usine avec des amendes<\/p>\n<p class=\" wall-content\">L\u2019\u00c9tat avait effectivement \u00e9mis<strong> trois mises en demeure<\/strong> puis des astreintes et des amendes administratives\u2026 mais elles ont toutes \u00e9t\u00e9 \u00ab\u00a0lev\u00e9es\u00a0\u00bb suite \u00e0 l\u2019inspection du site en 2022.<\/p>\n<p class=\" wall-content\">Si les requ\u00e9rants font \u00e9tat de \u00ab\u00a0la pr\u00e9sence d\u2019engins hors service et d\u2019autres mat\u00e9riaux encombrants sur le site de l\u2019installation\u00a0\u00bb, une \u00ab\u00a0\u00e9vacuation de d\u00e9chets \u00e9tait en cours\u00a0\u00bb et la centrale ne portait donc pas \u00ab\u00a0atteinte \u00e0 la nappe phr\u00e9atique\u00a0\u00bb situ\u00e9e en dessous de la centrale, avait-il \u00e9t\u00e9 not\u00e9 par les inspecteurs.<\/p>\n<p class=\" wall-content\">Une situation jug\u00e9e \u00ab\u00a0ubuesque\u00a0\u00bb par\u00a0Me Louise Tschanz, avocate des riverains.\u00a0\u00ab\u00a0Comment croire qu\u2019une <strong>d\u00e9chetterie sauvage<\/strong> continue d\u2019exploiter depuis trente ans avec une activit\u00e9 qui s\u2019\u00e9tend ?\u00a0\u00bb, s\u2019est-elle agac\u00e9e.<\/p>\n<p class=\" wall-content\">Selon elle, cela fait donc pr\u00e9cis\u00e9ment \u00ab\u00a0trente-deux ans\u00a0\u00bb que \u00ab\u00a0B\u00e9ton Lyonnais a r\u00e9ussi \u00e0 esquiver ses obligations\u00a0\u00bb et \u00ab\u00a0se joue du principe de l\u00e9galit\u00e9\u00a0\u00bb \u00e0 travers des \u00ab\u00a0man\u0153uvres ill\u00e9gales\u00a0\u00bb. \u00ab\u00a0Il est temps que \u00e7a s\u2019arr\u00eate\u2026\u00a0Je me demande m\u00eame ce que fait B\u00e9ton Lyonnais de l\u00e9gal aujourd\u2019hui\u00a0\u00bb, a-t-elle grinc\u00e9.<\/p>\n<p class=\" wall-content\">L\u2019usine est install\u00e9e depuis tout ce temps sur une \u00ab\u00a0parcelle agricole\u00a0\u00bb class\u00e9e en zone \u00ab\u00a0non constructible\u00a0\u00bb par le Plan local d\u2019urbanisme (PLU). Une \u00ab\u00a0erreur\u00a0\u00bb, selon la rapporteure publique : le site accueillait d\u00e9j\u00e0 une \u00ab\u00a0chaudronnerie\u00a0\u00bb d\u00e8s 1966, puis une \u00ab\u00a0activit\u00e9 de r\u00e9cup\u00e9ration des d\u00e9chets\u00a0\u00bb.<\/p>\n<p>La soci\u00e9t\u00e9 B\u00e9ton Lyonnais se d\u00e9fend<\/p>\n<p class=\" wall-content\">\u00ab\u00a0B\u00e9ton Lyonnais n\u2019a jamais \u00e9t\u00e9 accus\u00e9 d\u2019une quelconque atteinte \u00e0 l\u2019environnement\u00a0\u00bb, a r\u00e9pliqu\u00e9\u00a0Me Christophe Neyret, l\u2019avocat\u00a0d\u2019Henri Contamin, g\u00e9rant de la soci\u00e9t\u00e9.<\/p>\n<p class=\" wall-content\">Cette derni\u00e8re prend en effet \u00ab\u00a0\u00e0 sa charge le suivi trimestriel des eaux souterraines\u00a0\u00bb et \u00ab\u00a0jamais\u00a0\u00bb une \u00ab\u00a0quelconque pollution\u00a0\u00bb n\u2019a \u00e9t\u00e9 \u00ab\u00a0d\u00e9montr\u00e9e\u00a0\u00bb.<\/p>\n<p class=\" wall-content\">Pour le reste, difficile pour lui de rapporter les \u00ab\u00a0preuves de l\u2019activit\u00e9 du site\u00a0\u00bb depuis son ouverture dans les ann\u00e9es 1990. \u00ab\u00a0Tout ce battage <strong>ne r\u00e9siste pas \u00e0 l\u2019examen<\/strong> du dossier\u00a0\u00bb, consid\u00e8re-t-il \u00e0 propos de cet \u00ab\u00a0acharnement\u00a0\u00bb sur une \u00ab\u00a0petite structure p\u00e8re-fils\u00a0\u00bb.<\/p>\n<p class=\" wall-content\">\u00ab\u00a0Il est temps que cela cesse, il n\u2019y a pas de pollution !\u00a0\u00bb, a-t-il conclu. La cour administrative d\u2019appel de Lyon, qui a mis sa <strong>d\u00e9cision en d\u00e9lib\u00e9r\u00e9<\/strong>, devrait rendre son arr\u00eat dans les prochaines semaines.<\/p>\n<p class=\" wall-content\"><strong>MJ et GF (PressPepper)<\/strong><\/p>\n<p class=\" wall-content\">Personnalisez votre actualit\u00e9 en ajoutant vos villes et m\u00e9dias en favori avec <a href=\"https:\/\/moncompte.actu.fr\" title=\"D\u00e9couvez Mon Actu\" rel=\"nofollow noopener\" data-trk=\"{&quot;cta&quot;:{&quot;action&quot;:&quot;https:\\\/\\\/moncompte.actu.fr&quot;,&quot;category&quot;:&quot;mon compte&quot;,&quot;from&quot;:&quot;article footer&quot;,&quot;name&quot;:&quot;Mon actu&quot;,&quot;type&quot;:&quot;cta&quot;}}\" target=\"_blank\">Mon Actu<\/a>.<\/p>\n","protected":false},"excerpt":{"rendered":"Par R\u00e9daction Lyon Publi\u00e9 le 1 nov. 2025 \u00e0 7h06 La cour administrative d\u2019appel de Lyon a examin\u00e9&hellip;\n","protected":false},"author":2,"featured_media":503944,"comment_status":"","ping_status":"","sticky":false,"template":"","format":"standard","meta":{"footnotes":""},"categories":[1889],"tags":[1111,11,2430,1777,674,1011,27,303,2428,12,1800,25,104],"class_list":{"0":"post-503943","1":"post","2":"type-post","3":"status-publish","4":"format-standard","5":"has-post-thumbnail","7":"category-lyon","8":"tag-actu","9":"tag-actualites","10":"tag-auvergne-rhone-alpes","11":"tag-eu","12":"tag-europe","13":"tag-fr","14":"tag-france","15":"tag-justice","16":"tag-lyon","17":"tag-news","18":"tag-pollution","19":"tag-republique-francaise","20":"tag-societe"},"share_on_mastodon":{"url":"https:\/\/pubeurope.com\/@fr\/115473045513075346","error":""},"_links":{"self":[{"href":"https:\/\/www.europesays.com\/fr\/wp-json\/wp\/v2\/posts\/503943","targetHints":{"allow":["GET"]}}],"collection":[{"href":"https:\/\/www.europesays.com\/fr\/wp-json\/wp\/v2\/posts"}],"about":[{"href":"https:\/\/www.europesays.com\/fr\/wp-json\/wp\/v2\/types\/post"}],"author":[{"embeddable":true,"href":"https:\/\/www.europesays.com\/fr\/wp-json\/wp\/v2\/users\/2"}],"replies":[{"embeddable":true,"href":"https:\/\/www.europesays.com\/fr\/wp-json\/wp\/v2\/comments?post=503943"}],"version-history":[{"count":0,"href":"https:\/\/www.europesays.com\/fr\/wp-json\/wp\/v2\/posts\/503943\/revisions"}],"wp:featuredmedia":[{"embeddable":true,"href":"https:\/\/www.europesays.com\/fr\/wp-json\/wp\/v2\/media\/503944"}],"wp:attachment":[{"href":"https:\/\/www.europesays.com\/fr\/wp-json\/wp\/v2\/media?parent=503943"}],"wp:term":[{"taxonomy":"category","embeddable":true,"href":"https:\/\/www.europesays.com\/fr\/wp-json\/wp\/v2\/categories?post=503943"},{"taxonomy":"post_tag","embeddable":true,"href":"https:\/\/www.europesays.com\/fr\/wp-json\/wp\/v2\/tags?post=503943"}],"curies":[{"name":"wp","href":"https:\/\/api.w.org\/{rel}","templated":true}]}}