{"id":503945,"date":"2025-11-01T06:33:14","date_gmt":"2025-11-01T06:33:14","guid":{"rendered":"https:\/\/www.europesays.com\/fr\/503945\/"},"modified":"2025-11-01T06:33:14","modified_gmt":"2025-11-01T06:33:14","slug":"metropole-de-lyon-le-c5-ne-dessert-plus-le-centre-ville-de-lyon-les-habitants-de-rillieux-la-pape-sadaptent","status":"publish","type":"post","link":"https:\/\/www.europesays.com\/fr\/503945\/","title":{"rendered":"M\u00e9tropole de Lyon. Le C5 ne dessert plus le centre-ville de Lyon, les habitants de\u00a0Rillieux-la-Pape s\u2019adaptent"},"content":{"rendered":"<p>La ligne C5 relie depuis juin dernier, Rillieux-la-Pape \u00e0 Jean-Mac\u00e9. Mais dans le centre-ville de Lyon, les arr\u00eats de Cordeliers \u00e0 Pont Churchill \u2013 Rive Droite ne sont plus desservis.<\/p>\n<p>\u00c0 l\u2019arr\u00eat Rillieux-Semailles, Dounia patiente pour prendre le C5 avant de se rendre dans Lyon\u00a0: \u00ab\u00a0La majorit\u00e9 des arr\u00eats sont toujours desservis et j\u2019ai des amis pour qui c\u2019est arrangeant le changement d\u2019itin\u00e9raire pour aller \u00e0 la fac. Ils descendent au terminus \u00e0 Jean-Mac\u00e9 puis ils prennent le m\u00e9tro B directement. Il n\u2019y a pas besoin de correspondances comme auparavant.\u00a0\u00bb Si cette jeune femme ne per\u00e7oit pas de contraintes avec ce changement d\u2019itin\u00e9raire, elle note un b\u00e9mol\u00a0: \u00ab\u00a0Ce sont des vieux&#8230;<\/p>\n","protected":false},"excerpt":{"rendered":"La ligne C5 relie depuis juin dernier, Rillieux-la-Pape \u00e0 Jean-Mac\u00e9. Mais dans le centre-ville de Lyon, les arr\u00eats&hellip;\n","protected":false},"author":2,"featured_media":503946,"comment_status":"","ping_status":"","sticky":false,"template":"","format":"standard","meta":{"footnotes":""},"categories":[1889],"tags":[1111,11,2430,3153,1777,674,1011,27,2428,12,25,2429,23109,17092,10213,2803],"class_list":{"0":"post-503945","1":"post","2":"type-post","3":"status-publish","4":"format-standard","5":"has-post-thumbnail","7":"category-lyon","8":"tag-actu","9":"tag-actualites","10":"tag-auvergne-rhone-alpes","11":"tag-edition-ouest-lyonnais","12":"tag-eu","13":"tag-europe","14":"tag-fr","15":"tag-france","16":"tag-lyon","17":"tag-news","18":"tag-republique-francaise","19":"tag-rhone","20":"tag-rillieux-bassin","21":"tag-rillieux-la-pape","22":"tag-tcl","23":"tag-transport"},"share_on_mastodon":{"url":"https:\/\/pubeurope.com\/@fr\/115473049388990196","error":""},"_links":{"self":[{"href":"https:\/\/www.europesays.com\/fr\/wp-json\/wp\/v2\/posts\/503945","targetHints":{"allow":["GET"]}}],"collection":[{"href":"https:\/\/www.europesays.com\/fr\/wp-json\/wp\/v2\/posts"}],"about":[{"href":"https:\/\/www.europesays.com\/fr\/wp-json\/wp\/v2\/types\/post"}],"author":[{"embeddable":true,"href":"https:\/\/www.europesays.com\/fr\/wp-json\/wp\/v2\/users\/2"}],"replies":[{"embeddable":true,"href":"https:\/\/www.europesays.com\/fr\/wp-json\/wp\/v2\/comments?post=503945"}],"version-history":[{"count":0,"href":"https:\/\/www.europesays.com\/fr\/wp-json\/wp\/v2\/posts\/503945\/revisions"}],"wp:featuredmedia":[{"embeddable":true,"href":"https:\/\/www.europesays.com\/fr\/wp-json\/wp\/v2\/media\/503946"}],"wp:attachment":[{"href":"https:\/\/www.europesays.com\/fr\/wp-json\/wp\/v2\/media?parent=503945"}],"wp:term":[{"taxonomy":"category","embeddable":true,"href":"https:\/\/www.europesays.com\/fr\/wp-json\/wp\/v2\/categories?post=503945"},{"taxonomy":"post_tag","embeddable":true,"href":"https:\/\/www.europesays.com\/fr\/wp-json\/wp\/v2\/tags?post=503945"}],"curies":[{"name":"wp","href":"https:\/\/api.w.org\/{rel}","templated":true}]}}