{"id":503951,"date":"2025-11-01T06:37:22","date_gmt":"2025-11-01T06:37:22","guid":{"rendered":"https:\/\/www.europesays.com\/fr\/503951\/"},"modified":"2025-11-01T06:37:22","modified_gmt":"2025-11-01T06:37:22","slug":"ou-vivre-a-paris-en-2025-pour-beneficier-de-la-meilleure-scolarite-retrouvez-notre-classement-exclusif","status":"publish","type":"post","link":"https:\/\/www.europesays.com\/fr\/503951\/","title":{"rendered":"O\u00f9 vivre \u00e0 Paris en 2025 pour b\u00e9n\u00e9ficier de la meilleure scolarit\u00e9\u00a0? Retrouvez notre classement exclusif"},"content":{"rendered":"<p class=\"paragraph text_align_left lp-f-body-02\">Si vous \u00eates parents, l\u2019\u00e9ducation de vos enfants fait partie de la liste des crit\u00e8res de votre futur logement au moment de chercher o\u00f9 emm\u00e9nager. Souvent m\u00eame, la question se trouve bien plac\u00e9e dans la liste, quand elle n\u2019est pas tout en haut. \u00c0 <a href=\"https:\/\/www.leparisien.fr\/paris-75\/\" target=\"_self\" rel=\"nofollow noopener\">Paris<\/a>, o\u00f9 l\u2019on compte des \u00e9tablissements r\u00e9put\u00e9s, la question se pose parfois d\u2019autant plus.<\/p>\n<p class=\"paragraph text_align_left lp-f-body-02\">Ce \u00ab choix \u00bb n\u2019est toutefois pas une mince affaire. Dans la capitale, chaque adresse donne acc\u00e8s \u00e0 un coll\u00e8ge en particulier. \u00c0 ces coll\u00e8ges sont associ\u00e9s cinq lyc\u00e9es, plus ou moins loin, pour lequel l\u2019enfant passant en seconde est prioritaire. O\u00f9 vivre alors ? Pour vous aiguiller, Le Parisien vous proposer <a href=\"https:\/\/www.leparisien.fr\/immobilier\/ou-vivre-a-paris-pour-que-vos-enfants-beneficient-de-la-meilleure-scolarite-notre-classement-exclusif-28-04-2024-26UJPYJR2VA4RNCCV7RIUT2FIE.php\" target=\"_self\" rel=\"nofollow noopener\">son nouveau classement des quartiers o\u00f9 vivre \u00e0 Paris<\/a> pour esp\u00e9rer la meilleure scolarit\u00e9 \u00e0 vos enfants dans le public.<\/p>\n","protected":false},"excerpt":{"rendered":"Si vous \u00eates parents, l\u2019\u00e9ducation de vos enfants fait partie de la liste des crit\u00e8res de votre futur&hellip;\n","protected":false},"author":2,"featured_media":503952,"comment_status":"","ping_status":"","sticky":false,"template":"","format":"standard","meta":{"footnotes":""},"categories":[1888],"tags":[1111,1928,11,1927,1777,674,1011,27,1944,12,1926,626,1925,25,104],"class_list":{"0":"post-503951","1":"post","2":"type-post","3":"status-publish","4":"format-standard","5":"has-post-thumbnail","7":"category-paris","8":"tag-actu","9":"tag-actu-paris","10":"tag-actualites","11":"tag-actualites-paris","12":"tag-eu","13":"tag-europe","14":"tag-fr","15":"tag-france","16":"tag-ma-ville","17":"tag-news","18":"tag-news-paris","19":"tag-paris","20":"tag-paris-news","21":"tag-republique-francaise","22":"tag-societe"},"share_on_mastodon":{"url":"https:\/\/pubeurope.com\/@fr\/115473065235814066","error":""},"_links":{"self":[{"href":"https:\/\/www.europesays.com\/fr\/wp-json\/wp\/v2\/posts\/503951","targetHints":{"allow":["GET"]}}],"collection":[{"href":"https:\/\/www.europesays.com\/fr\/wp-json\/wp\/v2\/posts"}],"about":[{"href":"https:\/\/www.europesays.com\/fr\/wp-json\/wp\/v2\/types\/post"}],"author":[{"embeddable":true,"href":"https:\/\/www.europesays.com\/fr\/wp-json\/wp\/v2\/users\/2"}],"replies":[{"embeddable":true,"href":"https:\/\/www.europesays.com\/fr\/wp-json\/wp\/v2\/comments?post=503951"}],"version-history":[{"count":0,"href":"https:\/\/www.europesays.com\/fr\/wp-json\/wp\/v2\/posts\/503951\/revisions"}],"wp:featuredmedia":[{"embeddable":true,"href":"https:\/\/www.europesays.com\/fr\/wp-json\/wp\/v2\/media\/503952"}],"wp:attachment":[{"href":"https:\/\/www.europesays.com\/fr\/wp-json\/wp\/v2\/media?parent=503951"}],"wp:term":[{"taxonomy":"category","embeddable":true,"href":"https:\/\/www.europesays.com\/fr\/wp-json\/wp\/v2\/categories?post=503951"},{"taxonomy":"post_tag","embeddable":true,"href":"https:\/\/www.europesays.com\/fr\/wp-json\/wp\/v2\/tags?post=503951"}],"curies":[{"name":"wp","href":"https:\/\/api.w.org\/{rel}","templated":true}]}}