{"id":503953,"date":"2025-11-01T06:38:17","date_gmt":"2025-11-01T06:38:17","guid":{"rendered":"https:\/\/www.europesays.com\/fr\/503953\/"},"modified":"2025-11-01T06:38:17","modified_gmt":"2025-11-01T06:38:17","slug":"jeune-femme-morte-brulee-a-stains-en-2022-18-ans-de-prison-pour-le-compagnon-de-la-victime","status":"publish","type":"post","link":"https:\/\/www.europesays.com\/fr\/503953\/","title":{"rendered":"Jeune femme morte br\u00fbl\u00e9e \u00e0 Stains en 2022\u00a0: 18\u00a0ans de prison pour le compagnon de la victime"},"content":{"rendered":"<p class=\"paragraph text_align_left lp-f-body-02\">Vingt-six ans. C\u2019est l\u2019\u00e2ge de la victime au jour de son d\u00e9c\u00e8s, lorsqu\u2019elle a \u00e9t\u00e9 br\u00fbl\u00e9e, asperg\u00e9e d\u2019essence sur le parking du cimeti\u00e8re de Stains. Et c\u2019est exactement le nombre d\u2019ann\u00e9es de r\u00e9clusion qu\u2019a requis l\u2019avocat g\u00e9n\u00e9ral, Th\u00e9o Lemettre, ce vendredi, \u00e0 l\u2019encontre de Yann S. L\u2019accus\u00e9 \u00e9tait <a href=\"https:\/\/www.leparisien.fr\/seine-saint-denis-93\/jai-tout-fait-pour-la-sauver-juge-pour-avoir-brule-sa-compagne-a-stains-laccuse-plaide-laccident-28-10-2025-5XXY3WBQ2FF2RKGA7K2AWFXDJU.php\" target=\"_blank\" rel=\"noreferrer nofollow noopener\">jug\u00e9 pour meurtre sur conjoint<\/a> par la cour d\u2019assises de Seine-Saint-Denis, \u00e0 Bobigny, depuis mardi. Le magistrat a estim\u00e9 que le jeune homme, qui avait 22 ans lors de <a href=\"https:\/\/www.leparisien.fr\/seine-saint-denis-93\/seine-saint-denis-une-femme-retrouvee-nue-et-brulee-a-stains-son-compagnon-interpelle-18-10-2022-UIXBL6KBIFDYJPFXUO7BQR2QUQ.php\" target=\"_blank\" rel=\"noreferrer nofollow noopener\">cette tragique nuit d\u2019octobre<\/a>, avait bien l\u2019intention de tuer sa compagne, Johanna.<\/p>\n<p class=\"paragraph text_align_left lp-f-body-02\">L\u2019intention de tuer, c\u2019est pr\u00e9cis\u00e9ment ce qui a fait d\u00e9bat tout au long de l\u2019audience du jour. Les avocates de Yann S. estiment que \u00ab dans ce dossier, le doute transpire de partout \u00bb, ainsi que l\u2019a plaid\u00e9 Me Albane Sciaraffa en demandant aux jur\u00e9s d\u2019acquitter son client. \u00ab Le doute transpire aussi des r\u00e9quisitions de l\u2019avocat g\u00e9n\u00e9ral \u00bb, a-t-elle insist\u00e9.<\/p>\n","protected":false},"excerpt":{"rendered":"Vingt-six ans. C\u2019est l\u2019\u00e2ge de la victime au jour de son d\u00e9c\u00e8s, lorsqu\u2019elle a \u00e9t\u00e9 br\u00fbl\u00e9e, asperg\u00e9e d\u2019essence&hellip;\n","protected":false},"author":2,"featured_media":503954,"comment_status":"","ping_status":"","sticky":false,"template":"","format":"standard","meta":{"footnotes":""},"categories":[1888],"tags":[11,1777,674,1011,27,1944,12,626,25,1945],"class_list":{"0":"post-503953","1":"post","2":"type-post","3":"status-publish","4":"format-standard","5":"has-post-thumbnail","7":"category-paris","8":"tag-actualites","9":"tag-eu","10":"tag-europe","11":"tag-fr","12":"tag-france","13":"tag-ma-ville","14":"tag-news","15":"tag-paris","16":"tag-republique-francaise","17":"tag-seine-saint-denis"},"share_on_mastodon":{"url":"https:\/\/pubeurope.com\/@fr\/115473069276281756","error":""},"_links":{"self":[{"href":"https:\/\/www.europesays.com\/fr\/wp-json\/wp\/v2\/posts\/503953","targetHints":{"allow":["GET"]}}],"collection":[{"href":"https:\/\/www.europesays.com\/fr\/wp-json\/wp\/v2\/posts"}],"about":[{"href":"https:\/\/www.europesays.com\/fr\/wp-json\/wp\/v2\/types\/post"}],"author":[{"embeddable":true,"href":"https:\/\/www.europesays.com\/fr\/wp-json\/wp\/v2\/users\/2"}],"replies":[{"embeddable":true,"href":"https:\/\/www.europesays.com\/fr\/wp-json\/wp\/v2\/comments?post=503953"}],"version-history":[{"count":0,"href":"https:\/\/www.europesays.com\/fr\/wp-json\/wp\/v2\/posts\/503953\/revisions"}],"wp:featuredmedia":[{"embeddable":true,"href":"https:\/\/www.europesays.com\/fr\/wp-json\/wp\/v2\/media\/503954"}],"wp:attachment":[{"href":"https:\/\/www.europesays.com\/fr\/wp-json\/wp\/v2\/media?parent=503953"}],"wp:term":[{"taxonomy":"category","embeddable":true,"href":"https:\/\/www.europesays.com\/fr\/wp-json\/wp\/v2\/categories?post=503953"},{"taxonomy":"post_tag","embeddable":true,"href":"https:\/\/www.europesays.com\/fr\/wp-json\/wp\/v2\/tags?post=503953"}],"curies":[{"name":"wp","href":"https:\/\/api.w.org\/{rel}","templated":true}]}}