{"id":503959,"date":"2025-11-01T06:41:12","date_gmt":"2025-11-01T06:41:12","guid":{"rendered":"https:\/\/www.europesays.com\/fr\/503959\/"},"modified":"2025-11-01T06:41:12","modified_gmt":"2025-11-01T06:41:12","slug":"thoissey-un-reporter-et-realisateur-organise-une-exposition-sur-lukraine","status":"publish","type":"post","link":"https:\/\/www.europesays.com\/fr\/503959\/","title":{"rendered":"Thoissey. Un reporter et r\u00e9alisateur\u00a0organise une exposition sur l\u2019Ukraine"},"content":{"rendered":"<p>Il vit \u00e0 Jytomyr pr\u00e8s de Kiev et continue, cam\u00e9ra \u00e0 l\u2019\u00e9paule, de t\u00e9moigner d\u2019un pays en guerre. Le reporter et r\u00e9alisateur Jacky Lebas fera escale \u00e0 Thoissey du 4 au 7\u00a0novembre, invit\u00e9 par la commune pour une semaine culturelle exceptionnelle plac\u00e9e sous le signe de la m\u00e9moire et de l\u2019humanit\u00e9.<\/p>\n<p>\u00c0 travers ses films Retour d\u2019Ukraine et Ukraine, la Terre oubli\u00e9e , le cin\u00e9aste propose un double regard\u00a0: celui d\u2019un homme immerg\u00e9 dans la vie quotidienne des Ukrainiens depuis <a href=\"https:\/\/www.leprogres.fr\/france-monde\/ukraine\" target=\"_blank\" rel=\"nofollow noopener\">l\u2019invasion russe<\/a> , et celui d\u2019un amoureux d\u2019un pays dont il veut rappeler la beaut\u00e9 d\u2019avant la guerre. \u00ab Je ne montre aucune image de violence, pr\u00e9cise-t-il, mais la peine et la r\u00e9silience de ce peuple\u00a0\u00bb, confie-t-il.<\/p>\n<p>  Voir autrement ce pays meurtri<\/p>\n<p>L\u2019exposition photo, compos\u00e9e d\u2019une cinquantaine de clich\u00e9s, accompagnera les projections. Jacky Lebas sera pr\u00e9sent chaque jour pour \u00e9changer avec le public et commenter son travail. Ces images, r\u00e9alis\u00e9es depuis 2021, racontent les visages, les regards et les lieux d\u2019un pays qui lutte pour sa survie.<\/p>\n<p>N\u00e9 \u00e0 Landes-sur-Ajon, dans le Calvados, l\u2019homme a consacr\u00e9 sa vie au cin\u00e9ma\u00a0: op\u00e9rateur, directeur de salles, r\u00e9alisateur de nombreux documentaires ( Visa pour la Roumanie , La Terre des traditions , Le Dernier paradis \u2026), il s\u2019est install\u00e9 en Ukraine en 2019 pour y tourner un film sur la vie culturelle du pays. L\u2019invasion de 2022 a boulevers\u00e9 son projet, il a choisi de rester pour t\u00e9moigner. \u00ab\u00a0Pendant que la France oublie <a href=\"https:\/\/www.leprogres.fr\/defense-guerre-conflit\/2025\/10\/04\/plusieurs-blesses-dans-une-attaque-de-drone-russe-sur-une-gare-annonce-zelensky\" target=\"_blank\" rel=\"nofollow noopener\"> l\u2019Ukraine<\/a> , une guerre mondiale est en sommeil\u00a0\u00bb, affirme-t-il.<\/p>\n<p>\u00ab Ma mission est d\u2019informer et de porter la parole d\u2019un peuple debout face \u00e0 la deuxi\u00e8me arm\u00e9e du monde.\u00a0\u00bb Au-del\u00e0 des chiffres et des images m\u00e9diatiques, sa d\u00e9marche invite \u00e0 voir autrement ce pays meurtri\u00a0: un peuple de visages, de familles, de traditions, de musique et d\u2019esp\u00e9rance.<\/p>\n<p class=\"note\">Semaine culturelle De la belle Ukraine \u00e0 la guerre, salle des f\u00eates, rue de la Grande Mademoiselle.<\/p>\n<p>Du 4 au 7\u00a0novembre. Mardi 4\u00a0novembre\u00a0: 18\u00a0heures, exposition photo et d\u00e9dicace, 19\u00a0heures cin\u00e9 conf\u00e9rence Retour d\u2019Ukraine , mercredi\u00a05 et jeudi 6\u00a0novembre\u00a0: 17\u00a0h\u00a030 \u00e0 19\u00a0heures, exposition et d\u00e9dicaces, vendredi 7\u00a0novembre, 18\u00a0heures exposition, 19\u00a0heures cin\u00e9 conf\u00e9rence Ukraine, la Terre oubli\u00e9e. Entr\u00e9e libre.<\/p>\n","protected":false},"excerpt":{"rendered":"Il vit \u00e0 Jytomyr pr\u00e8s de Kiev et continue, cam\u00e9ra \u00e0 l\u2019\u00e9paule, de t\u00e9moigner d\u2019un pays en guerre.&hellip;\n","protected":false},"author":2,"featured_media":503960,"comment_status":"","ping_status":"","sticky":false,"template":"","format":"standard","meta":{"footnotes":""},"categories":[1590],"tags":[11,6751,1777,674,12,104,2205,62612,20714,220],"class_list":{"0":"post-503959","1":"post","2":"type-post","3":"status-publish","4":"format-standard","5":"has-post-thumbnail","7":"category-ukraine","8":"tag-actualites","9":"tag-edition-ain-ouest","10":"tag-eu","11":"tag-europe","12":"tag-news","13":"tag-societe","14":"tag-television-medias","15":"tag-thoissey","16":"tag-thoissey-bassin","17":"tag-ukraine"},"share_on_mastodon":{"url":"https:\/\/pubeurope.com\/@fr\/115473080888522876","error":""},"_links":{"self":[{"href":"https:\/\/www.europesays.com\/fr\/wp-json\/wp\/v2\/posts\/503959","targetHints":{"allow":["GET"]}}],"collection":[{"href":"https:\/\/www.europesays.com\/fr\/wp-json\/wp\/v2\/posts"}],"about":[{"href":"https:\/\/www.europesays.com\/fr\/wp-json\/wp\/v2\/types\/post"}],"author":[{"embeddable":true,"href":"https:\/\/www.europesays.com\/fr\/wp-json\/wp\/v2\/users\/2"}],"replies":[{"embeddable":true,"href":"https:\/\/www.europesays.com\/fr\/wp-json\/wp\/v2\/comments?post=503959"}],"version-history":[{"count":0,"href":"https:\/\/www.europesays.com\/fr\/wp-json\/wp\/v2\/posts\/503959\/revisions"}],"wp:featuredmedia":[{"embeddable":true,"href":"https:\/\/www.europesays.com\/fr\/wp-json\/wp\/v2\/media\/503960"}],"wp:attachment":[{"href":"https:\/\/www.europesays.com\/fr\/wp-json\/wp\/v2\/media?parent=503959"}],"wp:term":[{"taxonomy":"category","embeddable":true,"href":"https:\/\/www.europesays.com\/fr\/wp-json\/wp\/v2\/categories?post=503959"},{"taxonomy":"post_tag","embeddable":true,"href":"https:\/\/www.europesays.com\/fr\/wp-json\/wp\/v2\/tags?post=503959"}],"curies":[{"name":"wp","href":"https:\/\/api.w.org\/{rel}","templated":true}]}}