{"id":503977,"date":"2025-11-01T06:52:12","date_gmt":"2025-11-01T06:52:12","guid":{"rendered":"https:\/\/www.europesays.com\/fr\/503977\/"},"modified":"2025-11-01T06:52:12","modified_gmt":"2025-11-01T06:52:12","slug":"top-14-avec-13-absents-parmi-les-avants-cest-chaud-devant-pour-toulouse","status":"publish","type":"post","link":"https:\/\/www.europesays.com\/fr\/503977\/","title":{"rendered":"Top 14 \u2013 Avec 13 absents parmi les avants, c\u2019est chaud devant pour Toulouse"},"content":{"rendered":"<p>\n                Entre les internationaux prot\u00e9g\u00e9s et les bless\u00e9s, le pack toulousain sera Priv\u00e9 de treize joueurs pour d\u00e9fier le coleader parisien, qui a justement retrouv\u00e9 des vertus sur la conqu\u00eate.\n            <\/p>\n<p>Dimanche, en cl\u00f4ture de la 8e journ\u00e9e contre Toulon, le paquet d\u2019avants toulousains a livr\u00e9 une d\u00e9monstration. Dominateur dans tous les secteurs, \u00e0 commencer par la conqu\u00eate, il fut d\u00e9cisif dans le large succ\u00e8s des Rouge et Noir (59-24). Auteur d\u2019un tripl\u00e9, Juan Cruz Mallia \u2013 positionn\u00e9 \u00e0 l\u2019aile pour son retour sur les pelouses du championnat de France \u2013 n\u2019avait d\u2019ailleurs pas manqu\u00e9 d\u2019exprimer sa gratitude\u00a0: \u00ab\u00a0Il faut f\u00e9liciter les \u00ab\u00a0gros\u00a0\u00bb parce qu\u2019ils ont fait un match incroyable, sur la m\u00eal\u00e9e, les ballons port\u00e9s,\u00a0etc. C\u2019\u00e9tait vraiment plus simple pour nous derri\u00e8re, de jouer avec un pack qui avance et gagne la ligne d\u2019avantage. Je veux les remercier.\u00a0\u00bb<\/p>\n<p>Le hic\u00a0? Il est que, parmi les quatorze avants plac\u00e9s sur la feuille de match face au RCT, sept ne seront pas l\u00e0 pour d\u2019affronter le Stade fran\u00e7ais samedi soir. Julien Marchand, Guillaume Cramont, Dorian Aldegheri, Thibaud Flament, Emmanuel Meafou et Anthony Jelonch font partie de la liste des joueurs fran\u00e7ais prot\u00e9g\u00e9s en vue du duel contre les Springboks le week-end suivant. Puis, George-Henri Colombe (cervicales) et Th\u00e9o Ntamack (cheville), touch\u00e9s au Stadium, sont forfaits. En ajoutant les autres bless\u00e9s (Mauvaka, Mallez, Merkler, Brennan, Cros et Banos), pas moins de treize membres de l\u2019effectif professionnel manquent \u00e0 l\u2019appel devant.<\/p>\n<p>Lacombre a \u00ab\u00a0une carte \u00e0 jouer\u00a0\u00bb<\/p>\n<p>Voil\u00e0 pourquoi, comme convenu \u00e0 l\u2019avance entre les diff\u00e9rentes parties, le club a rappel\u00e9 cette semaine joueurs pr\u00eat\u00e9s \u00e0 Provence Rugby, \u00e0 savoir le pilier polyvalent Malachi Hawkes et le deuxi\u00e8me ligne Rapha\u00ebl Portat. Comme d\u2019autres jeunes, ils ont de fortes chances d\u2019int\u00e9grer une feuille de match d\u00e9munie d\u2019un deuxi\u00e8me talonneur de m\u00e9tier. M\u00eame si Hawkes peut d\u00e9panner \u00e0 ce poste, voire\u2026 Cyril Baille. Thomas Lacombre, qui portera le num\u00e9ro\u00a02, sait donc qu\u2019il sera attendu\u00a0: \u00ab\u00a0Mon poste fait que j\u2019ai des responsabilit\u00e9s, notamment en touche et en m\u00eal\u00e9e. C\u2019est une carte \u00e0 jouer. Je le vois comme une vraie chance. Je ne me mets pas de pression mais j\u2019aimerais bien faire une grosse performance.\u00a0\u00bb<\/p>\n<p>Sachant aussi que, comme Juan Cruz Mallia, Santiago Chocobares, Ange Capuozzo et Blair Kinghorn qui \u00e9taient en stage avec leurs s\u00e9lections respectives derri\u00e8re, Benjamin Bertrand et Efra\u00edn Elias (voire Tom\u00e1s Rapetti s\u2019il est retenu dans les vingt-trois samedi) ne sont revenus que ce jeudi matin \u00e0 Ernest-Wallon, et n\u2019auront qu\u2019une vraie s\u00e9ance collective dans les jambes. Forc\u00e9ment, cela fait beaucoup de handicaps \u00e0 surmonter \u00e0 l\u2019heure de d\u00e9fier un pack parisien qui a retrouv\u00e9 ses vertus d\u2019il y a deux ans, quand l\u2019\u00e9quipe de la capitale avait fini deuxi\u00e8me de la phase r\u00e9guli\u00e8re. Mais la tradition, \u00e0 Toulouse, c\u2019est de toujours s\u2019adapter\u2026<\/p>\n","protected":false},"excerpt":{"rendered":"Entre les internationaux prot\u00e9g\u00e9s et les bless\u00e9s, le pack toulousain sera Priv\u00e9 de treize joueurs pour d\u00e9fier le&hellip;\n","protected":false},"author":2,"featured_media":503978,"comment_status":"","ping_status":"","sticky":false,"template":"","format":"standard","meta":{"footnotes":""},"categories":[1416],"tags":[1011,27,479,1468,60],"class_list":{"0":"post-503977","1":"post","2":"type-post","3":"status-publish","4":"format-standard","5":"has-post-thumbnail","7":"category-rugby","8":"tag-fr","9":"tag-france","10":"tag-rugby","11":"tag-rugby-football","12":"tag-sports"},"share_on_mastodon":{"url":"https:\/\/pubeurope.com\/@fr\/115473124156503207","error":""},"_links":{"self":[{"href":"https:\/\/www.europesays.com\/fr\/wp-json\/wp\/v2\/posts\/503977","targetHints":{"allow":["GET"]}}],"collection":[{"href":"https:\/\/www.europesays.com\/fr\/wp-json\/wp\/v2\/posts"}],"about":[{"href":"https:\/\/www.europesays.com\/fr\/wp-json\/wp\/v2\/types\/post"}],"author":[{"embeddable":true,"href":"https:\/\/www.europesays.com\/fr\/wp-json\/wp\/v2\/users\/2"}],"replies":[{"embeddable":true,"href":"https:\/\/www.europesays.com\/fr\/wp-json\/wp\/v2\/comments?post=503977"}],"version-history":[{"count":0,"href":"https:\/\/www.europesays.com\/fr\/wp-json\/wp\/v2\/posts\/503977\/revisions"}],"wp:featuredmedia":[{"embeddable":true,"href":"https:\/\/www.europesays.com\/fr\/wp-json\/wp\/v2\/media\/503978"}],"wp:attachment":[{"href":"https:\/\/www.europesays.com\/fr\/wp-json\/wp\/v2\/media?parent=503977"}],"wp:term":[{"taxonomy":"category","embeddable":true,"href":"https:\/\/www.europesays.com\/fr\/wp-json\/wp\/v2\/categories?post=503977"},{"taxonomy":"post_tag","embeddable":true,"href":"https:\/\/www.europesays.com\/fr\/wp-json\/wp\/v2\/tags?post=503977"}],"curies":[{"name":"wp","href":"https:\/\/api.w.org\/{rel}","templated":true}]}}