{"id":503980,"date":"2025-11-01T06:57:12","date_gmt":"2025-11-01T06:57:12","guid":{"rendered":"https:\/\/www.europesays.com\/fr\/503980\/"},"modified":"2025-11-01T06:57:12","modified_gmt":"2025-11-01T06:57:12","slug":"cyclisme-interview-pascal-chanteur-quest-ce-quon-fait-pour-la-securite-des-coureurs","status":"publish","type":"post","link":"https:\/\/www.europesays.com\/fr\/503980\/","title":{"rendered":"Cyclisme. INTERVIEW &#8211; Pascal Chanteur: \u00abQu&rsquo;est-ce qu&rsquo;on fait pour la s\u00e9curit\u00e9 des coureurs ?\u00bb"},"content":{"rendered":"<p> Lire la suite de l&rsquo;article&#13;<\/p>\n<p>\u00a0<\/p>\n<p>&#13;<br \/>\n\u00ab\u00a0L&rsquo;UNCP\u00a0est comparable dans son fonctionnement \u00e0 la CGT ou la CFDT, mais sans&#8230;\u00a0\u00bb&#13;<\/p>\n<p><strong>Bonjour Pascal Chanteur, merci de nous accorder cette interview pour Cyclism\u2019Actu. Pour commencer, pour ceux qui ne vous connaissent pas, pouvez-vous nous dire ce que vous faites aujourd\u2019hui ?<\/strong><\/p>\n<p>&#13;<\/p>\n<p>Merci \u00e0 vous pour l\u2019invitation. Bonjour \u00e0 toutes et \u00e0 tous. J\u2019ai \u00e9t\u00e9 coureur professionnel pendant onze ans, de 1991 \u00e0 2001. Ce furent des ann\u00e9es formidables, dans un m\u00e9tier passionnant, exigeant mais passionnant.\u00a0Apr\u00e8s ma carri\u00e8re, j\u2019ai souhait\u00e9 continuer \u00e0 m\u2019impliquer dans le cyclisme, comme je le faisais d\u00e9j\u00e0 \u00e0 l\u2019\u00e9poque, au sein du syndicat des coureurs. Je pense qu\u2019il est essentiel de participer activement \u00e0 la vie de sa profession. Le m\u00e9tier de coureur, ce n\u2019est pas seulement appuyer sur les p\u00e9dales. C\u2019est aussi comprendre, faire \u00e9voluer et d\u00e9fendre ce qui entoure le quotidien des cyclistes, surtout aujourd\u2019hui o\u00f9 la professionnalisation s\u2019est encore renforc\u00e9e.<\/p>\n<p>&#13;<\/p>\n<p>\u00a0<\/p>\n<p>&#13;<\/p>\n<p><strong>Vous \u00eates donc aujourd\u2019hui pr\u00e9sident de l\u2019UNCP. Pouvez-vous nous rappeler ce qu\u2019est cette organisation et quelles sont ses missions ?<\/strong><\/p>\n<p>&#13;<\/p>\n<p>Effectivement, je pr\u00e9side l\u2019UNCP, l\u2019Union Nationale des Coureurs Cyclistes Professionnels. Je ne suis pas seul : Jean-Claude Cucherat, Xavier Jan, Christophe Agnoluto ou encore Carlos Da Cruz y participent activement.\u00a0L\u2019UNCP, c\u2019est le premier syndicat de sportifs professionnels cr\u00e9\u00e9 en France, fond\u00e9 il y a plus de 70 ans par Jean et Louison Bobet, avant m\u00eame celui des footballeurs. Notre r\u00f4le est simple : accompagner et soutenir les coureurs pendant et apr\u00e8s leur carri\u00e8re. Cela passe par des conseils juridiques, fiscaux, m\u00e9dicaux, ou encore par un appui dans leurs d\u00e9marches administratives et leur reconversion.\u00a0C\u2019est un vrai syndicat professionnel, comparable dans son fonctionnement \u00e0 la CGT ou la CFDT, mais sans aucune connotation politique. Nous travaillons main dans la main avec les \u00e9quipes, les organisateurs et les institutions, parfois avec des d\u00e9saccords, mais toujours dans un climat de dialogue et de respect mutuel.<\/p>\n<p>&#13;<\/p>\n<p>\u00a0<\/p>\n<p>&#13;<\/p>\n<p><strong>Et quelle est la diff\u00e9rence entre l\u2019UNCP et le CPA, le syndicat international ?<\/strong><\/p>\n<p>&#13;<\/p>\n<p>L\u2019UNCP agit au niveau national. Nous travaillons avec les \u00e9quipes fran\u00e7aises. Nous collaborons au sein de la Ligue sur diff\u00e9rents dossiers, notamment en commission paritaire, o\u00f9 employeurs et repr\u00e9sentants des coureurs \u00e9changent pour am\u00e9liorer le quotidien de la profession. Le CPA, lui, est la structure internationale pr\u00e9sid\u00e9e par Adam Hansen. J\u2019y si\u00e8ge comme vice-pr\u00e9sident, aux c\u00f4t\u00e9s de Xavier Jan, tr\u00e9sorier.\u00a0L\u2019UNCP y dispose de deux si\u00e8ges : c\u2019est par ce biais que nous faisons remonter les probl\u00e8mes rencontr\u00e9s par les coureurs fran\u00e7ais au niveau mondial, que ce soit aupr\u00e8s de l\u2019UCI, des \u00e9quipes via l\u2019AIGCP, ou des organisateurs repr\u00e9sent\u00e9s par l\u2019AIOCC.<\/p>\n<p>&#13;<\/p>\n<p style=\"text-align: center;\">\n<p>&#13;<\/p>\n<p>\u00a0<\/p>\n<p>&#13;<br \/>\n\u00ab\u00a0Les braquets limit\u00e9s&#8230; de la frustration\u00a0\u00bb&#13;<\/p>\n<p><strong>L\u2019un des sujets majeurs aujourd\u2019hui, c\u2019est la s\u00e9curit\u00e9. Comment travaillez-vous sur ce point, en France comme \u00e0 l\u2019international ?<\/strong><\/p>\n<p>&#13;<\/p>\n<p>En France, nous si\u00e9geons au sein de la Ligue, notamment dans la commission de s\u00e9curit\u00e9. Avant chaque p\u00e9riode de courses, nous auditons les \u00e9preuves \u00e0 venir afin d\u2019identifier d\u2019\u00e9ventuels probl\u00e8mes. L\u2019id\u00e9e est de pr\u00e9venir plut\u00f4t que de r\u00e9agir apr\u00e8s un drame. Au niveau international, nous collaborons avec SafeR, l\u2019organisme ind\u00e9pendant mis en place par l\u2019UCI pour identifier les failles de s\u00e9curit\u00e9. Mais je le dis souvent : trop d\u2019actions sont encore r\u00e9actives. On avance, certes, mais il faut aller plus vite. Nous avons obtenu plusieurs avanc\u00e9es : l\u2019homologation des barri\u00e8res inclin\u00e9es sur les arriv\u00e9es, ou encore la normalisation mondiale de la signal\u00e9tique de s\u00e9curit\u00e9 (les panneaux seront d\u00e9sormais identiques partout, du Japon \u00e0 l\u2019Am\u00e9rique du Sud). C\u2019est un progr\u00e8s essentiel pour les coureurs. Concernant le mat\u00e9riel, le cyclisme \u00e9volue tr\u00e8s vite. Nous devons l\u00e9gif\u00e9rer pour que les innovations technologiques ne mettent pas la s\u00e9curit\u00e9 en danger. C\u2019est pour cela, par exemple, que nous avons voulu tester les braquets limit\u00e9s.<\/p>\n<p>&#13;<\/p>\n<p>\u00a0<\/p>\n<p>&#13;<\/p>\n<p><strong>Justement, ce test avait \u00e9t\u00e9 pr\u00e9vu sur le Tour du Guangxi, avant d\u2019\u00eatre bloqu\u00e9 par une plainte de SRAM. Quelle est votre r\u00e9action ?<\/strong><\/p>\n<p>&#13;<\/p>\n<p>De la frustration, \u00e9videmment. Nous ne sommes pas l\u00e0 pour freiner le progr\u00e8s, mais pour garantir la s\u00e9curit\u00e9 des coureurs. Quand un industriel d\u00e9pose une plainte pour d\u00e9fendre ses int\u00e9r\u00eats \u00e9conomiques, on se retrouve pris en otage. Les innovations comme les freins \u00e0 disque, par exemple, ont des avantages, mais aussi des risques. En cas de chute collective, les disques peuvent devenir dangereux. Il faut en parler, pas le cacher. Ce que nous d\u00e9fendons, c\u2019est le principe que la s\u00e9curit\u00e9 doit toujours primer sur le business.<\/p>\n<p>&#13;<\/p>\n<blockquote class=\"twitter-tweet\" style=\"width:100%!important;max-width:550px!important;min-width:250px;height:500px;\"><p>&#13;<\/p>\n<p dir=\"ltr\" lang=\"fr\">Tour de Guangxi &#8211; Le test des braquets limit\u00e9s est suspendu\u2026 l\u2019UCI est m\u00e9contente <a href=\"https:\/\/twitter.com\/hashtag\/UCI?src=hash&amp;ref_src=twsrc%5Etfw\" target=\"_blank\" rel=\"noopener\">#UCI<\/a> <a href=\"https:\/\/twitter.com\/hashtag\/TOG2025?src=hash&amp;ref_src=twsrc%5Etfw\" target=\"_blank\" rel=\"noopener\">#TOG2025<\/a> <a href=\"https:\/\/twitter.com\/hashtag\/Guangxi?src=hash&amp;ref_src=twsrc%5Etfw\" target=\"_blank\" rel=\"noopener\">#Guangxi<\/a> <a href=\"https:\/\/twitter.com\/hashtag\/China?src=hash&amp;ref_src=twsrc%5Etfw\" target=\"_blank\" rel=\"noopener\">#China<\/a> <a href=\"https:\/\/twitter.com\/hashtag\/Safety?src=hash&amp;ref_src=twsrc%5Etfw\" target=\"_blank\" rel=\"noopener\">#Safety<\/a> <a href=\"https:\/\/twitter.com\/hashtag\/Test?src=hash&amp;ref_src=twsrc%5Etfw\" target=\"_blank\" rel=\"noopener\">#Test<\/a> <a href=\"https:\/\/twitter.com\/hashtag\/TV?src=hash&amp;ref_src=twsrc%5Etfw\" target=\"_blank\" rel=\"noopener\">#TV<\/a> <a href=\"https:\/\/t.co\/4sQ1A9yE28\">https:\/\/t.co\/4sQ1A9yE28<\/a><\/p>\n<p>&#13;<br \/>\n\u2014 Cyclism&rsquo;Actu (@cyclismactu) <a href=\"https:\/\/twitter.com\/cyclismactu\/status\/1977467379312365952?ref_src=twsrc%5Etfw\" target=\"_blank\" rel=\"noopener\">October 12, 2025<\/a><\/p><\/blockquote>\n<p>&#13;<br \/>\n&#13;<\/p>\n<p>\u00a0<\/p>\n<p>&#13;<br \/>\n\u00ab\u00a0On veille\u00a0au respect des contrats\u00a0\u00bb&#13;<\/p>\n<p><strong>Certains trouvent que les d\u00e9cisions sur la s\u00e9curit\u00e9 ou les sanctions manquent de rapidit\u00e9 ou de fermet\u00e9. Qu\u2019en pensez-vous ?<\/strong><\/p>\n<p>&#13;<\/p>\n<p>Je comprends cette impression. Moi aussi, j\u2019aimerais que les choses aillent plus vite. Mais dans le monde institutionnel, tout prend du temps : il faut cadrer juridiquement chaque d\u00e9cision, harmoniser les points de vue, trouver des financements. Malgr\u00e9 tout, les progr\u00e8s sont r\u00e9els. Beaucoup d\u2019organisateurs, y compris de petites courses, investissent de plus en plus dans la s\u00e9curit\u00e9 : tapis, barri\u00e8res, signal\u00e9tique, zones neutres. Un tapis de s\u00e9curit\u00e9 co\u00fbte plus de 150 euros, et il en faut parfois une centaine pour une course\u2026 Cela demande du temps et de l\u2019argent. Sur le plan r\u00e9glementaire, les cartons jaunes ont apport\u00e9 un premier cadre, m\u00eame si leur application reste perfectible. Certains jugements sont discutables, mais il faut aussi reconna\u00eetre la difficult\u00e9 du r\u00f4le des commissaires.<\/p>\n<p>&#13;<\/p>\n<p>\u00a0<\/p>\n<p>&#13;<\/p>\n<p><strong>Autre sujet sensible : la disparition d\u2019\u00e9quipes comme Ark\u00e9a ou la fusion Intermarch\u00e9-Lotto. Environ 60 coureurs se retrouvent sans contrat. Quel r\u00f4le joue l\u2019UNCP dans ce contexte ?<\/strong><\/p>\n<p>&#13;<\/p>\n<p>La situation est compliqu\u00e9e, et elle refl\u00e8te la conjoncture \u00e9conomique actuelle. Quand les entreprises r\u00e9duisent leurs budgets, le sport en souffre imm\u00e9diatement, car il d\u00e9pend du sponsoring. Notre r\u00f4le, d\u2019abord, est de veiller au respect des contrats de travail. Les coureurs sont salari\u00e9s en CDD : ces contrats doivent \u00eatre honor\u00e9s jusqu\u2019\u00e0 leur terme. Nous les accompagnons juridiquement si besoin.\u00a0Ensuite, nous les aidons dans leur reconversion. Tous les coureurs, qu\u2019ils soient en Conti, ProTeam ou WorldTour, peuvent b\u00e9n\u00e9ficier de formations. En novembre, nous organisons d\u2019ailleurs deux sessions destin\u00e9es aux n\u00e9o-pros. Cela existe depuis plus de dix ans et permet aux jeunes de conna\u00eetre leurs droits, leurs devoirs et de pr\u00e9parer l\u2019apr\u00e8s-carri\u00e8re.<\/p>\n<p><script async src=\"https:\/\/platform.twitter.com\/widgets.js\" charset=\"utf-8\"><\/script><\/p>\n","protected":false},"excerpt":{"rendered":"Lire la suite de l&rsquo;article&#13; \u00a0 &#13; \u00ab\u00a0L&rsquo;UNCP\u00a0est comparable dans son fonctionnement \u00e0 la CGT ou la CFDT,&hellip;\n","protected":false},"author":2,"featured_media":503981,"comment_status":"","ping_status":"","sticky":false,"template":"","format":"standard","meta":{"footnotes":""},"categories":[1411],"tags":[1154,207,211,1011,27,2173,209,60,210,212,208,213],"class_list":{"0":"post-503980","1":"post","2":"type-post","3":"status-publish","4":"format-standard","5":"has-post-thumbnail","7":"category-cyclisme","8":"tag-cycling","9":"tag-cyclisme","10":"tag-ffc","11":"tag-fr","12":"tag-france","13":"tag-interview","14":"tag-route","15":"tag-sports","16":"tag-tour-de-france","17":"tag-uci","18":"tag-velo","19":"tag-world-tour"},"share_on_mastodon":{"url":"https:\/\/pubeurope.com\/@fr\/115473143861150229","error":""},"_links":{"self":[{"href":"https:\/\/www.europesays.com\/fr\/wp-json\/wp\/v2\/posts\/503980","targetHints":{"allow":["GET"]}}],"collection":[{"href":"https:\/\/www.europesays.com\/fr\/wp-json\/wp\/v2\/posts"}],"about":[{"href":"https:\/\/www.europesays.com\/fr\/wp-json\/wp\/v2\/types\/post"}],"author":[{"embeddable":true,"href":"https:\/\/www.europesays.com\/fr\/wp-json\/wp\/v2\/users\/2"}],"replies":[{"embeddable":true,"href":"https:\/\/www.europesays.com\/fr\/wp-json\/wp\/v2\/comments?post=503980"}],"version-history":[{"count":0,"href":"https:\/\/www.europesays.com\/fr\/wp-json\/wp\/v2\/posts\/503980\/revisions"}],"wp:featuredmedia":[{"embeddable":true,"href":"https:\/\/www.europesays.com\/fr\/wp-json\/wp\/v2\/media\/503981"}],"wp:attachment":[{"href":"https:\/\/www.europesays.com\/fr\/wp-json\/wp\/v2\/media?parent=503980"}],"wp:term":[{"taxonomy":"category","embeddable":true,"href":"https:\/\/www.europesays.com\/fr\/wp-json\/wp\/v2\/categories?post=503980"},{"taxonomy":"post_tag","embeddable":true,"href":"https:\/\/www.europesays.com\/fr\/wp-json\/wp\/v2\/tags?post=503980"}],"curies":[{"name":"wp","href":"https:\/\/api.w.org\/{rel}","templated":true}]}}