{"id":503982,"date":"2025-11-01T06:58:12","date_gmt":"2025-11-01T06:58:12","guid":{"rendered":"https:\/\/www.europesays.com\/fr\/503982\/"},"modified":"2025-11-01T06:58:12","modified_gmt":"2025-11-01T06:58:12","slug":"om-mercato-une-recrue-estivale-deja-poussee-dehors","status":"publish","type":"post","link":"https:\/\/www.europesays.com\/fr\/503982\/","title":{"rendered":"OM Mercato : une recrue estivale d\u00e9j\u00e0 pouss\u00e9e dehors !"},"content":{"rendered":"<p><strong>Joueur de l\u2019OM depuis juillet dernier, Angel Gomes commence \u00e0 agacer, et les supporters s\u2019impatientent.<\/strong><\/p>\n<p>Arriv\u00e9 \u00e0 l\u2019Olympique de Marseille l\u2019\u00e9t\u00e9 dernier, Angel Gomes commence \u00e0 cristalliser la frustration du public phoc\u00e9en. Celui qui devait incarner la finesse technique et la cr\u00e9ativit\u00e9 du projet De Zerbi peine \u00e0 convaincre, au point que certains supporters r\u00e9clament d\u00e9j\u00e0 son d\u00e9part.<\/p>\n<p>Un d\u00e9but d\u2019aventure bien plus compliqu\u00e9 que pr\u00e9vu<\/p>\n<p>Pr\u00e9sent\u00e9 comme un milieu inspir\u00e9 capable d\u2019animer le jeu, l\u2019ancien joueur de Manchester United et du LOSC ne parvient pas \u00e0 retrouver l\u2019influence qu\u2019on lui connaissait dans le Nord. <a href=\"https:\/\/www.butfootballclub.fr\/622004-om-la-demi-volee-dangel-gomes-elue-but-du-mois-de-septembre-en-ligue-1\/\" rel=\"noreferrer noopener\" target=\"_blank\">Ses d\u00e9buts encourageants<\/a> laissaient entrevoir un r\u00f4le cl\u00e9 dans le collectif marseillais, mais la dynamique s\u2019est rapidement essouffl\u00e9e.<\/p>\n<p>Un rendement en berne<\/p>\n<p>Avec 11 matchs disput\u00e9s pour un seul but inscrit, Gomes ne p\u00e8se plus suffisamment sur le jeu. Son influence s\u2019efface au fil des rencontres, et <a href=\"https:\/\/www.butfootballclub.fr\/625499-om-de-zerbi-a-mis-un-gros-coup-de-pression-a-ses-joueurs-apres-angers\/\" rel=\"noreferrer noopener\" target=\"_blank\">sa sortie pr\u00e9matur\u00e9e \u00e0 la mi-temps face \u00e0 Angers<\/a> (2-2) mercredi a confirm\u00e9 une perte de confiance de la part du staff. Chez les supporters, la lassitude se fait d\u00e9j\u00e0 sentir, et les critiques s\u2019encha\u00eenent sur les r\u00e9seaux sociaux.<\/p>\n<blockquote class=\"wp-block-quote is-layout-flow wp-block-quote-is-layout-flow\">\n<p>\u201cAngel Gomes, ses performances sont encore insuffisantes. Il est trop neutre et n\u2019apporte rien au collectif. Il ralentit le jeu. Aucune acc\u00e9l\u00e9ration dans les transmissions, il ne donne pas de la vie aux collectifs.\u201d<\/p>\n<p>\u201cAngel Gomes, joueur le plus surcot\u00e9 de l\u2019effectif. Qu\u2019il parte en pr\u00eat cet hiver.\u201d<\/p>\n<p>\u201cAngel Gomes, si t\u2019as pas envie de porter notre maillot, casse-toi de notre club. J\u2019ai rarement vu une attitude aussi scandaleuse. On dirait qu\u2019on joue \u00e0 10.\u201d<\/p>\n<p>\u201cAngel Gomes est une fraude absolue. Non seulement il fait 1m12, il n\u2019a aucune puissance ni impact, et en plus il ne se distingue pas techniquement. Il sert \u00e0 rien.\u201d<\/p>\n<\/blockquote>\n<p>Des messages d\u2019une duret\u00e9 extr\u00eame, mais r\u00e9v\u00e9lateurs du climat autour du joueur. \u00c0 Marseille, nombreux sont les joueurs qui, faute d\u2019avoir convaincu rapidement, ont \u00e9t\u00e9 pri\u00e9s de plier bagage illico presto. La Canebi\u00e8re, o\u00f9 la passion ne laisse aucune place \u00e0 la demi-mesure, risque de ne pas attendre le printemps pour tourner la page.<\/p>\n","protected":false},"excerpt":{"rendered":"Joueur de l\u2019OM depuis juillet dernier, Angel Gomes commence \u00e0 agacer, et les supporters s\u2019impatientent. Arriv\u00e9 \u00e0 l\u2019Olympique&hellip;\n","protected":false},"author":2,"featured_media":503983,"comment_status":"","ping_status":"","sticky":false,"template":"","format":"standard","meta":{"footnotes":""},"categories":[1410],"tags":[11,448,63,1011,27,66,3388,12,60,10662],"class_list":{"0":"post-503982","1":"post","2":"type-post","3":"status-publish","4":"format-standard","5":"has-post-thumbnail","7":"category-football","8":"tag-actualites","9":"tag-champions-league","10":"tag-football","11":"tag-fr","12":"tag-france","13":"tag-ligue-1","14":"tag-matchs","15":"tag-news","16":"tag-sports","17":"tag-transferts"},"share_on_mastodon":{"url":"https:\/\/pubeurope.com\/@fr\/115473147986392884","error":""},"_links":{"self":[{"href":"https:\/\/www.europesays.com\/fr\/wp-json\/wp\/v2\/posts\/503982","targetHints":{"allow":["GET"]}}],"collection":[{"href":"https:\/\/www.europesays.com\/fr\/wp-json\/wp\/v2\/posts"}],"about":[{"href":"https:\/\/www.europesays.com\/fr\/wp-json\/wp\/v2\/types\/post"}],"author":[{"embeddable":true,"href":"https:\/\/www.europesays.com\/fr\/wp-json\/wp\/v2\/users\/2"}],"replies":[{"embeddable":true,"href":"https:\/\/www.europesays.com\/fr\/wp-json\/wp\/v2\/comments?post=503982"}],"version-history":[{"count":0,"href":"https:\/\/www.europesays.com\/fr\/wp-json\/wp\/v2\/posts\/503982\/revisions"}],"wp:featuredmedia":[{"embeddable":true,"href":"https:\/\/www.europesays.com\/fr\/wp-json\/wp\/v2\/media\/503983"}],"wp:attachment":[{"href":"https:\/\/www.europesays.com\/fr\/wp-json\/wp\/v2\/media?parent=503982"}],"wp:term":[{"taxonomy":"category","embeddable":true,"href":"https:\/\/www.europesays.com\/fr\/wp-json\/wp\/v2\/categories?post=503982"},{"taxonomy":"post_tag","embeddable":true,"href":"https:\/\/www.europesays.com\/fr\/wp-json\/wp\/v2\/tags?post=503982"}],"curies":[{"name":"wp","href":"https:\/\/api.w.org\/{rel}","templated":true}]}}