{"id":503986,"date":"2025-11-01T07:00:33","date_gmt":"2025-11-01T07:00:33","guid":{"rendered":"https:\/\/www.europesays.com\/fr\/503986\/"},"modified":"2025-11-01T07:00:33","modified_gmt":"2025-11-01T07:00:33","slug":"les-contemplatifs-de-lephemere-ferment-la-porte-de-leur-atelier-galerie-de-vannes","status":"publish","type":"post","link":"https:\/\/www.europesays.com\/fr\/503986\/","title":{"rendered":"Les contemplatifs de l\u2019\u00e9ph\u00e9m\u00e8re ferment la porte de leur atelier galerie de Vannes"},"content":{"rendered":"<p>Amandine Mettier, artiste plasticienne, et Jimmy Mettier, photographe, ont install\u00e9 leur atelier galerie en avril 2022 et, apr\u00e8s trois ans et demi d\u2019aventures artistiques et humaines, ils quittent ce lieu de travail pour un autre horizon.<\/p>\n<p>Les cr\u00e9ations d\u2019Amandine sont centr\u00e9es sur la nature et le vivant, le fil conducteur de son travail \u00e9tant la \u00ab\u00a0contemplation du moment pr\u00e9sent\u00a0\u00bb. L\u2019\u00e9ph\u00e9m\u00e8re est pour elle synonyme d\u2019une courte dur\u00e9e, ce qui lui rend d\u2019autant plus pr\u00e9cieux l\u2019instant pr\u00e9sent dans lequel elle ancre son travail artistique.<\/p>\n<p>L\u2019\u0153il du photographe<\/p>\n<p>Jimmy exerce son \u0153il de photographe sur la nature qui l\u2019entoure, ses cr\u00e9ations sont li\u00e9es aux territoires environnants, comme ses photographies de la c\u00f4te sauvage, ses images florales, son travail de la gravure et d\u2019encre de Chine. Il a r\u00e9alis\u00e9 dans son atelier galerie des portraits au collodion et effectu\u00e9 des d\u00e9monstrations de cette technique ancienne (1850), riche de caract\u00e8re.<\/p>\n<p>Une vingtaine d\u2019artistes accueillis<\/p>\n<p>Les contemplatifs \u00e9ph\u00e9m\u00e8res ont accueilli une vingtaine d\u2019artistes invit\u00e9s pluridisciplinaires, d\u2019ici et d\u2019ailleurs, autant d\u2019expositions et de rencontres autour de l\u2019art, de la nature et du vivant comme la peinture, la c\u00e9ramique, la gravure\u2026<\/p>\n<p>La fermeture de ce lieu marque la fin d\u2019un cycle, et l\u2019ouverture d\u2019un nouveau chapitre. Le duo d\u2019artistes choisit de poursuivre sa d\u00e9marche artistique sous d\u2019autres formes, dans l\u2019intime, plus libres et proches de leurs cr\u00e9ations personnelles.<\/p>\n<p>Pour la suite, il y a d\u00e9j\u00e0 des rendez-vous pr\u00e9vus\u00a0: Amandine exposera en novembre \u00e0 Vannes sa cr\u00e9ation \u00ab\u00a0Effleurer le papier\u00a0\u00bb, une s\u00e9rie d\u2019encres de Chine florales qui sera expos\u00e9e dans un lieu de soins.<\/p>\n<p><b>Pratique<\/b><\/p>\n","protected":false},"excerpt":{"rendered":"Amandine Mettier, artiste plasticienne, et Jimmy Mettier, photographe, ont install\u00e9 leur atelier galerie en avril 2022 et, apr\u00e8s&hellip;\n","protected":false},"author":2,"featured_media":503987,"comment_status":"","ping_status":"","sticky":false,"template":"","format":"standard","meta":{"footnotes":""},"categories":[1358],"tags":[1348,1384,1385,62614,1386,58,59,1011,27,3165],"class_list":{"0":"post-503986","1":"post","2":"type-post","3":"status-publish","4":"format-standard","5":"has-post-thumbnail","7":"category-arts-et-design","8":"tag-arts","9":"tag-arts-and-design","10":"tag-arts-et-design","11":"tag-commerces-pays-de-vannes","12":"tag-design","13":"tag-divertissement","14":"tag-entertainment","15":"tag-fr","16":"tag-france","17":"tag-vannes"},"share_on_mastodon":{"url":"https:\/\/pubeurope.com\/@fr\/115473155521706691","error":""},"_links":{"self":[{"href":"https:\/\/www.europesays.com\/fr\/wp-json\/wp\/v2\/posts\/503986","targetHints":{"allow":["GET"]}}],"collection":[{"href":"https:\/\/www.europesays.com\/fr\/wp-json\/wp\/v2\/posts"}],"about":[{"href":"https:\/\/www.europesays.com\/fr\/wp-json\/wp\/v2\/types\/post"}],"author":[{"embeddable":true,"href":"https:\/\/www.europesays.com\/fr\/wp-json\/wp\/v2\/users\/2"}],"replies":[{"embeddable":true,"href":"https:\/\/www.europesays.com\/fr\/wp-json\/wp\/v2\/comments?post=503986"}],"version-history":[{"count":0,"href":"https:\/\/www.europesays.com\/fr\/wp-json\/wp\/v2\/posts\/503986\/revisions"}],"wp:featuredmedia":[{"embeddable":true,"href":"https:\/\/www.europesays.com\/fr\/wp-json\/wp\/v2\/media\/503987"}],"wp:attachment":[{"href":"https:\/\/www.europesays.com\/fr\/wp-json\/wp\/v2\/media?parent=503986"}],"wp:term":[{"taxonomy":"category","embeddable":true,"href":"https:\/\/www.europesays.com\/fr\/wp-json\/wp\/v2\/categories?post=503986"},{"taxonomy":"post_tag","embeddable":true,"href":"https:\/\/www.europesays.com\/fr\/wp-json\/wp\/v2\/tags?post=503986"}],"curies":[{"name":"wp","href":"https:\/\/api.w.org\/{rel}","templated":true}]}}