{"id":503990,"date":"2025-11-01T07:04:11","date_gmt":"2025-11-01T07:04:11","guid":{"rendered":"https:\/\/www.europesays.com\/fr\/503990\/"},"modified":"2025-11-01T07:04:11","modified_gmt":"2025-11-01T07:04:11","slug":"27es-nrj-music-awards-les-ex-eleves-de-la-star-academy-en-haut-du-palmares-le-telegramme","status":"publish","type":"post","link":"https:\/\/www.europesays.com\/fr\/503990\/","title":{"rendered":"27es NRJ Music Awards : les ex-\u00e9l\u00e8ves de la Star Academy en haut du palmar\u00e8s &#8211; Le T\u00e9l\u00e9gramme"},"content":{"rendered":"<ol>\n<li><a href=\"https:\/\/news.google.com\/rss\/articles\/CBMi1AFBVV95cUxNWWdia2hQUzVZb3ZxendQcEtaOEM5R2ItaHhDcm9VVU5aOGFvSHdGak1xd2Vpc0hHSEJMRFlvbXFFdjM3UjFVOWpFeEZwVGFkN1BBUkc3MzlqejNhQ1ZaMXVzN1FhLUlHcnRHZzRhWGZqUVpzaENoVy1MZ1ZIbHc0ZGM1dzRvcXVsNVhFQm95Y2pzOFBULVpUejlpTXBuOC1LTF95cWwyV1VaazVxbEVpM3FrQWlBNmp0UlNtTTlQYy1hZWlaaml0Wk5UMzZCUUhtS0MwTA?oc=5\" target=\"_blank\" rel=\"nofollow noopener\">27es NRJ Music Awards : les ex-\u00e9l\u00e8ves de la Star Academy en haut du palmar\u00e8s<\/a>&nbsp;&nbsp;Le T\u00e9l\u00e9gramme<\/li>\n<li><a href=\"https:\/\/news.google.com\/rss\/articles\/CBMiogJBVV95cUxOMUkxR1kxLUItVjMwdWhuR1J5WnIxRzRORzFsX3l2ajdNamdiUnFnSXlndnpmM3hCN2Y2c014ek9ya2RmNDVWblBST1lTdkdZd0VDd3pCYi1aZy03b1lNNWtIbTRGT1VPeGZoZUJ0SFNlZWx4cU5ITEJveFBhdms5TU94ZlVnaDl4cnlWd2FLUE1WcElmd2ZlMUl6N3FvT252d2hibzJaWkMzYklHX0NHR04yVGpDbnhOOVA2YWoyWGRkRWpUT2gxN2M4cC1fMGFRQUM2cVFaV0ZQYWZjbUQzd2x2THAwUnFndU9rcDFYb1d0SkZnVHhNTlBPelBJWE1jR3VhdGJzanA3SlVQUGV3QXdsa0d3VGxCX1hrTXdKWXhPdw?oc=5\" target=\"_blank\" rel=\"nofollow noopener\">NRJ Music Awards 2025 : Helena et les anciens de \u00ab Star Academy \u00bb, Ed Sheeran, Gims\u2026 ce qu\u2019il faut retenir de la soir\u00e9e<\/a>&nbsp;&nbsp;Le Parisien<\/li>\n<li><a href=\"https:\/\/news.google.com\/rss\/articles\/CBMiyAFBVV95cUxOZkVwY3lUaVJac2x2c0FqMmJiMmliZGxaZFBYdFI2T2Rfc3FiY25xaWpvTXpWZU9NaTNFVG5RTENUSndOdU1aZTFVUTNvYkp0TzIxTTBKQjVVZTdJZmVQeldyZFB4RUlZcnUzLWJXVFdyMEE5cWFPZWpZaHdaT3ZtcWRYRVJjMGcyN3o0U1NUMGZMc1hvS2FKbHpGWFBTSHA3TzY5S19BbmI2YkViVENheDI3QWUwUkR4WlNQdVRWc1NRUGdHbXpXVQ?oc=5\" target=\"_blank\" rel=\"nofollow noopener\">Artiste f\u00e9minine francophone et chanson de l\u2019ann\u00e9e: le triomphe d\u2019Helena aux NRJ Music Awards<\/a>&nbsp;&nbsp;7sur7.be<\/li>\n<li><a href=\"https:\/\/news.google.com\/rss\/articles\/CBMilgFBVV95cUxQdUo4YUtYb0tTYTdTd3FtZDBEY1VhcWRrNFRLelVJSnBneWk5YXlMMmRaMTlGclFwUllhWGgyN3hXTWp0MF9xVzFYOUo4S0R6a0M4WGstYXMwdFVZLWJVWGVEbkI2bEVhaHlpcWlWc20yQ21NemlhZWpfeWUyUHJkX1VKM0NMMFIxczhzWUY0RHQwUHIwTlE?oc=5\" target=\"_blank\" rel=\"nofollow noopener\">NRJ Music Awards 2025 (Partie 1) &#8211; NRJ Music Awards | TF1<\/a>&nbsp;&nbsp;TF1+<\/li>\n<li><a href=\"https:\/\/news.google.com\/rss\/articles\/CBMilwFBVV95cUxQQ0ZUZG5ianI4WlEyRzE1dkdtMW1BRnk0OTNoOGItUjJxQndpbi1NUHBTcUU5TWNOV1k4WWhfU3dwZHVfZVFkbmpqUWR5QlpJSy0yM0g1azFFX2lnZ256aWdqR3czVVFicEZzRFpIczJTNVJfQzBjbWVoMFkxNHc3aFBfaEt4TGlRU3pzQ3MxR2pvNHlmdWdB?oc=5\" target=\"_blank\" rel=\"nofollow noopener\">Les gagnants et r\u00e9sultats par cat\u00e9gories<\/a>&nbsp;&nbsp;NRJ<\/li>\n<\/ol>\n","protected":false},"excerpt":{"rendered":"27es NRJ Music Awards : les ex-\u00e9l\u00e8ves de la Star Academy en haut du palmar\u00e8s&nbsp;&nbsp;Le T\u00e9l\u00e9gramme NRJ Music&hellip;\n","protected":false},"author":2,"featured_media":503991,"comment_status":"","ping_status":"","sticky":false,"template":"","format":"standard","meta":{"footnotes":""},"categories":[1355],"tags":[11,251,872,58,765,59,1011,27,1361,873,973,18089],"class_list":{"0":"post-503990","1":"post","2":"type-post","3":"status-publish","4":"format-standard","5":"has-post-thumbnail","7":"category-musique","8":"tag-actualites","9":"tag-culture","10":"tag-culture-et-loisirs","11":"tag-divertissement","12":"tag-en-continu","13":"tag-entertainment","14":"tag-fr","15":"tag-france","16":"tag-music","17":"tag-musique","18":"tag-people","19":"tag-selection-showcase"},"share_on_mastodon":{"url":"https:\/\/pubeurope.com\/@fr\/115473171447706380","error":""},"_links":{"self":[{"href":"https:\/\/www.europesays.com\/fr\/wp-json\/wp\/v2\/posts\/503990","targetHints":{"allow":["GET"]}}],"collection":[{"href":"https:\/\/www.europesays.com\/fr\/wp-json\/wp\/v2\/posts"}],"about":[{"href":"https:\/\/www.europesays.com\/fr\/wp-json\/wp\/v2\/types\/post"}],"author":[{"embeddable":true,"href":"https:\/\/www.europesays.com\/fr\/wp-json\/wp\/v2\/users\/2"}],"replies":[{"embeddable":true,"href":"https:\/\/www.europesays.com\/fr\/wp-json\/wp\/v2\/comments?post=503990"}],"version-history":[{"count":0,"href":"https:\/\/www.europesays.com\/fr\/wp-json\/wp\/v2\/posts\/503990\/revisions"}],"wp:featuredmedia":[{"embeddable":true,"href":"https:\/\/www.europesays.com\/fr\/wp-json\/wp\/v2\/media\/503991"}],"wp:attachment":[{"href":"https:\/\/www.europesays.com\/fr\/wp-json\/wp\/v2\/media?parent=503990"}],"wp:term":[{"taxonomy":"category","embeddable":true,"href":"https:\/\/www.europesays.com\/fr\/wp-json\/wp\/v2\/categories?post=503990"},{"taxonomy":"post_tag","embeddable":true,"href":"https:\/\/www.europesays.com\/fr\/wp-json\/wp\/v2\/tags?post=503990"}],"curies":[{"name":"wp","href":"https:\/\/api.w.org\/{rel}","templated":true}]}}